{"id":30639,"date":"2022-03-09T15:45:31","date_gmt":"2022-03-09T15:45:31","guid":{"rendered":"https:\/\/ufrb.edu.br\/2022\/03\/09\/ufrb-lanca-edital-de-mobilidade-para-estudantes-da-ufba-ufob-ufsb-uefs-e-uneb\/"},"modified":"2022-03-09T15:45:31","modified_gmt":"2022-03-09T15:45:31","slug":"ufrb-lanca-edital-de-mobilidade-para-estudantes-da-ufba-ufob-ufsb-uefs-e-uneb","status":"publish","type":"post","link":"https:\/\/ufrb.edu.br\/portal\/noticias\/ufrb-lanca-edital-de-mobilidade-para-estudantes-da-ufba-ufob-ufsb-uefs-e-uneb\/","title":{"rendered":"UFRB lan\u00e7a edital de mobilidade para estudantes da UFBA, UFOB, UFSB, UEFS e UNEB"},"content":{"rendered":"<p><img loading=\"lazy\" decoding=\"async\" class=\" size-full wp-image-30628\" src=\"http:\/\/ufrb.edu.br\/wp-content\/uploads\/2022\/03\/mobilidade-virtual-feed-deb.png\" alt=\"\" width=\"1080\" height=\"1350\" srcset=\"https:\/\/ufrb.edu.br\/portal\/wp-content\/uploads\/sites\/5\/2022\/03\/mobilidade-virtual-feed-deb.png 1080w, https:\/\/ufrb.edu.br\/portal\/wp-content\/uploads\/sites\/5\/2022\/03\/mobilidade-virtual-feed-deb-240x300.png 240w, https:\/\/ufrb.edu.br\/portal\/wp-content\/uploads\/sites\/5\/2022\/03\/mobilidade-virtual-feed-deb-819x1024.png 819w, https:\/\/ufrb.edu.br\/portal\/wp-content\/uploads\/sites\/5\/2022\/03\/mobilidade-virtual-feed-deb-768x960.png 768w\" sizes=\"auto, (max-width: 1080px) 100vw, 1080px\" \/><\/p>\n<p>Os estudantes regularmente matriculados em cursos de gradua\u00e7\u00e3o da Universidade Federal da Bahia (UFBA), Universidade Federal do Oeste da Bahia (UFOB), Universidade Federal do Sul da Bahia (UFSB), Universidade Estadual de Feira de Santana (UEFS) e da Universidade do Estado da Bahia (UNEB) podem se inscrever no Programa de Mobilidade Acad\u00eamica em Componentes Curriculares e Atividades N\u00e3o Presenciais da Universidade Federal do Rec\u00f4ncavo da Bahia (UFRB), para o semestre letivo 2021.2. O in\u00edcio do semestre letivo 2021.2 est\u00e1 previsto para 11 de abril de 2022.<\/p>\n<p>O per\u00edodo de inscri\u00e7\u00e3o segue at\u00e9 21 de mar\u00e7o. Para se inscrever o estudante deve preencher o <a href=\"https:\/\/docs.google.com\/forms\/d\/e\/1FAIpQLSfrO-D9oYTcBVpa5AHYbh4WQYNclAcOLKEeN_zZ_-k58ObOOA\/viewform\" target=\"_blank\" rel=\"noopener\">formul\u00e1rio de inscri\u00e7\u00e3o<\/a>, no qual dever\u00e1 anexar arquivo \u00fanico em&nbsp;formato PDF com os documentos: Requerimento de inscri\u00e7\u00e3o devidamente preenchido e assinado (<a href=\"https:\/\/ufrb.edu.br\/nuprop\/images\/Formul%C3%A1rio_do_Plano_de_Estudos_-_MAV_2.docx\">clique para baixar<\/a>); Hist\u00f3rico Escolar oficial e atualizado; &nbsp;Comprovante de Matr\u00edcula no semestre em curso; e C\u00f3pia de documento de identifica\u00e7\u00e3o com foto e n\u00famero de CPF.<\/p>\n<p>Os estudos em mobilidade acad\u00eamica em atividades n\u00e3o presenciais n\u00e3o poder\u00e3o exceder 20% (vinte por cento) da carga hor\u00e1ria do curso de gradua\u00e7\u00e3o no qual o estudante est\u00e1 vinculado na institui\u00e7\u00e3o de origem. Enquanto durar a mobilidade acad\u00eamica em atividades n\u00e3o presenciais, o\/a estudante ter\u00e1 sua vaga assegurada no curso de gradua\u00e7\u00e3o ao qual est\u00e1 vinculado\/a na institui\u00e7\u00e3o de origem.<\/p>\n<p>Confira o&nbsp;<a href=\"https:\/\/ufrb.edu.br\/nuprop\/images\/Edital_Prograd_n_007-2022_Mobilidade_Virtual_2021.2_Assinado.pdf\" target=\"_blank\" rel=\"noopener\">Edital PROGRAD n\u00ba 007\/2022<\/a>.<\/p>\n<p>E-mail:&nbsp;<a href=\"mailto:nuprop@prograd.ufrb.edu.br\">nuprop@prograd.ufrb.edu.br<\/a>.<\/p>\n","protected":false},"excerpt":{"rendered":"<p>Os estudantes regularmente matriculados em cursos de gradua\u00e7\u00e3o da Universidade Federal da Bahia (UFBA), Universidade Federal do Oeste da Bahia (UFOB), Universidade Federal do Sul da Bahia (UFSB), Universidade Estadual de Feira de Santana (UEFS) e da Universidade do Estado da Bahia (UNEB) podem se inscrever no Programa de Mobilidade Acad\u00eamica em Componentes Curriculares e [&hellip;]<\/p>\n","protected":false},"author":1,"featured_media":30313,"comment_status":"closed","ping_status":"closed","sticky":false,"template":"","format":"standard","meta":{"_acf_changed":false,"footnotes":""},"categories":[8],"tags":[],"class_list":["post-30639","post","type-post","status-publish","format-standard","has-post-thumbnail","hentry","category-noticias"],"acf":[],"_links":{"self":[{"href":"https:\/\/ufrb.edu.br\/portal\/wp-json\/wp\/v2\/posts\/30639","targetHints":{"allow":["GET"]}}],"collection":[{"href":"https:\/\/ufrb.edu.br\/portal\/wp-json\/wp\/v2\/posts"}],"about":[{"href":"https:\/\/ufrb.edu.br\/portal\/wp-json\/wp\/v2\/types\/post"}],"author":[{"embeddable":true,"href":"https:\/\/ufrb.edu.br\/portal\/wp-json\/wp\/v2\/users\/1"}],"replies":[{"embeddable":true,"href":"https:\/\/ufrb.edu.br\/portal\/wp-json\/wp\/v2\/comments?post=30639"}],"version-history":[{"count":0,"href":"https:\/\/ufrb.edu.br\/portal\/wp-json\/wp\/v2\/posts\/30639\/revisions"}],"wp:featuredmedia":[{"embeddable":true,"href":"https:\/\/ufrb.edu.br\/portal\/wp-json\/wp\/v2\/media\/30313"}],"wp:attachment":[{"href":"https:\/\/ufrb.edu.br\/portal\/wp-json\/wp\/v2\/media?parent=30639"}],"wp:term":[{"taxonomy":"category","embeddable":true,"href":"https:\/\/ufrb.edu.br\/portal\/wp-json\/wp\/v2\/categories?post=30639"},{"taxonomy":"post_tag","embeddable":true,"href":"https:\/\/ufrb.edu.br\/portal\/wp-json\/wp\/v2\/tags?post=30639"}],"curies":[{"name":"wp","href":"https:\/\/api.w.org\/{rel}","templated":true}]}}