{"id":30701,"date":"2022-03-31T11:44:50","date_gmt":"2022-03-31T11:44:50","guid":{"rendered":"https:\/\/ufrb.edu.br\/2022\/03\/31\/ufrb-abre-inscricoes-para-residencia-profissional-em-ciencias-agrarias\/"},"modified":"2022-03-31T11:44:50","modified_gmt":"2022-03-31T11:44:50","slug":"ufrb-abre-inscricoes-para-residencia-profissional-em-ciencias-agrarias","status":"publish","type":"post","link":"https:\/\/ufrb.edu.br\/portal\/noticias\/ufrb-abre-inscricoes-para-residencia-profissional-em-ciencias-agrarias\/","title":{"rendered":"UFRB abre inscri\u00e7\u00f5es para Resid\u00eancia Profissional em Ci\u00eancias Agr\u00e1rias"},"content":{"rendered":"<p><img loading=\"lazy\" decoding=\"async\" class=\" size-full wp-image-30700\" src=\"http:\/\/ufrb.edu.br\/wp-content\/uploads\/2022\/03\/residencia-ca-feed-1-f41.png\" alt=\"\" width=\"1080\" height=\"1354\" srcset=\"https:\/\/ufrb.edu.br\/portal\/wp-content\/uploads\/sites\/5\/2022\/03\/residencia-ca-feed-1-f41.png 1080w, https:\/\/ufrb.edu.br\/portal\/wp-content\/uploads\/sites\/5\/2022\/03\/residencia-ca-feed-1-f41-239x300.png 239w, https:\/\/ufrb.edu.br\/portal\/wp-content\/uploads\/sites\/5\/2022\/03\/residencia-ca-feed-1-f41-817x1024.png 817w, https:\/\/ufrb.edu.br\/portal\/wp-content\/uploads\/sites\/5\/2022\/03\/residencia-ca-feed-1-f41-768x963.png 768w\" sizes=\"auto, (max-width: 1080px) 100vw, 1080px\" \/><\/p>\n<p>A Universidade Federal do Rec\u00f4ncavo da Bahia (UFRB) abre processo seletivo para o ingresso de alunos regulares no Programa de P\u00f3s-Gradua\u00e7\u00e3o em Resid\u00eancia Profissional em Ci\u00eancias Agr\u00e1rias, no n\u00edvel de Especializa\u00e7\u00e3o, para ingresso no primeiro semestre acad\u00eamico de 2022. S\u00e3o oferecidas 29 vagas regulares e 33 vagas de cadastro de reserva.<\/p>\n<p>Das vagas regulares, doze s\u00e3o destinadas para o sistema de cotas, cumprindo os percentuais de reserva para estudantes negras, quilombolas, ind\u00edgenas, pessoas trans (transg\u00eanero, transexuais e travestis) e pessoas com defici\u00eancia.<\/p>\n<p>O objetivo do curso \u00e9 apoiar a qualifica\u00e7\u00e3o t\u00e9cnica de rec\u00e9m-egressos de cursos de ci\u00eancias agr\u00e1rias e afins, por meio de treinamento pr\u00e1tico, supervisionado e orientado pela UFRB e realizado em Unidades Residentes.<\/p>\n<p>A inscri\u00e7\u00e3o dos interessados \u00e9 realizada por meio do <a href=\"https:\/\/sistemas.ufrb.edu.br\/sigaa\/public\/processo_seletivo\/lista.jsf?aba=p-processo&amp;nivel=L\">Sistema Integrado de Gest\u00e3o de Atividades Acad\u00eamicas (SIGAA)<\/a>, at\u00e9 o dia 14 de abril (<span style=\"background-color: #ffff00\">prorrogado at\u00e9 dia 25 de abril<\/span>).<\/p>\n<p>O curso de Especializa\u00e7\u00e3o em Resid\u00eancia Profissional em Ci\u00eancias Agr\u00e1rias \u00e9 na modalidade presencial e est\u00e1 fundamentado no Regime e na Pedagogia da Altern\u00e2ncia. As aulas do curso ocorrer\u00e3o \u00e0s sextas-feiras e aos s\u00e1bados, nos turnos manh\u00e3 e tarde, na forma de ensino remoto.<\/p>\n<p>Os alunos residentes selecionados receber\u00e3o bolsa no valor de R$1.200,00 durante 12 meses atrav\u00e9s do programa MAPA Resid\u00eancia.<\/p>\n<p>O curso est\u00e1 vinculado aos projetos \u2018Resid\u00eancia Profissional Agr\u00edcola em associa\u00e7\u00f5es e cooperativas da Agricultura Familiar vinculadas \u00e0 FETRAF \u2013 BA\u2019; \u2018Programa de Resid\u00eancia Profissional Agr\u00edcola em Sistemas de Produ\u00e7\u00e3o de Ruminantes na Bahia\u2019; \u2018Coopera\u00e7\u00e3o interinstitucional visando \u00e0 forma\u00e7\u00e3o acad\u00eamica e de rec\u00e9m-formados dos cursos de ci\u00eancias agr\u00e1rias do Rec\u00f4ncavo da Bahia atrav\u00e9s do programa de resid\u00eancia agr\u00edcola\u2019; \u2018Qualifica\u00e7\u00e3o profissional de jovens das ci\u00eancias agr\u00e1rias: produ\u00e7\u00e3o e comercializa\u00e7\u00e3o de alimentos em empreendimentos da agricultura familiar no estado da Bahia\u2019, e busca selecionar estudantes rec\u00e9m egressos de cursos de Ci\u00eancias Agr\u00e1rias e afins com perfil <a href=\"https:\/\/www2.ufrb.edu.br\/ppgrpca\/images\/sampledata\/fruitshop\/Processo_seletivo_\/processo_seletivo_001_2022\/Edital_2022_MAPA_300422.pdf\" target=\"_blank\" rel=\"noopener\">descrito no item 8, do edital<\/a> com o objetivo de preencher vagas aprovadas pela UFRB\/MAPA e criar cadastro de reserva.&nbsp;<\/p>\n<p>Confira o&nbsp;<a href=\"https:\/\/www2.ufrb.edu.br\/ppgrpca\/images\/sampledata\/fruitshop\/Processo_seletivo_\/processo_seletivo_001_2022\/MANUAL_DO_CANDIDATO_final.pdf\" target=\"_blank\" rel=\"noopener\">Manual do Candidato<\/a>&nbsp;e o&nbsp;<a href=\"https:\/\/www2.ufrb.edu.br\/ppgrpca\/images\/sampledata\/fruitshop\/Processo_seletivo_\/processo_seletivo_001_2022\/Edital_2022_MAPA_300422.pdf\" target=\"_blank\" rel=\"noopener\">Edital de Sele\u00e7\u00e3o n\u00ba 001\/2022<\/a>.<\/p>\n<p>Mais informa\u00e7\u00f5es: <a href=\"https:\/\/www2.ufrb.edu.br\/ppgrpca\/processo-seletivo-2022\">ufrb.edu.br\/ppgrpca\/processo-seletivo-2022<\/a>.<\/p>\n","protected":false},"excerpt":{"rendered":"<p>A Universidade Federal do Rec\u00f4ncavo da Bahia (UFRB) abre processo seletivo para o ingresso de alunos regulares no Programa de P\u00f3s-Gradua\u00e7\u00e3o em Resid\u00eancia Profissional em Ci\u00eancias Agr\u00e1rias, no n\u00edvel de Especializa\u00e7\u00e3o, para ingresso no primeiro semestre acad\u00eamico de 2022. S\u00e3o oferecidas 29 vagas regulares e 33 vagas de cadastro de reserva. Das vagas regulares, doze [&hellip;]<\/p>\n","protected":false},"author":1,"featured_media":30699,"comment_status":"closed","ping_status":"closed","sticky":false,"template":"","format":"standard","meta":{"_acf_changed":false,"footnotes":""},"categories":[8],"tags":[],"class_list":["post-30701","post","type-post","status-publish","format-standard","has-post-thumbnail","hentry","category-noticias"],"acf":[],"_links":{"self":[{"href":"https:\/\/ufrb.edu.br\/portal\/wp-json\/wp\/v2\/posts\/30701","targetHints":{"allow":["GET"]}}],"collection":[{"href":"https:\/\/ufrb.edu.br\/portal\/wp-json\/wp\/v2\/posts"}],"about":[{"href":"https:\/\/ufrb.edu.br\/portal\/wp-json\/wp\/v2\/types\/post"}],"author":[{"embeddable":true,"href":"https:\/\/ufrb.edu.br\/portal\/wp-json\/wp\/v2\/users\/1"}],"replies":[{"embeddable":true,"href":"https:\/\/ufrb.edu.br\/portal\/wp-json\/wp\/v2\/comments?post=30701"}],"version-history":[{"count":0,"href":"https:\/\/ufrb.edu.br\/portal\/wp-json\/wp\/v2\/posts\/30701\/revisions"}],"wp:featuredmedia":[{"embeddable":true,"href":"https:\/\/ufrb.edu.br\/portal\/wp-json\/wp\/v2\/media\/30699"}],"wp:attachment":[{"href":"https:\/\/ufrb.edu.br\/portal\/wp-json\/wp\/v2\/media?parent=30701"}],"wp:term":[{"taxonomy":"category","embeddable":true,"href":"https:\/\/ufrb.edu.br\/portal\/wp-json\/wp\/v2\/categories?post=30701"},{"taxonomy":"post_tag","embeddable":true,"href":"https:\/\/ufrb.edu.br\/portal\/wp-json\/wp\/v2\/tags?post=30701"}],"curies":[{"name":"wp","href":"https:\/\/api.w.org\/{rel}","templated":true}]}}