{"id":30719,"date":"2022-04-05T11:50:22","date_gmt":"2022-04-05T11:50:22","guid":{"rendered":"https:\/\/ufrb.edu.br\/2022\/04\/05\/ufrb-oferta-750-vagas-para-estudantes-do-ensino-medio-no-universidade-para-todos\/"},"modified":"2022-04-05T11:50:22","modified_gmt":"2022-04-05T11:50:22","slug":"ufrb-oferta-750-vagas-para-estudantes-do-ensino-medio-no-universidade-para-todos","status":"publish","type":"post","link":"https:\/\/ufrb.edu.br\/portal\/noticias\/ufrb-oferta-750-vagas-para-estudantes-do-ensino-medio-no-universidade-para-todos\/","title":{"rendered":"UFRB oferta 750 vagas para estudantes do ensino m\u00e9dio no &#8216;Universidade para Todos&#8217;"},"content":{"rendered":"<p><img loading=\"lazy\" decoding=\"async\" class=\" size-full wp-image-29900\" src=\"http:\/\/ufrb.edu.br\/wp-content\/uploads\/2021\/04\/upt-ufrb-feed-ff7.png\" alt=\"\" width=\"1080\" height=\"1080\" srcset=\"https:\/\/ufrb.edu.br\/portal\/wp-content\/uploads\/sites\/5\/2021\/04\/upt-ufrb-feed-ff7.png 1080w, https:\/\/ufrb.edu.br\/portal\/wp-content\/uploads\/sites\/5\/2021\/04\/upt-ufrb-feed-ff7-300x300.png 300w, https:\/\/ufrb.edu.br\/portal\/wp-content\/uploads\/sites\/5\/2021\/04\/upt-ufrb-feed-ff7-1024x1024.png 1024w, https:\/\/ufrb.edu.br\/portal\/wp-content\/uploads\/sites\/5\/2021\/04\/upt-ufrb-feed-ff7-150x150.png 150w, https:\/\/ufrb.edu.br\/portal\/wp-content\/uploads\/sites\/5\/2021\/04\/upt-ufrb-feed-ff7-768x768.png 768w\" sizes=\"auto, (max-width: 1080px) 100vw, 1080px\" \/><\/p>\n<p>A Universidade Federal do Rec\u00f4ncavo da Bahia (UFRB) oferta 750 vagas no programa Universidade para Todos (UPT) para o ano de 2022, destinado ao fortalecimento das aprendizagens e prepara\u00e7\u00e3o dos estudantes concluintes e egressos da Rede P\u00fablica de Ensino Estadual e\/ou Municipal do Estado da Bahia, para os processos seletivos de ingresso ao ensino superior. Ao todo, o UPT oferece 15 mil vagas.<\/p>\n<p>A UFRB ofertar\u00e1 turmas nas cidades de&nbsp;Amargosa, Brej\u00f5es, Cachoeira, Castro Alves, Cruz das Almas, El\u00edsio Medrado, Governador Mangabeira, Muritib,a Santo Amaro, S\u00e3o F\u00e9lix e Sapea\u00e7u.<\/p>\n<p>As inscri\u00e7\u00f5es ficar\u00e3o abertas de 12 a 22 de abril, no<a href=\"http:\/\/educacao.ba.gov.br\/\">&nbsp;site da Secretaria de Educa\u00e7\u00e3o<\/a>.&nbsp;N\u00e3o ser\u00e1 cobrada taxa de inscri\u00e7\u00e3o para a sele\u00e7\u00e3o. No ato da inscri\u00e7\u00e3o, o candidato dever\u00e1 preencher integralmente o formul\u00e1rio de inscri\u00e7\u00e3o, fazendo op\u00e7\u00e3o para um \u00fanico Munic\u00edpio, local de funcionamento e turno que deseja cursar.<\/p>\n<p>O candidato informar\u00e1, obrigatoriamente, o n\u00famero do seu Cadastro de Pessoa F\u00edsica (CPF) e criar\u00e1 uma senha de 6 a 8 d\u00edgitos, o que dar\u00e1 origem a um nome de usu\u00e1rio para acesso ao endere\u00e7o de inscri\u00e7\u00e3o.<\/p>\n<p>Podem concorrer a uma vaga o estudante que estiver regularmente matriculado, em 2022, no 3\u00ba ano do ensino m\u00e9dio regular estadual ou municipal ou suas modalidades correspondentes, ou no 4\u00ba ano da Educa\u00e7\u00e3o Profissional Integrada ao Ensino M\u00e9dio estadual ou municipal. Egressos do Ensino M\u00e9dio estadual ou municipal do Estado da Bahia tamb\u00e9m pode se inscrever.<\/p>\n<p>O programa Universidade Para Todos \u00e9 coordenado pela Secretaria de Educa\u00e7\u00e3o do Estado da Bahia (SEC) e executado em parceria com as Universidades P\u00fablicas: Universidade Estadual de Feira de Santana (Uefs), Universidade Estadual do Sudoeste da Bahia (Uesb), Universidade Estadual de Santa Cruz (Uesc), Universidade do Estado da Bahia (Uneb) e Universidade Federal do Rec\u00f4ncavo da Bahia (UFRB).<\/p>\n<p><strong>Aulas presenciais<\/strong><\/p>\n<p>As aulas preparat\u00f3rias para os vestibulares e para o Enem ser\u00e3o presenciais. O curso preparat\u00f3rio ter\u00e1 dura\u00e7\u00e3o m\u00ednima de seis meses. As aulas v\u00e3o abordar os componentes curriculares, por \u00e1rea de conhecimento, buscando desenvolver habilidades e compet\u00eancias dos estudantes que disputar\u00e3o uma vaga na universidade.<\/p>\n<p>A sele\u00e7\u00e3o dos interessados levar\u00e1 em conta o aproveitamento escolar dos candidatos resultante do c\u00e1lculo das m\u00e9dias finais obtidas nas disciplinas de L\u00edngua Portuguesa e Matem\u00e1tica, transcritas pelo candidato no ato da inscri\u00e7\u00e3o. No caso de estudantes do terceiro ano, as notas a seres usadas ser\u00e3o as do 2\u00ba ano, e os estudantes do 4\u00ba ano ir\u00e3o informar as notas do 3\u00ba ano.<\/p>\n<p>O candidato contemplado e convocado para o Programa Universidade para Todos, efetuar\u00e1 sua matr\u00edcula na data a ser definida pela SEC em conjunto com as universidades parceiras, e ser\u00e1 realizada presencial no turno e no local que o candidato optou para cursar e divulgado amplamente pelas Universidades e no site da Secretaria da Educa\u00e7\u00e3o do Estado da Bahia, e nos meios de comunica\u00e7\u00e3o.<\/p>\n<p>Confira o&nbsp;<a href=\"http:\/\/ufrb.edu.br\/wp-content\/uploads\/2022\/04\/edital_upt-a50.pdf\" target=\"_blank\" rel=\"noopener\">Edital&nbsp;SEC N\u00ba 07\/2022<\/a>.<\/p>\n","protected":false},"excerpt":{"rendered":"<p>A Universidade Federal do Rec\u00f4ncavo da Bahia (UFRB) oferta 750 vagas no programa Universidade para Todos (UPT) para o ano de 2022, destinado ao fortalecimento das aprendizagens e prepara\u00e7\u00e3o dos estudantes concluintes e egressos da Rede P\u00fablica de Ensino Estadual e\/ou Municipal do Estado da Bahia, para os processos seletivos de ingresso ao ensino superior. [&hellip;]<\/p>\n","protected":false},"author":1,"featured_media":29899,"comment_status":"closed","ping_status":"closed","sticky":false,"template":"","format":"standard","meta":{"_acf_changed":false,"footnotes":""},"categories":[8],"tags":[],"class_list":["post-30719","post","type-post","status-publish","format-standard","has-post-thumbnail","hentry","category-noticias"],"acf":[],"_links":{"self":[{"href":"https:\/\/ufrb.edu.br\/portal\/wp-json\/wp\/v2\/posts\/30719","targetHints":{"allow":["GET"]}}],"collection":[{"href":"https:\/\/ufrb.edu.br\/portal\/wp-json\/wp\/v2\/posts"}],"about":[{"href":"https:\/\/ufrb.edu.br\/portal\/wp-json\/wp\/v2\/types\/post"}],"author":[{"embeddable":true,"href":"https:\/\/ufrb.edu.br\/portal\/wp-json\/wp\/v2\/users\/1"}],"replies":[{"embeddable":true,"href":"https:\/\/ufrb.edu.br\/portal\/wp-json\/wp\/v2\/comments?post=30719"}],"version-history":[{"count":0,"href":"https:\/\/ufrb.edu.br\/portal\/wp-json\/wp\/v2\/posts\/30719\/revisions"}],"wp:featuredmedia":[{"embeddable":true,"href":"https:\/\/ufrb.edu.br\/portal\/wp-json\/wp\/v2\/media\/29899"}],"wp:attachment":[{"href":"https:\/\/ufrb.edu.br\/portal\/wp-json\/wp\/v2\/media?parent=30719"}],"wp:term":[{"taxonomy":"category","embeddable":true,"href":"https:\/\/ufrb.edu.br\/portal\/wp-json\/wp\/v2\/categories?post=30719"},{"taxonomy":"post_tag","embeddable":true,"href":"https:\/\/ufrb.edu.br\/portal\/wp-json\/wp\/v2\/tags?post=30719"}],"curies":[{"name":"wp","href":"https:\/\/api.w.org\/{rel}","templated":true}]}}