{"id":31076,"date":"2022-08-02T12:35:41","date_gmt":"2022-08-02T12:35:41","guid":{"rendered":"https:\/\/ufrb.edu.br\/2022\/08\/02\/ufrb-oferta-745-vagas-de-graduacao-para-transferencia-interna-no-semestre-2022-1\/"},"modified":"2022-08-02T12:35:41","modified_gmt":"2022-08-02T12:35:41","slug":"ufrb-oferta-745-vagas-de-graduacao-para-transferencia-interna-no-semestre-2022-1","status":"publish","type":"post","link":"https:\/\/ufrb.edu.br\/portal\/noticias\/ufrb-oferta-745-vagas-de-graduacao-para-transferencia-interna-no-semestre-2022-1\/","title":{"rendered":"UFRB oferta 745 vagas de gradua\u00e7\u00e3o para transfer\u00eancia interna no semestre 2022.1"},"content":{"rendered":"<p><img loading=\"lazy\" decoding=\"async\" class=\" size-full wp-image-31074\" src=\"http:\/\/ufrb.edu.br\/wp-content\/uploads\/2022\/08\/transferencia-interna-feed-726.png\" alt=\"\" width=\"1080\" height=\"1350\" srcset=\"https:\/\/ufrb.edu.br\/portal\/wp-content\/uploads\/sites\/5\/2022\/08\/transferencia-interna-feed-726.png 1080w, https:\/\/ufrb.edu.br\/portal\/wp-content\/uploads\/sites\/5\/2022\/08\/transferencia-interna-feed-726-240x300.png 240w, https:\/\/ufrb.edu.br\/portal\/wp-content\/uploads\/sites\/5\/2022\/08\/transferencia-interna-feed-726-819x1024.png 819w, https:\/\/ufrb.edu.br\/portal\/wp-content\/uploads\/sites\/5\/2022\/08\/transferencia-interna-feed-726-768x960.png 768w\" sizes=\"auto, (max-width: 1080px) 100vw, 1080px\" \/><\/p>\n<p>A Universidade Federal do Rec\u00f4ncavo da Bahia (UFRB), por meio da Pr\u00f3-Reitoria de Gradua\u00e7\u00e3o (PROGRAD), divulga a oferta de 745 vagas em 27 cursos de gradua\u00e7\u00e3o para a transfer\u00eancia interna, com ingresso no semestre 2022.1.&nbsp;A transfer\u00eancia interna permite ao estudante da UFRB a mudan\u00e7a do curso de gradua\u00e7\u00e3o.<\/p>\n<p>A inscri\u00e7\u00e3o deve ser realizada no <a href=\"https:\/\/ufrb.edu.br\/portal\/2009\/05\/22\/direc-de-santo-antonio-de-jesus-oferece-oportunidade-para-estudantes-de-licenciaturas\/\">site de Processos Seletivos<\/a>, no per\u00edodo de 11 a 14 de agosto de 2022.<\/p>\n<p>Podem participar do processo seletivo estudantes regulares da UFRB que tenham conclu\u00eddo o primeiro semestre sem reprova\u00e7\u00e3o por falta; e tenham realizado o Exame Nacional do Ensino M\u00e9dio (ENEM), nas edi\u00e7\u00f5es de 2009 a 2021 e que n\u00e3o tenham obtido nota zero em qualquer uma das provas.<\/p>\n<p>O resultado da primeira chamada ser\u00e1 divulgado no dia 17 de agosto, no <a href=\"https:\/\/ufrb.edu.br\/portal\/2009\/05\/22\/direc-de-santo-antonio-de-jesus-oferece-oportunidade-para-estudantes-de-licenciaturas\/\">site de Processos Seletivos<\/a>.<\/p>\n<p><strong>Informe-se<\/strong><\/p>\n<p>Leia o&nbsp;<a href=\"http:\/\/ufrb.edu.br\/wp-content\/uploads\/2022\/08\/20220801170845_Edital_N_036_2022__Vagas_Ociosas-_2_Etapa_2022.1__TI_assinado-22f.pdf\">Edital PROGRAD N\u00ba 036\/2022<\/a>.<\/p>\n<p>Acesse diariamente o site de Processos Seletivos da UFRB:&nbsp;<a href=\"https:\/\/ufrb.edu.br\/portal\/?p=30669\">ufrb.edu.br\/prosel<\/a>.<\/p>\n<p>Receba as novidades dos Processos Seletivos da UFRB no seu celular acessando o canal do Prosel no Telegram:&nbsp;<a href=\"https:\/\/t.me\/proselufrb\"><\/a><a href=\"https:\/\/t.me\/proselufrb\">https:\/\/t.me\/proselufrb<\/a>.<\/p>\n<p>Tire suas d\u00favidas via chat na&nbsp;<a href=\"https:\/\/ufrb.edu.br\/atendimento\">Central de Atendimento<\/a>.<\/p>\n<p><strong>Vagas Ofertadas<\/strong><\/p>\n<table id=\"tablePreview\" class=\"table table-hover table-condensed\">\n<tbody>\n<tr>\n<td><i class=\"icon-map-marker\"><\/i> Centro de Ensino<\/td>\n<td><i class=\"icon-list\"><\/i> Curso<\/td>\n<td><i class=\"icon-tag\"><\/i> Grau<\/td>\n<td><i class=\"icon-asterisk\"><\/i> Turno<\/td>\n<td><i class=\"icon-user\"><\/i> Vagas Ofertadas<\/td>\n<\/tr>\n<tr>\n<td>CAHL (Cachoeira\/S\u00e3o F\u00e9lix)<\/td>\n<td>ARTES VISUAIS<\/td>\n<td>B<\/td>\n<td>Not<\/td>\n<td>16<\/td>\n<\/tr>\n<tr>\n<td>CAHL (Cachoeira\/S\u00e3o F\u00e9lix)<\/td>\n<td>CI\u00caNCIAS SOCIAIS<\/td>\n<td>B<\/td>\n<td>Int<\/td>\n<td>14<\/td>\n<\/tr>\n<tr>\n<td>CCAAB (Cruz das Almas)<\/td>\n<td>AGROECOLOGIA<\/td>\n<td>T<\/td>\n<td>Int<\/td>\n<td>4<\/td>\n<\/tr>\n<tr>\n<td>CCAAB (Cruz das Almas)<\/td>\n<td>BIOLOGIA<\/td>\n<td>B<\/td>\n<td>Int<\/td>\n<td>19<\/td>\n<\/tr>\n<tr>\n<td>CCAAB (Cruz das Almas)<\/td>\n<td>ENGENHARIA DE PESCA<\/td>\n<td>B<\/td>\n<td>Int<\/td>\n<td>8<\/td>\n<\/tr>\n<tr>\n<td>CCAAB (Cruz das Almas)<\/td>\n<td>ZOOTECNIA<\/td>\n<td>B<\/td>\n<td>Int<\/td>\n<td>7<\/td>\n<\/tr>\n<tr>\n<td>CCS (Santo Ant\u00f4nio de Jesus)<\/td>\n<td>ENFERMAGEM<\/td>\n<td>B<\/td>\n<td>Int<\/td>\n<td>1<\/td>\n<\/tr>\n<tr>\n<td>CECULT (Santo Amaro)<\/td>\n<td>ARTES DO ESPET\u00c1CULO<\/td>\n<td>T<\/td>\n<td>Ves<\/td>\n<td>107<\/td>\n<\/tr>\n<tr>\n<td>CECULT (Santo Amaro)<\/td>\n<td>INTERDISCIPLINAR EM ARTES<\/td>\n<td>L<\/td>\n<td>Vesp<\/td>\n<td>61<\/td>\n<\/tr>\n<tr>\n<td>CECULT (Santo Amaro)<\/td>\n<td>INTER. CULTURA, LINGUAGENS E TECNOLOGIAS APLICADAS<\/td>\n<td>B<\/td>\n<td>Vesp<\/td>\n<td>72<\/td>\n<\/tr>\n<tr>\n<td>CECULT (Santo Amaro)<\/td>\n<td>INTER. CULTURA, LINGUAGENS E TECNOLOGIAS APLICADAS<\/td>\n<td>B<\/td>\n<td>Not<\/td>\n<td>28<\/td>\n<\/tr>\n<tr>\n<td>CECULT (Santo Amaro)<\/td>\n<td>M\u00daSICA &#8211; M\u00daSICA POPULAR BRASILEIRA<\/td>\n<td>L<\/td>\n<td>Vesp<\/td>\n<td>33<\/td>\n<\/tr>\n<tr>\n<td>CECULT (Santo Amaro)<\/td>\n<td>POL\u00cdTICA E GEST\u00c3O CULTURAL<\/td>\n<td>T<\/td>\n<td>Not<\/td>\n<td>51<\/td>\n<\/tr>\n<tr>\n<td>CECULT (Santo Amaro)<\/td>\n<td>PRODU\u00c7\u00c3O MUSICAL<\/td>\n<td>T<\/td>\n<td>Ves<\/td>\n<td>57<\/td>\n<\/tr>\n<tr>\n<td>CETEC (Cruz das Almas)<\/td>\n<td>F\u00cdSICA<\/td>\n<td>B<\/td>\n<td>Int<\/td>\n<td>6<\/td>\n<\/tr>\n<tr>\n<td>CETEC (Cruz das Almas)<\/td>\n<td>MATEM\u00c1TICA<\/td>\n<td>B<\/td>\n<td>Int<\/td>\n<td>4<\/td>\n<\/tr>\n<tr>\n<td>CETENS (Feira de Santana)<\/td>\n<td>ALIMENTOS<\/td>\n<td>T<\/td>\n<td>Int<\/td>\n<td>2<\/td>\n<\/tr>\n<tr>\n<td>CETENS (Feira de Santana)<\/td>\n<td>ENGENHARIA DE ENERGIAS<\/td>\n<td>B<\/td>\n<td>Int<\/td>\n<td>29<\/td>\n<\/tr>\n<tr>\n<td>CETENS (Feira de Santana)<\/td>\n<td>ENGENHARIA DE MATERIAIS<\/td>\n<td>B<\/td>\n<td>Int<\/td>\n<td>37<\/td>\n<\/tr>\n<tr>\n<td>CETENS (Feira de Santana)<\/td>\n<td>ENGENHARIA DE PRODU\u00c7\u00c3O<\/td>\n<td>B<\/td>\n<td>Int<\/td>\n<td>5<\/td>\n<\/tr>\n<tr>\n<td>CETENS (Feira de Santana)<\/td>\n<td>ENGENHARIA DE TECNOLOGIA ASSISTIVA<\/td>\n<td>B<\/td>\n<td>Int<\/td>\n<td>32<\/td>\n<\/tr>\n<tr>\n<td>CETENS (Feira de Santana)<\/td>\n<td>EDUCA\u00c7\u00c3O DO CAMPO -CI\u00caNCIAS DA NATUREZA<\/td>\n<td>L<\/td>\n<td>Int<\/td>\n<td>11<\/td>\n<\/tr>\n<tr>\n<td>CETENS (Feira de Santana)<\/td>\n<td>EDUCA\u00c7\u00c3O DO CAMPO -MATEM\u00c1TICA<\/td>\n<td>L<\/td>\n<td>Int<\/td>\n<td>11<\/td>\n<\/tr>\n<tr>\n<td>CFP (Amargosa)<\/td>\n<td>FILOSOFIA<\/td>\n<td>L<\/td>\n<td>Not<\/td>\n<td>46<\/td>\n<\/tr>\n<tr>\n<td>CFP (Amargosa)<\/td>\n<td>F\u00cdSICA<\/td>\n<td>L<\/td>\n<td>Int<\/td>\n<td>44<\/td>\n<\/tr>\n<tr>\n<td>CFP (Amargosa)<\/td>\n<td>MATEM\u00c1TICA<\/td>\n<td>L<\/td>\n<td>Int<\/td>\n<td>27<\/td>\n<\/tr>\n<tr>\n<td>CFP (Amargosa)<\/td>\n<td>QU\u00cdMICA<\/td>\n<td>L<\/td>\n<td>Int<\/td>\n<td>13<\/td>\n<\/tr>\n<tr>\n<td colspan=\"4\">SUBTOTAL<\/td>\n<td>745<\/td>\n<\/tr>\n<\/tbody>\n<\/table>\n","protected":false},"excerpt":{"rendered":"<p>A Universidade Federal do Rec\u00f4ncavo da Bahia (UFRB), por meio da Pr\u00f3-Reitoria de Gradua\u00e7\u00e3o (PROGRAD), divulga a oferta de 745 vagas em 27 cursos de gradua\u00e7\u00e3o para a transfer\u00eancia interna, com ingresso no semestre 2022.1.&nbsp;A transfer\u00eancia interna permite ao estudante da UFRB a mudan\u00e7a do curso de gradua\u00e7\u00e3o. A inscri\u00e7\u00e3o deve ser realizada no site [&hellip;]<\/p>\n","protected":false},"author":1,"featured_media":31073,"comment_status":"closed","ping_status":"closed","sticky":false,"template":"","format":"standard","meta":{"_acf_changed":false,"footnotes":""},"categories":[8],"tags":[],"class_list":["post-31076","post","type-post","status-publish","format-standard","has-post-thumbnail","hentry","category-noticias"],"acf":[],"_links":{"self":[{"href":"https:\/\/ufrb.edu.br\/portal\/wp-json\/wp\/v2\/posts\/31076","targetHints":{"allow":["GET"]}}],"collection":[{"href":"https:\/\/ufrb.edu.br\/portal\/wp-json\/wp\/v2\/posts"}],"about":[{"href":"https:\/\/ufrb.edu.br\/portal\/wp-json\/wp\/v2\/types\/post"}],"author":[{"embeddable":true,"href":"https:\/\/ufrb.edu.br\/portal\/wp-json\/wp\/v2\/users\/1"}],"replies":[{"embeddable":true,"href":"https:\/\/ufrb.edu.br\/portal\/wp-json\/wp\/v2\/comments?post=31076"}],"version-history":[{"count":0,"href":"https:\/\/ufrb.edu.br\/portal\/wp-json\/wp\/v2\/posts\/31076\/revisions"}],"wp:featuredmedia":[{"embeddable":true,"href":"https:\/\/ufrb.edu.br\/portal\/wp-json\/wp\/v2\/media\/31073"}],"wp:attachment":[{"href":"https:\/\/ufrb.edu.br\/portal\/wp-json\/wp\/v2\/media?parent=31076"}],"wp:term":[{"taxonomy":"category","embeddable":true,"href":"https:\/\/ufrb.edu.br\/portal\/wp-json\/wp\/v2\/categories?post=31076"},{"taxonomy":"post_tag","embeddable":true,"href":"https:\/\/ufrb.edu.br\/portal\/wp-json\/wp\/v2\/tags?post=31076"}],"curies":[{"name":"wp","href":"https:\/\/api.w.org\/{rel}","templated":true}]}}