{"id":31312,"date":"2022-10-24T13:48:01","date_gmt":"2022-10-24T13:48:01","guid":{"rendered":"https:\/\/ufrb.edu.br\/2022\/10\/24\/ufrb-abre-inscricoes-para-o-curso-basico-de-frances-ate-o-proximo-dia-27-10\/"},"modified":"2022-10-24T13:48:01","modified_gmt":"2022-10-24T13:48:01","slug":"ufrb-abre-inscricoes-para-o-curso-basico-de-frances-ate-o-proximo-dia-27-10","status":"publish","type":"post","link":"https:\/\/ufrb.edu.br\/portal\/noticias\/ufrb-abre-inscricoes-para-o-curso-basico-de-frances-ate-o-proximo-dia-27-10\/","title":{"rendered":"UFRB abre inscri\u00e7\u00f5es para o curso b\u00e1sico de franc\u00eas at\u00e9 o pr\u00f3ximo dia 27\/10"},"content":{"rendered":"<p><img loading=\"lazy\" decoding=\"async\" class=\" size-full wp-image-31311\" src=\"http:\/\/ufrb.edu.br\/wp-content\/uploads\/2022\/10\/curso-frances-22-feed-ab8.png\" alt=\"\" width=\"1080\" height=\"1350\" srcset=\"https:\/\/ufrb.edu.br\/portal\/wp-content\/uploads\/sites\/5\/2022\/10\/curso-frances-22-feed-ab8.png 1080w, https:\/\/ufrb.edu.br\/portal\/wp-content\/uploads\/sites\/5\/2022\/10\/curso-frances-22-feed-ab8-240x300.png 240w, https:\/\/ufrb.edu.br\/portal\/wp-content\/uploads\/sites\/5\/2022\/10\/curso-frances-22-feed-ab8-819x1024.png 819w, https:\/\/ufrb.edu.br\/portal\/wp-content\/uploads\/sites\/5\/2022\/10\/curso-frances-22-feed-ab8-768x960.png 768w\" sizes=\"auto, (max-width: 1080px) 100vw, 1080px\" \/><\/p>\n<p>A Universidade Federal do Rec\u00f4ncavo da Bahia (UFRB) divulga a abertura de inscri\u00e7\u00f5es para o curso on-line de Franc\u00eas B\u00e1sico II. As inscri\u00e7\u00f5es dos interessados v\u00e3o at\u00e9 o pr\u00f3ximo dia 27 de outubro.&nbsp;<\/p>\n<p>Por se tratar de uma atividade sequencial, iniciada com o curso de B\u00e1sico I<strong>,&nbsp; <\/strong>est\u00e3o dispon\u00edveis 15 novas vagas.&nbsp;Todos os aprovados no curso B\u00e1sico I ter\u00e3o a vaga garantida e receber\u00e3o as instru\u00e7\u00f5es em seus e-mails para assegurar a participa\u00e7\u00e3o no curso.<\/p>\n<p>Para se inscrever \u00e9 necess\u00e1rio <a href=\"https:\/\/sistemas.ufrb.edu.br\/sigaa\/public\/extensao\/loginCursosEventosExtensao.jsf,\">acessar o SIGAA<\/a>, conforme&nbsp;<a href=\"https:\/\/www.youtube.com\/watch?v=CPcOAWnL6v4\">tutorial em v\u00eddeo<\/a>. Em seguida, clicar no item &#8220;Cursos e Eventos&#8221;&nbsp; e se registrar no curso Franc\u00eas B\u00e1sico II. \u00c9 necess\u00e1rio comprovar conhecimento b\u00e1sico no idioma Franc\u00eas, realizando o teste de nivelamento dispon\u00edvel no <a href=\"https:\/\/forms.gle\/5WFomRwcWc25vtEB7\">formul\u00e1rio on-line<\/a>.<\/p>\n<p>Os aprovados no teste de nivelamento ser\u00e3o convocados e receber\u00e3o, por e-mail, as instru\u00e7\u00f5es para acessar o curso at\u00e9 o pr\u00f3ximo dia 31.<\/p>\n<p>Poder\u00e3o ser convocados pessoas do cadastro de reserva, caso haja desist\u00eancia constatada na primeira aula. Quando n\u00e3o houver apresenta\u00e7\u00e3o de justificativa para desist\u00eancia, estes participantes ficar\u00e3o impossibilitados de ingressar nos cursos de idiomas promovidos pela Superintend\u00eancia de Assuntos Internacionais (SUPAI) por um per\u00edodo de um ano.<\/p>\n<p>Para receber os certificados da atividade \u00e9 necess\u00e1rio, no m\u00ednimo, 75% de presen\u00e7a no curso e m\u00e9dia 6,0.<\/p>\n<p><strong>Curso<\/strong> &#8211;&nbsp;O curso de Franc\u00eas B\u00e1sico II tem carga hor\u00e1ria de 30h, ofertado pela docente da UFBA, professora doutora Cintia Voos Kaspary, a ser realizado no per\u00edodo de 01 de novembro a 13 de dezembro.<\/p>\n<p>E-mail para contato:&nbsp;<a href=\"mailto:supai@reitoria.ufrb.edu.br\">supai@reitoria.ufrb.edu.br<\/a>.<\/p>\n","protected":false},"excerpt":{"rendered":"<p>A Universidade Federal do Rec\u00f4ncavo da Bahia (UFRB) divulga a abertura de inscri\u00e7\u00f5es para o curso on-line de Franc\u00eas B\u00e1sico II. As inscri\u00e7\u00f5es dos interessados v\u00e3o at\u00e9 o pr\u00f3ximo dia 27 de outubro.&nbsp; Por se tratar de uma atividade sequencial, iniciada com o curso de B\u00e1sico I,&nbsp; est\u00e3o dispon\u00edveis 15 novas vagas.&nbsp;Todos os aprovados no [&hellip;]<\/p>\n","protected":false},"author":1,"featured_media":31136,"comment_status":"closed","ping_status":"closed","sticky":false,"template":"","format":"standard","meta":{"_acf_changed":false,"footnotes":""},"categories":[8],"tags":[],"class_list":["post-31312","post","type-post","status-publish","format-standard","has-post-thumbnail","hentry","category-noticias"],"acf":[],"_links":{"self":[{"href":"https:\/\/ufrb.edu.br\/portal\/wp-json\/wp\/v2\/posts\/31312","targetHints":{"allow":["GET"]}}],"collection":[{"href":"https:\/\/ufrb.edu.br\/portal\/wp-json\/wp\/v2\/posts"}],"about":[{"href":"https:\/\/ufrb.edu.br\/portal\/wp-json\/wp\/v2\/types\/post"}],"author":[{"embeddable":true,"href":"https:\/\/ufrb.edu.br\/portal\/wp-json\/wp\/v2\/users\/1"}],"replies":[{"embeddable":true,"href":"https:\/\/ufrb.edu.br\/portal\/wp-json\/wp\/v2\/comments?post=31312"}],"version-history":[{"count":0,"href":"https:\/\/ufrb.edu.br\/portal\/wp-json\/wp\/v2\/posts\/31312\/revisions"}],"wp:featuredmedia":[{"embeddable":true,"href":"https:\/\/ufrb.edu.br\/portal\/wp-json\/wp\/v2\/media\/31136"}],"wp:attachment":[{"href":"https:\/\/ufrb.edu.br\/portal\/wp-json\/wp\/v2\/media?parent=31312"}],"wp:term":[{"taxonomy":"category","embeddable":true,"href":"https:\/\/ufrb.edu.br\/portal\/wp-json\/wp\/v2\/categories?post=31312"},{"taxonomy":"post_tag","embeddable":true,"href":"https:\/\/ufrb.edu.br\/portal\/wp-json\/wp\/v2\/tags?post=31312"}],"curies":[{"name":"wp","href":"https:\/\/api.w.org\/{rel}","templated":true}]}}