{"id":31367,"date":"2022-11-09T14:14:30","date_gmt":"2022-11-09T14:14:30","guid":{"rendered":"https:\/\/ufrb.edu.br\/2022\/11\/09\/ufrb-entrega-titulo-de-doutor-honoris-causa-ao-professor-kabengele-munanga\/"},"modified":"2022-11-09T14:14:30","modified_gmt":"2022-11-09T14:14:30","slug":"ufrb-entrega-titulo-de-doutor-honoris-causa-ao-professor-kabengele-munanga","status":"publish","type":"post","link":"https:\/\/ufrb.edu.br\/portal\/noticias\/ufrb-entrega-titulo-de-doutor-honoris-causa-ao-professor-kabengele-munanga\/","title":{"rendered":"UFRB entrega t\u00edtulo de Doutor Honoris Causa ao professor Kabengele Munanga \u00a0"},"content":{"rendered":"<p><img loading=\"lazy\" decoding=\"async\" class=\" size-full wp-image-31366\" src=\"http:\/\/ufrb.edu.br\/wp-content\/uploads\/2022\/11\/kabe-entrega1-23b.png\" alt=\"kabe entrega1\" width=\"1200\" height=\"630\" srcset=\"https:\/\/ufrb.edu.br\/portal\/wp-content\/uploads\/sites\/5\/2022\/11\/kabe-entrega1-23b.png 1200w, https:\/\/ufrb.edu.br\/portal\/wp-content\/uploads\/sites\/5\/2022\/11\/kabe-entrega1-23b-300x158.png 300w, https:\/\/ufrb.edu.br\/portal\/wp-content\/uploads\/sites\/5\/2022\/11\/kabe-entrega1-23b-1024x538.png 1024w, https:\/\/ufrb.edu.br\/portal\/wp-content\/uploads\/sites\/5\/2022\/11\/kabe-entrega1-23b-768x403.png 768w\" sizes=\"auto, (max-width: 1200px) 100vw, 1200px\" \/><\/p>\n<p>O educador negro, ativista da luta antirracista, intelectual e pesquisador de estudos negros e afro-brasileiros, Kabengele Munanga, 79 anos, recebeu o t\u00edtulo de Doutor Honoris Causa da Universidade Federal do Rec\u00f4ncavo da Bahia (UFRB), em sess\u00e3o solene do Conselho Universit\u00e1rio (CONSUNI), realizada na tarde de ontem, dia 8, no audit\u00f3rio do Centro de Artes, Humanidades e Letras (CAHL).&nbsp; &nbsp;<\/p>\n<p>A solenidade de homenagem integrou a programa\u00e7\u00e3o oficial de abertura do F\u00f3rum Pr\u00f3-Igualdade Racial e Inclus\u00e3o Social do Rec\u00f4ncavo 2022. Estiveram presentes na sess\u00e3o solene do CONSUNI, pr\u00f3-reitores, diretores e vice-diretores de Centros de Ensino da UFRB, superintendentes, professores, servidores t\u00e9cnicos-administrativos e terceirizados, estudantes, pol\u00edticos, membros de movimentos sociais, a comunidade cachoeirana e convidados do homenageado e da UFRB.<\/p>\n<p>As apresenta\u00e7\u00f5es do Canto Coral da UFRB, regido pelo maestro Jos\u00e9 Al\u00edpio de Oliveira Martins; e do cantor, compositor e instrumentalista Levy Emmanuel marcaram as atividades musicais de homenagem ao professor Kabengele Munanga.<\/p>\n<p>A mesa de honra foi composta pelas presen\u00e7as do reitor e vice-reitor da UFRB, respectivamente, F\u00e1bio Josu\u00e9 dos Santos e Jos\u00e9 Pereira Mascarenhas Bisneto; os diretores Dyane Brito Reis Santos, do Centro de Artes, Humanidades e Letras e Danillo Silva Barata, do Centro de Cultura, Linguagens e Tecnologias Aplicadas; e o homenageado, professor Kabengele Munanga. Pela ordem, fizeram uso da palavra, Dyane Brito Reis Santos, Danillo Silva Barata, Kabengele Munanga, Jos\u00e9 Mascarenhas Bisneto e F\u00e1bio Josu\u00e9.&nbsp;&nbsp;<\/p>\n<p>O pr\u00f3-reitor e professor Carlos Alberto Santos de Paulo, membro da Comiss\u00e3o Permanente de Homenagens e T\u00edtulos Honor\u00edficos fez a leitura do curr\u00edculo do homenageado abordando os aspectos mais relevantes da biografia de Kabengele Munanga que ensearam causa \u00e0 indica\u00e7\u00e3o e aprova\u00e7\u00e3o da outorga, por unanimidade, em sess\u00e3o ordin\u00e1ria do Conselho Universit\u00e1rio (CONSUNI) da UFRB.&nbsp;&nbsp;<\/p>\n<p>O reitor e presidente do Conselho Universit\u00e1rio, professor doutor F\u00e1bio Josu\u00e9 Souza dos Santos, fez a outorga do t\u00edtulo ao Professor Kabengele Munanga, declarando, textualmente: \u201cEm nome da Universidade Federal do Rec\u00f4ncavo da Bahia, eu, F\u00e1bio Josu\u00e9 Souza dos Santos, na forma estatut\u00e1ria e regimental, outorgo a Kabengele Munanga o T\u00edtulo de Doutor Honoris Causa que lhe foi concedido, por unanimidade, pelo Conselho Universit\u00e1rio, na reuni\u00e3o realizada em 06 de setembro de 2022\u201d. &nbsp;<\/p>\n<p>Ao discursar, Kabengele agradeceu a homenagem.&nbsp; Anteriormente, a Universidade Federal do Rio de Janeiro havia concedido a mesma honraria ao pesquisador. Ele considerou \u201crara\u201d a concess\u00e3o do t\u00edtulo. Em 17 anos de exist\u00eancia da UFRB, este foi o s\u00e9timo t\u00edtulo aprovado pelo CONSUNI.&nbsp;<\/p>\n<p>Em seu discurso, Kabengele&nbsp;falou de sua hist\u00f3ria de vida, desde que nasceu em 1942, na aldeia de Bakwa Kalonji, no Congo Belga, seu percurso acad\u00eamico at\u00e9 chegar ao Brasil a convite do professor Fernando Mour\u00e3o, da Universidade de S\u00e3o Paulo (USP), onde terminou seu doutorado. &nbsp;<\/p>\n<p>Kabengele falou de sua carreira acad\u00eamica brasileira com o ingresso na UFRN e depois na USP, onde atuou como professor de antropologia da Faculdade de Filosofia, Letras e Ci\u00eancias Humanas e rememorou sua trajet\u00f3ria na UFRB como Professor Visitante S\u00eanior (CAPES), entre os anos de 2014 e 2020; lembrou que \u00e9 cidad\u00e3o baiano, por concess\u00e3o da Assembleia Legislativa do Estado, discorreu sobre a situa\u00e7\u00e3o pol\u00edtica do Pa\u00eds, e por fim, agradeceu aos familiares, dentre eles, a esposa, a psic\u00f3loga Irene Kabengele, presente no evento.&nbsp; &nbsp;<\/p>\n<p>O reitor F\u00e1bio Josu\u00e9 disse em seu discurso que a defesa da proposta do t\u00edtulo honor\u00edfico de Doutor Honoris Causa para Kabengele se justifica, nos termos da regulamenta\u00e7\u00e3o em vigor na UFRB, em decorr\u00eancia do homenageado em \u201caproximadamente seis d\u00e9cadas de atua\u00e7\u00e3o ininterrupta na pesquisa e na doc\u00eancia no campo das Ci\u00eancias Humanas, das Ci\u00eancias Sociais Aplicadas e das Artes, assim como, na Cultura e na Educa\u00e7\u00e3o, oferecendo-nos um legado digno de aprecia\u00e7\u00e3o e louvor, que est\u00e1 posto a servi\u00e7o da sociedade, na educa\u00e7\u00e3o para a constru\u00e7\u00e3o da Cidadania, para o povo negro, para o povo brasileiro que almeja viver em equidade e sob os ausp\u00edcios da Justi\u00e7a.&nbsp;&nbsp;<\/p>\n<p>Para F\u00e1bio Josu\u00e9, a trajet\u00f3ria de Kabengele evidencia n\u00e3o apenas o talento de grande pesquisador e professor, mas sua intensa participa\u00e7\u00e3o em pesquisa, ensino, extens\u00e3o e gest\u00e3o &#8211; todas elas caracter\u00edsticas das atividades de um professor doutor -, aliada a uma forte inser\u00e7\u00e3o nos movimentos sociais, que resultaram em produ\u00e7\u00e3o acad\u00eamica vigorosa reconhecida no Brasil, e em diversos pa\u00edses, que o tornaram uma singular refer\u00eancia na sua \u00e1rea de atua\u00e7\u00e3o, influenciando estudantes, professores, novos pesquisadores, e tamb\u00e9m, movimentos sociais e gestores p\u00fablicos na constru\u00e7\u00e3o de pol\u00edticas afirmativas, realizando assim uma contribui\u00e7\u00e3o \u00edmpar para a sociedade brasileira.&nbsp;<\/p>\n<p>O reitor F\u00e1bio Josu\u00e9 disse que&nbsp;o homenageado possui relevante atua\u00e7\u00e3o nacional e internacional dentre os intelectuais negros contempor\u00e2neos, uma vez que integra uma enorme pesquisa, baseada numa sensibilidade agu\u00e7ada para a leitura dos fen\u00f4menos sociais, especialmente aqueles relativos a presen\u00e7a da popula\u00e7\u00e3o negra, aliado a um rigor met\u00f3dico, e um engajamento na supera\u00e7\u00e3o do racismo no Brasil.&nbsp;&nbsp;<\/p>\n<p><strong>T\u00edtulo &#8211;<\/strong> Segundo a Resolu\u00e7\u00e3o CONSUNI UFRB 006\/2011, o t\u00edtulo de Doutor Honoris Causa ser\u00e1 concedido \u201ca personalidades eminentes, nacionais ou estrangeiras, n\u00e3o pertencentes ao quadro de servidores efetivos da UFRB, que se tenham distinguido pelo saber e\/ou pela atua\u00e7\u00e3o em prol das Ci\u00eancias, das Artes, da Filosofia, das Letras, das Culturas, do desenvolvimento e do entendimento dos povos, cuja contribui\u00e7\u00e3o seja ou tenha sido de alta relev\u00e2ncia para o Pa\u00eds ou humanidade\u201d.&nbsp;<\/p>\n<p class=\"video-container\">&gt;<\/p>\n<p>Fotos da homenagem ao professor Kabengele:<\/p>\n<p>{gallery}noticias2022\/kabengele{\/gallery}<\/p>\n","protected":false},"excerpt":{"rendered":"<p>O educador negro, ativista da luta antirracista, intelectual e pesquisador de estudos negros e afro-brasileiros, Kabengele Munanga, 79 anos, recebeu o t\u00edtulo de Doutor Honoris Causa da Universidade Federal do Rec\u00f4ncavo da Bahia (UFRB), em sess\u00e3o solene do Conselho Universit\u00e1rio (CONSUNI), realizada na tarde de ontem, dia 8, no audit\u00f3rio do Centro de Artes, Humanidades [&hellip;]<\/p>\n","protected":false},"author":1,"featured_media":31365,"comment_status":"closed","ping_status":"closed","sticky":false,"template":"","format":"standard","meta":{"_acf_changed":false,"footnotes":""},"categories":[8],"tags":[15],"class_list":["post-31367","post","type-post","status-publish","format-standard","has-post-thumbnail","hentry","category-noticias","tag-egressos"],"acf":[],"_links":{"self":[{"href":"https:\/\/ufrb.edu.br\/portal\/wp-json\/wp\/v2\/posts\/31367","targetHints":{"allow":["GET"]}}],"collection":[{"href":"https:\/\/ufrb.edu.br\/portal\/wp-json\/wp\/v2\/posts"}],"about":[{"href":"https:\/\/ufrb.edu.br\/portal\/wp-json\/wp\/v2\/types\/post"}],"author":[{"embeddable":true,"href":"https:\/\/ufrb.edu.br\/portal\/wp-json\/wp\/v2\/users\/1"}],"replies":[{"embeddable":true,"href":"https:\/\/ufrb.edu.br\/portal\/wp-json\/wp\/v2\/comments?post=31367"}],"version-history":[{"count":0,"href":"https:\/\/ufrb.edu.br\/portal\/wp-json\/wp\/v2\/posts\/31367\/revisions"}],"wp:featuredmedia":[{"embeddable":true,"href":"https:\/\/ufrb.edu.br\/portal\/wp-json\/wp\/v2\/media\/31365"}],"wp:attachment":[{"href":"https:\/\/ufrb.edu.br\/portal\/wp-json\/wp\/v2\/media?parent=31367"}],"wp:term":[{"taxonomy":"category","embeddable":true,"href":"https:\/\/ufrb.edu.br\/portal\/wp-json\/wp\/v2\/categories?post=31367"},{"taxonomy":"post_tag","embeddable":true,"href":"https:\/\/ufrb.edu.br\/portal\/wp-json\/wp\/v2\/tags?post=31367"}],"curies":[{"name":"wp","href":"https:\/\/api.w.org\/{rel}","templated":true}]}}