{"id":31396,"date":"2022-11-28T12:30:56","date_gmt":"2022-11-28T12:30:56","guid":{"rendered":"https:\/\/ufrb.edu.br\/2022\/11\/28\/ufrb-seleciona-coordenador-do-curso-de-pos-em-mineracao-e-meio-ambiente-ead\/"},"modified":"2022-11-28T12:30:56","modified_gmt":"2022-11-28T12:30:56","slug":"ufrb-seleciona-coordenador-do-curso-de-pos-em-mineracao-e-meio-ambiente-ead","status":"publish","type":"post","link":"https:\/\/ufrb.edu.br\/portal\/noticias\/ufrb-seleciona-coordenador-do-curso-de-pos-em-mineracao-e-meio-ambiente-ead\/","title":{"rendered":"UFRB seleciona coordenador do curso de p\u00f3s em Minera\u00e7\u00e3o e Meio Ambiente EaD"},"content":{"rendered":"<p><img loading=\"lazy\" decoding=\"async\" class=\" size-full wp-image-31395\" src=\"http:\/\/ufrb.edu.br\/wp-content\/uploads\/2022\/11\/prof-ead-feed-a52.png\" alt=\"\" width=\"1080\" height=\"1350\" srcset=\"https:\/\/ufrb.edu.br\/portal\/wp-content\/uploads\/sites\/5\/2022\/11\/prof-ead-feed-a52.png 1080w, https:\/\/ufrb.edu.br\/portal\/wp-content\/uploads\/sites\/5\/2022\/11\/prof-ead-feed-a52-240x300.png 240w, https:\/\/ufrb.edu.br\/portal\/wp-content\/uploads\/sites\/5\/2022\/11\/prof-ead-feed-a52-819x1024.png 819w, https:\/\/ufrb.edu.br\/portal\/wp-content\/uploads\/sites\/5\/2022\/11\/prof-ead-feed-a52-768x960.png 768w\" sizes=\"auto, (max-width: 1080px) 100vw, 1080px\" \/><\/p>\n<p>A Universidade Federal do Reco\u0302ncavo da Bahia (UFRB) divulga processo seletivo interno para contrata\u00e7\u00e3o de coordenador do curso de p\u00f3s-gradua\u00e7\u00e3o lato sensu em Minera\u00e7\u00e3o e Meio Ambiente, modalidade a dist\u00e2ncia, no \u00e2mbito do sistema Universidade Aberta do Brasil (UAB).&nbsp;<\/p>\n<p>A inscric\u0327a\u0303o devera\u0301 ser feita at\u00e9 dia 11 de dezembro, no enderec\u0327o <a href=\"https:\/\/www2.ufrb.edu.br\/ead\/component\/chronoforms5\/?chronoform=ver-prosel&amp;id=1150\">ufrb.edu.br\/ead<\/a>.<\/p>\n<p>Para realizar a inscri\u00e7\u00e3o como coordenador de curso, o candidato deve atender aos seguintes crit\u00e9rios concomitantemente: Ser professor efetivo do CCAAB; n\u00e3o estar vinculado a outro programa de fomento em que haja sobreposi\u00e7\u00e3o de bolsas, inclusive, quando vinculados a programas de P\u00f3s-Gradua\u00e7\u00e3o (mestrado e doutorado); ter experi\u00eancia m\u00ednima de 1 ano como docente do magist\u00e9rio superior; ser membro do colegiado do curso; possuir forma\u00e7\u00e3o m\u00ednima em n\u00edvel mestrado; e ter disponibilidade de dez horas semanais para desenvolver as atividades a dist\u00e2ncia.&nbsp;<\/p>\n<p><strong>Bolsa&nbsp;<\/strong><\/p>\n<p>O candidato selecionado receber\u00e1 a t\u00edtulo de bolsa da Universidade Aberta do Brasil (UAB), podendo ser no valor de R$ 1.400,00 (mil e quatrocentos reais) concedido para atua\u00e7\u00e3o em atividades de coordena\u00e7\u00e3o dos cursos implantados no \u00e2mbito do Sistema UAB e no desenvolvimento de projetos de pesquisa relacionados aos cursos, sendo exigida experi\u00eancia de 3 (tr\u00eas) anos no magist\u00e9rio superior ou no valor de R$ 1.100,00 (mil e cem reais) concedido para atua\u00e7\u00e3o em atividades de coordena\u00e7\u00e3o dos cursos implantados no \u00e2mbito do Sistema UAB e no desenvolvimento de projetos de pesquisa relacionados aos cursos, sendo exigida forma\u00e7\u00e3o m\u00ednima de n\u00edvel de mestrado e experi\u00eancia de 1 ano no magist\u00e9rio superior.&nbsp;<\/p>\n<p>Confira o Edital <a href=\"https:\/\/www2.ufrb.edu.br\/ead\/components\/com_chronoforms5\/chronoforms\/uploads\/documentoprosel\/20221111163513_EDITAL_SEAD_16_Coordenador_Curso_Mineracao_assinado.pdf\">CCAAB\/SEAD N\u00ba 16\/2022<\/a>.<\/p>\n<p>Mais em <a href=\"https:\/\/www2.ufrb.edu.br\/ead\/component\/chronoforms5\/?chronoform=ver-prosel&amp;id=1150\">ufrb.edu.br\/ead<\/a>.<\/p>\n","protected":false},"excerpt":{"rendered":"<p>A Universidade Federal do Reco\u0302ncavo da Bahia (UFRB) divulga processo seletivo interno para contrata\u00e7\u00e3o de coordenador do curso de p\u00f3s-gradua\u00e7\u00e3o lato sensu em Minera\u00e7\u00e3o e Meio Ambiente, modalidade a dist\u00e2ncia, no \u00e2mbito do sistema Universidade Aberta do Brasil (UAB).&nbsp; A inscric\u0327a\u0303o devera\u0301 ser feita at\u00e9 dia 11 de dezembro, no enderec\u0327o ufrb.edu.br\/ead. Para realizar a [&hellip;]<\/p>\n","protected":false},"author":1,"featured_media":31354,"comment_status":"closed","ping_status":"closed","sticky":false,"template":"","format":"standard","meta":{"_acf_changed":false,"footnotes":""},"categories":[8],"tags":[14],"class_list":["post-31396","post","type-post","status-publish","format-standard","has-post-thumbnail","hentry","category-noticias","tag-concursos-e-editais"],"acf":[],"_links":{"self":[{"href":"https:\/\/ufrb.edu.br\/portal\/wp-json\/wp\/v2\/posts\/31396","targetHints":{"allow":["GET"]}}],"collection":[{"href":"https:\/\/ufrb.edu.br\/portal\/wp-json\/wp\/v2\/posts"}],"about":[{"href":"https:\/\/ufrb.edu.br\/portal\/wp-json\/wp\/v2\/types\/post"}],"author":[{"embeddable":true,"href":"https:\/\/ufrb.edu.br\/portal\/wp-json\/wp\/v2\/users\/1"}],"replies":[{"embeddable":true,"href":"https:\/\/ufrb.edu.br\/portal\/wp-json\/wp\/v2\/comments?post=31396"}],"version-history":[{"count":0,"href":"https:\/\/ufrb.edu.br\/portal\/wp-json\/wp\/v2\/posts\/31396\/revisions"}],"wp:featuredmedia":[{"embeddable":true,"href":"https:\/\/ufrb.edu.br\/portal\/wp-json\/wp\/v2\/media\/31354"}],"wp:attachment":[{"href":"https:\/\/ufrb.edu.br\/portal\/wp-json\/wp\/v2\/media?parent=31396"}],"wp:term":[{"taxonomy":"category","embeddable":true,"href":"https:\/\/ufrb.edu.br\/portal\/wp-json\/wp\/v2\/categories?post=31396"},{"taxonomy":"post_tag","embeddable":true,"href":"https:\/\/ufrb.edu.br\/portal\/wp-json\/wp\/v2\/tags?post=31396"}],"curies":[{"name":"wp","href":"https:\/\/api.w.org\/{rel}","templated":true}]}}