{"id":31447,"date":"2022-12-09T14:05:32","date_gmt":"2022-12-09T14:05:32","guid":{"rendered":"https:\/\/ufrb.edu.br\/2022\/12\/09\/professor-da-ufrb-integra-equipe-do-desenvolvimento-agrario-na-transicao-de-governo\/"},"modified":"2022-12-09T14:05:32","modified_gmt":"2022-12-09T14:05:32","slug":"professor-da-ufrb-integra-equipe-do-desenvolvimento-agrario-na-transicao-de-governo","status":"publish","type":"post","link":"https:\/\/ufrb.edu.br\/portal\/noticias\/professor-da-ufrb-integra-equipe-do-desenvolvimento-agrario-na-transicao-de-governo\/","title":{"rendered":"Professor da UFRB integra GT Desenvolvimento Agr\u00e1rio na transi\u00e7\u00e3o de Governo\u00a0"},"content":{"rendered":"<p><img loading=\"lazy\" decoding=\"async\" class=\" size-full wp-image-31446\" src=\"http:\/\/ufrb.edu.br\/wp-content\/uploads\/2022\/12\/silvio-porto-feed-f3e.png\" alt=\"\" width=\"1080\" height=\"1350\" srcset=\"https:\/\/ufrb.edu.br\/portal\/wp-content\/uploads\/sites\/5\/2022\/12\/silvio-porto-feed-f3e.png 1080w, https:\/\/ufrb.edu.br\/portal\/wp-content\/uploads\/sites\/5\/2022\/12\/silvio-porto-feed-f3e-240x300.png 240w, https:\/\/ufrb.edu.br\/portal\/wp-content\/uploads\/sites\/5\/2022\/12\/silvio-porto-feed-f3e-819x1024.png 819w, https:\/\/ufrb.edu.br\/portal\/wp-content\/uploads\/sites\/5\/2022\/12\/silvio-porto-feed-f3e-768x960.png 768w\" sizes=\"auto, (max-width: 1080px) 100vw, 1080px\" \/><\/p>\n<p>O professor e pesquisador S\u00edlvio Isoppo Porto, da Universidade Federal do Rec\u00f4ncavo da&nbsp;Bahia (UFRB), integra, desde o dia 05 de novembro, o Grupo T\u00e9cnico de Desenvolvimento Agr\u00e1rio, do Gabinete de Transi\u00e7\u00e3o Governamental Federal, na condi\u00e7\u00e3o de colaborador permanente. &nbsp;&nbsp;<\/p>\n<p>A equipe \u00e9&nbsp;respons\u00e1vel pelo diagn\u00f3stico da \u00e1rea com dados da gest\u00e3o Bolsonaro e a produ\u00e7\u00e3o de relat\u00f3rios com informa\u00e7\u00f5es sobre o funcionamento e a atua\u00e7\u00e3o dos \u00f3rg\u00e3os e entidades da administra\u00e7\u00e3o p\u00fablica federal, al\u00e9m de indica\u00e7\u00f5es sobre melhorias.&nbsp;<\/p>\n<p>S\u00edlvio Isoppo Porto \u00e9 professor da Licenciatura em Educa\u00e7\u00e3o do Campo &#8211; Ci\u00eancias Agr\u00e1rias do Centro de Forma\u00e7\u00e3o de Professores (CFP), em Amargosa. \u00c9 Doutor em Meio Ambiente e Sociedade (linha de pesquisa em Agroecologia), na Universidade Pablo de Olavide (UPO), em Sevilha, na Espanha. Ele atuou por 23 anos como gestor p\u00fablico (1991-2013), nas tr\u00eas esferas de governo: municipal, estadual e federal.&nbsp;<\/p>\n<p>A escolha de S\u00edlvio Isoppo decorre de&nbsp;\u201csua capacidade t\u00e9cnica e experi\u00eancia profissional\u201d, descreve Pedro Francisco Uczai, coordenador executivo do GT Desenvolvimento Agr\u00e1rio. Uczai solicitou a&nbsp;perman\u00eancia de S\u00edlvio Isoppo no GT at\u00e9 o dia 10 de janeiro de 2023 \u201cpara que possa participar de reuni\u00f5es e di\u00e1logos t\u00e9cnicos no \u00e2mbito da referida equipe\u201d.&nbsp;<\/p>\n<p>Entre 2003 e 2013, S\u00edlvio Isoppo ocupou&nbsp;a Diretoria de Pol\u00edtica Agr\u00edcola e Informa\u00e7\u00f5es (Dipai), da Companhia Nacional de Abastecimento (Conab). Nessa fun\u00e7\u00e3o, participou da cria\u00e7\u00e3o e implementa\u00e7\u00e3o do Programa de Aquisi\u00e7\u00e3o de Alimentos (PAA) &#8211; integrando o Grupo Gestor do Programa -, integrou a equipe do Governo Federal que elaborou, em conjunto com as organiza\u00e7\u00f5es sociais, a Pol\u00edtica e o 1\u00ba Plano Nacional de Agroecologia e Produ\u00e7\u00e3o Org\u00e2nica (PNAPO) &#8211; sendo designado representante da Conab na Comiss\u00e3o Nacional de Agroecologia e Produ\u00e7\u00e3o Org\u00e2nica (Cnapo) &#8211; e no Conselho Nacional de Seguran\u00e7a Alimentar e Nutricional (Consea), representando o Minist\u00e9rio da Agricultura, Pecu\u00e1ria e Abastecimento (Mapa).&nbsp;<\/p>\n<p>S\u00edlvio Isoppo atuou como consultor, entre 2014 e 2019, no desenvolvimento de trabalhos para redes e organiza\u00e7\u00f5es sociais, tais como a Articula\u00e7\u00e3o Nacional de Agroecologia (ANA), a Articula\u00e7\u00e3o do Semi\u00e1rido (ASA) e a Comiss\u00e3o de Desenvolvimento das Comunidades Extrativistas da Regi\u00e3o de Diamantina &#8211; MG (Codecex), entre outras.&nbsp; &nbsp;<\/p>\n<p>Tamb\u00e9m prestou consultoria para a FAO em S\u00e3o Tom\u00e9 e Pr\u00edncipe, entre 2016 e 2017; e em Angola, em 2019.&nbsp;<\/p>\n<p><strong>Revitaliza\u00e7\u00e3o da CONAB e Fome Zero&nbsp;<\/strong><\/p>\n<p>Na condi\u00e7\u00e3o de diretor da Conab, S\u00edlvio Isoppo&nbsp;estabeleceu parcerias para o fortalecimento do trabalho de organiza\u00e7\u00f5es e redes que atuam com o enfoque agroecol\u00f3gico, tais como ANA, ASA, CAA Norte de Minas, Sasop (Bahia) e FASE (Mato Grosso e Par\u00e1), al\u00e9m de ter exercido a Coordena\u00e7\u00e3o do Projeto de coopera\u00e7\u00e3o internacional &#8211; dirigido a revitaliza\u00e7\u00e3o da Conab, estabelecido entre essa Companhia e o Programa da Na\u00e7\u00f5es Unidas para o Desenvolvimento (Pnud), entre 2003 e 2011.&nbsp;<\/p>\n<p>Em 2001, S\u00edvio Isoppo participou da equipe que contribuiu para a elabora\u00e7\u00e3o da proposta do Projeto Fome Zero. Nos \u00e2mbitos municipal e estadual, atuou em programas de abastecimento alimentar nos governos municipais de Porto Alegre (1991-94) e de Belo Horizonte (1994-96) e exerceu a presid\u00eancia das Centrais de Abastecimento do Rio Grande do Sul (1999-2002). Foi consultor do Pnud (1997-98) em Rond\u00f4nia, trabalhando com organiza\u00e7\u00f5es sociais de extrativistas e povos ind\u00edgenas.&nbsp;<\/p>\n","protected":false},"excerpt":{"rendered":"<p>O professor e pesquisador S\u00edlvio Isoppo Porto, da Universidade Federal do Rec\u00f4ncavo da&nbsp;Bahia (UFRB), integra, desde o dia 05 de novembro, o Grupo T\u00e9cnico de Desenvolvimento Agr\u00e1rio, do Gabinete de Transi\u00e7\u00e3o Governamental Federal, na condi\u00e7\u00e3o de colaborador permanente. &nbsp;&nbsp; A equipe \u00e9&nbsp;respons\u00e1vel pelo diagn\u00f3stico da \u00e1rea com dados da gest\u00e3o Bolsonaro e a produ\u00e7\u00e3o de [&hellip;]<\/p>\n","protected":false},"author":1,"featured_media":31445,"comment_status":"closed","ping_status":"closed","sticky":false,"template":"","format":"standard","meta":{"_acf_changed":false,"footnotes":""},"categories":[8],"tags":[21],"class_list":["post-31447","post","type-post","status-publish","format-standard","has-post-thumbnail","hentry","category-noticias","tag-servidores"],"acf":[],"_links":{"self":[{"href":"https:\/\/ufrb.edu.br\/portal\/wp-json\/wp\/v2\/posts\/31447","targetHints":{"allow":["GET"]}}],"collection":[{"href":"https:\/\/ufrb.edu.br\/portal\/wp-json\/wp\/v2\/posts"}],"about":[{"href":"https:\/\/ufrb.edu.br\/portal\/wp-json\/wp\/v2\/types\/post"}],"author":[{"embeddable":true,"href":"https:\/\/ufrb.edu.br\/portal\/wp-json\/wp\/v2\/users\/1"}],"replies":[{"embeddable":true,"href":"https:\/\/ufrb.edu.br\/portal\/wp-json\/wp\/v2\/comments?post=31447"}],"version-history":[{"count":0,"href":"https:\/\/ufrb.edu.br\/portal\/wp-json\/wp\/v2\/posts\/31447\/revisions"}],"wp:featuredmedia":[{"embeddable":true,"href":"https:\/\/ufrb.edu.br\/portal\/wp-json\/wp\/v2\/media\/31445"}],"wp:attachment":[{"href":"https:\/\/ufrb.edu.br\/portal\/wp-json\/wp\/v2\/media?parent=31447"}],"wp:term":[{"taxonomy":"category","embeddable":true,"href":"https:\/\/ufrb.edu.br\/portal\/wp-json\/wp\/v2\/categories?post=31447"},{"taxonomy":"post_tag","embeddable":true,"href":"https:\/\/ufrb.edu.br\/portal\/wp-json\/wp\/v2\/tags?post=31447"}],"curies":[{"name":"wp","href":"https:\/\/api.w.org\/{rel}","templated":true}]}}