{"id":31528,"date":"2023-01-26T13:03:00","date_gmt":"2023-01-26T13:03:00","guid":{"rendered":"https:\/\/ufrb.edu.br\/2023\/01\/26\/festival-de-arte-e-cultura-vai-marcar-o-comeco-do-semestre-na-ufrb\/"},"modified":"2023-01-26T13:03:00","modified_gmt":"2023-01-26T13:03:00","slug":"festival-de-arte-e-cultura-vai-marcar-o-comeco-do-semestre-na-ufrb","status":"publish","type":"post","link":"https:\/\/ufrb.edu.br\/portal\/noticias\/festival-de-arte-e-cultura-vai-marcar-o-comeco-do-semestre-na-ufrb\/","title":{"rendered":"Festival de arte e cultura vai marcar o come\u00e7o do semestre na UFRB"},"content":{"rendered":"<p><img loading=\"lazy\" decoding=\"async\" class=\" size-full wp-image-31527\" src=\"http:\/\/ufrb.edu.br\/wp-content\/uploads\/2023\/01\/20230118135022_MOVACULTURA-3ff.jpeg\" alt=\"\" width=\"1024\" height=\"1280\" srcset=\"https:\/\/ufrb.edu.br\/portal\/wp-content\/uploads\/sites\/5\/2023\/01\/20230118135022_MOVACULTURA-3ff.jpeg 1024w, https:\/\/ufrb.edu.br\/portal\/wp-content\/uploads\/sites\/5\/2023\/01\/20230118135022_MOVACULTURA-3ff-240x300.jpeg 240w, https:\/\/ufrb.edu.br\/portal\/wp-content\/uploads\/sites\/5\/2023\/01\/20230118135022_MOVACULTURA-3ff-819x1024.jpeg 819w, https:\/\/ufrb.edu.br\/portal\/wp-content\/uploads\/sites\/5\/2023\/01\/20230118135022_MOVACULTURA-3ff-768x960.jpeg 768w\" sizes=\"auto, (max-width: 1024px) 100vw, 1024px\" \/><\/p>\n<p>A Universidade Federal do Rec\u00f4ncavo da Bahia (UFRB) vai come\u00e7ar o semestre letivo celebrando a arte e a cultura no festival MOVA CULTURA, em 10 de fevereiro, das 9h \u00e0s 19h, nos arredores da sede da Pr\u00f3-Reitoria de Extens\u00e3o e Cultura (PROEXC), Campus Cruz das Almas. Toda a comunidade acad\u00eamica da UFRB, estudantes da educa\u00e7\u00e3o b\u00e1sica, artistas e pessoas que apreciam m\u00fasica e arte est\u00e3o convidados para o evento.<\/p>\n<p>O MOVA CULTURA vai contar com uma programa\u00e7\u00e3o diversa e pensada para o p\u00fablico infantil, jovem, adulto e idoso. Durante todo o dia, o evento ter\u00e1 exposi\u00e7\u00e3o de obras de arte e fotografia, exposi\u00e7\u00e3o de livros, feira da agricultura familiar e de artesanatos, oficinas e muita m\u00fasica. Ap\u00f3s a abertura do evento (9h), o p\u00fablico vai acompanhar a apresenta\u00e7\u00e3o do pocket show do Coletivo Xar\u00e9u Pocket (10h), voz e viol\u00e3o com Leinne Portugal (13h), voz e viol\u00e3o com Nuno Menezes (14h), forr\u00f3&nbsp;b\u00e9rvyS + Tro\u00e7a Mi\u00fada (15h) e Choro da UFRB (16h). O encerramento do festival ser\u00e1 no coreto das Pr\u00f3-Reitorias, com apresenta\u00e7\u00e3o da filarm\u00f4nica Euterpe cruzalmense (17h) e uma roda com ocoral da UFRB no p\u00f4r do sol (18h). Ao mesmo tempo, haver\u00e1 oficinas de teatro, grafite, escrita criativa, fotografia, introdu\u00e7\u00e3o ao design e alimenta\u00e7\u00e3o saud\u00e1vel.<\/p>\n<p>N\u00e3o \u00e9 necess\u00e1rio se inscrever para participar da primeira edi\u00e7\u00e3o do festival da PROEXC. No entanto, para as oficinas, \u00e9 preciso <a href=\"https:\/\/www.ufrb.edu.br\/proexc\/movacultura#inscricoes\">preencher o formul\u00e1rio online dispon\u00edvel no site do evento<\/a>. Os estudantes, professores e t\u00e9cnicos da UFRB, lotados em outros Centros, devem preencher o <a href=\"https:\/\/www.ufrb.edu.br\/proexc\/movacultura#inscricoes\">formul\u00e1rio de manifesta\u00e7\u00e3o de interesse<\/a> para sinalizar que desejam uma vaga nos transportes que v\u00e3o circular dos centros para o Campus Cruz das Almas.&nbsp;<\/p>\n<p>O Stand\u2019ART ser\u00e1 um espa\u00e7o para exposi\u00e7\u00e3o dos artistas do Rec\u00f4ncavo: Neg\u00e3o Celebridade, Nelson Magalh\u00e3es Filho, Luciano Fraga e Gabriel Ferreira, e para a exposi\u00e7\u00e3o de livros. Al\u00e9m desta programa\u00e7\u00e3o din\u00e2mica, o MOVA tamb\u00e9m vai promover a certifica\u00e7\u00e3o dos-as participantes do Programa Universidade Aberta \u00e0 Maturidade (PROMAT), que desde 2016 promove acesso&nbsp; de adultas-os, acima de 45 anos, e idosas-os, que n\u00e3o cursaram o ensino superior,&nbsp; a uma viv\u00eancia acad\u00eamica.<\/p>\n<p>O MOVA CULTURA celebra e demarca a extens\u00e3o e a cultura como elementos essenciais da rela\u00e7\u00e3o entre universidade e sociedade, traduzida tamb\u00e9m na mudan\u00e7a institucional de nome da Pr\u00f3-Reitoria de Extens\u00e3o e Cultura.&nbsp;<\/p>\n<p>\u201cA trajet\u00f3ria da extens\u00e3o universit\u00e1ria da UFRB assume o compromisso na rela\u00e7\u00e3o entre a cultura e os territ\u00f3rios, atrav\u00e9s do di\u00e1logo com as identidades e as pr\u00e1ticas culturais de seu povo. Na estrutura da Pr\u00f3-Reitoria de Extens\u00e3o sempre existiu duas coordenadorias: a de Extens\u00e3o Universit\u00e1ria e a de Cultura e Universidade \u2013 e, ao denominar-se Pr\u00f3-Reitoria de Extens\u00e3o e Cultura, institucionaliza-se a cultura como pol\u00edtica transversal da forma\u00e7\u00e3o acad\u00eamica, ao mesmo tempo se torna coerente com a pr\u00f3pria estrutura organizacional e de atua\u00e7\u00e3o da Pr\u00f3-Reitoria ao longo de sua exist\u00eancia\u201d, considera a pr\u00f3-reitora Tatiana Velloso sobre a mudan\u00e7a de nome.<\/p>\n<p>A institucionaliza\u00e7\u00e3o da cultura tamb\u00e9m avan\u00e7a com a constitui\u00e7\u00e3o de um F\u00f3rum de Cultura (e da sua Comiss\u00e3o Executiva), que come\u00e7a a desenhar o Plano de Cultura da UFRB. Todos esses avan\u00e7os ser\u00e3o festejados no MOVA CULTURA, no dia 10 de fevereiro.<\/p>\n<p>Paula Alice, coordenadora de Cultura e Universidade da PROEXC, considera importante a promo\u00e7\u00e3o de festivais de arte e cultura. \u201cOferecer diversidade de atividades e obras art\u00edstico-culturais amplia nossas possibilidades de experi\u00eancia e crescimento como seres humanos, fortalece nossa \u00e9tica e nossa rela\u00e7\u00e3o respeitosa com a sociedade e com quem somos, como povo\u201d, afirma a coordenadora.<\/p>\n<p>Siga o <a href=\"https:\/\/www.instagram.com\/movacultura2023\/\">MOVA CULTURA no Instagram<\/a>.<\/p>\n<p>Acesse o <a href=\"https:\/\/www.ufrb.edu.br\/proexc\/movacultura\">site do MOVA CULTURA<\/a>.<\/p>\n<p><a href=\"https:\/\/docs.google.com\/forms\/d\/1GWn243WSBWGcquVO77NDFM4o2ISiw2P_8WmnZQCXBs8\/viewform?fbclid=PAAaapTlAfGFz_CanMHq3igXMMrim3E7lNLYgFLyNomn9n93teAxytZ736dHA&amp;edit_requested=true\">Inscreva-se nas oficinas<\/a>.<strong>&nbsp;<\/strong><\/p>\n<p>Insira os seus dados para <a href=\"https:\/\/docs.google.com\/forms\/d\/e\/1FAIpQLSd-HePXZAx31AO3jUepsNKePLSubNJY-YQo_YBZYs0C2bglMg\/viewform\">manifestar interesse em transporte do centro de ensino para o campus de Cruz das Almas<\/a>.<\/p>\n","protected":false},"excerpt":{"rendered":"<p>A Universidade Federal do Rec\u00f4ncavo da Bahia (UFRB) vai come\u00e7ar o semestre letivo celebrando a arte e a cultura no festival MOVA CULTURA, em 10 de fevereiro, das 9h \u00e0s 19h, nos arredores da sede da Pr\u00f3-Reitoria de Extens\u00e3o e Cultura (PROEXC), Campus Cruz das Almas. Toda a comunidade acad\u00eamica da UFRB, estudantes da educa\u00e7\u00e3o [&hellip;]<\/p>\n","protected":false},"author":1,"featured_media":31526,"comment_status":"closed","ping_status":"closed","sticky":false,"template":"","format":"standard","meta":{"_acf_changed":false,"footnotes":""},"categories":[8],"tags":[16,21],"class_list":["post-31528","post","type-post","status-publish","format-standard","has-post-thumbnail","hentry","category-noticias","tag-estudantes","tag-servidores"],"acf":[],"_links":{"self":[{"href":"https:\/\/ufrb.edu.br\/portal\/wp-json\/wp\/v2\/posts\/31528","targetHints":{"allow":["GET"]}}],"collection":[{"href":"https:\/\/ufrb.edu.br\/portal\/wp-json\/wp\/v2\/posts"}],"about":[{"href":"https:\/\/ufrb.edu.br\/portal\/wp-json\/wp\/v2\/types\/post"}],"author":[{"embeddable":true,"href":"https:\/\/ufrb.edu.br\/portal\/wp-json\/wp\/v2\/users\/1"}],"replies":[{"embeddable":true,"href":"https:\/\/ufrb.edu.br\/portal\/wp-json\/wp\/v2\/comments?post=31528"}],"version-history":[{"count":0,"href":"https:\/\/ufrb.edu.br\/portal\/wp-json\/wp\/v2\/posts\/31528\/revisions"}],"wp:featuredmedia":[{"embeddable":true,"href":"https:\/\/ufrb.edu.br\/portal\/wp-json\/wp\/v2\/media\/31526"}],"wp:attachment":[{"href":"https:\/\/ufrb.edu.br\/portal\/wp-json\/wp\/v2\/media?parent=31528"}],"wp:term":[{"taxonomy":"category","embeddable":true,"href":"https:\/\/ufrb.edu.br\/portal\/wp-json\/wp\/v2\/categories?post=31528"},{"taxonomy":"post_tag","embeddable":true,"href":"https:\/\/ufrb.edu.br\/portal\/wp-json\/wp\/v2\/tags?post=31528"}],"curies":[{"name":"wp","href":"https:\/\/api.w.org\/{rel}","templated":true}]}}