{"id":31538,"date":"2023-02-02T13:44:27","date_gmt":"2023-02-02T13:44:27","guid":{"rendered":"https:\/\/ufrb.edu.br\/2023\/02\/02\/ufrb-oferece-1-896-vagas-em-48-cursos-de-graduacao-no-sisu-2023-1\/"},"modified":"2023-02-02T13:44:27","modified_gmt":"2023-02-02T13:44:27","slug":"ufrb-oferece-1-896-vagas-em-48-cursos-de-graduacao-no-sisu-2023-1","status":"publish","type":"post","link":"https:\/\/ufrb.edu.br\/portal\/noticias\/ufrb-oferece-1-896-vagas-em-48-cursos-de-graduacao-no-sisu-2023-1\/","title":{"rendered":"UFRB oferece 1.896 vagas em 48 cursos de gradua\u00e7\u00e3o no SISU 2023.1\u00a0"},"content":{"rendered":"<p><img loading=\"lazy\" decoding=\"async\" class=\" size-full wp-image-31536\" src=\"http:\/\/ufrb.edu.br\/wp-content\/uploads\/2023\/02\/sisu-23-inscricoes-feed-71a.png\" alt=\"\" width=\"1080\" height=\"1350\" srcset=\"https:\/\/ufrb.edu.br\/portal\/wp-content\/uploads\/sites\/5\/2023\/02\/sisu-23-inscricoes-feed-71a.png 1080w, https:\/\/ufrb.edu.br\/portal\/wp-content\/uploads\/sites\/5\/2023\/02\/sisu-23-inscricoes-feed-71a-240x300.png 240w, https:\/\/ufrb.edu.br\/portal\/wp-content\/uploads\/sites\/5\/2023\/02\/sisu-23-inscricoes-feed-71a-819x1024.png 819w, https:\/\/ufrb.edu.br\/portal\/wp-content\/uploads\/sites\/5\/2023\/02\/sisu-23-inscricoes-feed-71a-768x960.png 768w\" sizes=\"auto, (max-width: 1080px) 100vw, 1080px\" \/><\/p>\n<p>A Universidade Federal do Rec\u00f4ncavo da Bahia (UFRB) oferece 1.896 vagas no <a href=\"https:\/\/sisu.mec.gov.br\/\">Sistema de Sele\u00e7\u00e3o Unificada (Sisu) 2023.1<\/a>. As vagas est\u00e3o distribu\u00eddas em 48 cursos de gradua\u00e7\u00e3o nos campi de Amargosa, Cachoeira\/S\u00e3o F\u00e9lix, Cruz das Almas, Feira de Santana, Santo Amaro e Santo Ant\u00f4nio de Jesus.&nbsp;<\/p>\n<p>As inscri\u00e7\u00f5es para o Sisu 2023.1 estar\u00e3o abertas no per\u00edodo de 16 a 24 de fevereiro e o resultado da chamada regular sair\u00e1 no dia 28 de fevereiro. Os \u00fanicos crit\u00e9rios para a realiza\u00e7\u00e3o da inscri\u00e7\u00e3o pelos interessados s\u00e3o ter feito as provas do Exame Nacional do Ensino M\u00e9dio (Enem) em 2022, ter conclu\u00eddo o ensino m\u00e9dio e n\u00e3o ter zerado a prova de reda\u00e7\u00e3o.&nbsp;&nbsp;<\/p>\n<p>Para se inscrever no Sisu, o candidato deve acessar, exclusivamente pela internet, o Portal \u00danico de Acesso ao Ensino Superior. O acesso ao sistema de inscri\u00e7\u00e3o do Sisu \u00e9 realizado com as informa\u00e7\u00f5es de login e senha para acesso aos servi\u00e7os digitais do governo federal, mediante uma conta no gov.br.&nbsp;<\/p>\n<p>No momento em que o candidato realiza o login no Sisu, o sistema recupera, automaticamente, as notas dele obtidas na edi\u00e7\u00e3o do Enem v\u00e1lida para o processo seletivo.&nbsp;<\/p>\n<p>No ato da inscri\u00e7\u00e3o, o candidato escolhe&nbsp;at\u00e9 duas op\u00e7\u00f5es&nbsp;de curso dentre as ofertadas em cada processo seletivo do Sisu. \u00c9 poss\u00edvel alterar as op\u00e7\u00f5es de curso durante todo o per\u00edodo de inscri\u00e7\u00f5es. A inscri\u00e7\u00e3o v\u00e1lida ser\u00e1 a \u00faltima registrada no sistema.&nbsp;<\/p>\n<p>Vagas ofertadas<\/p>\n<table id=\"tablePreview\" class=\"table table-hover table-condensed\">\n<thead>\n<tr>\n<td>\n<p><strong>Centro de Ensino<\/strong><\/p>\n<\/td>\n<td>\n<p><strong>Curso Ofertado<\/strong><\/p>\n<\/td>\n<td>\n<p><strong>Forma\u00e7\u00e3o<\/strong><\/p>\n<\/td>\n<td>\n<p><strong>Turno<\/strong><\/p>\n<\/td>\n<td>\n<p><strong>Vagas<\/strong><\/p>\n<\/td>\n<\/tr>\n<\/thead>\n<tbody>\n<tr>\n<td>\n<p>Cachoeira\/S\u00e3o F\u00e9lix<\/p>\n<\/td>\n<td>\n<p>Museologia<\/p>\n<\/td>\n<td>\n<p>Bacharelado<\/p>\n<\/td>\n<td>\n<p>Integral<\/p>\n<\/td>\n<td>\n<p>50<\/p>\n<\/td>\n<\/tr>\n<tr>\n<td>\n<p>Cachoeira\/S\u00e3o F\u00e9lix<\/p>\n<\/td>\n<td>\n<p>Comunica\u00e7\u00e3o Social &#8211; Jornalismo<\/p>\n<\/td>\n<td>\n<p>Bacharelado<\/p>\n<\/td>\n<td>\n<p>Integral<\/p>\n<\/td>\n<td>\n<p>40<\/p>\n<\/td>\n<\/tr>\n<tr>\n<td>\n<p>Cachoeira\/S\u00e3o F\u00e9lix<\/p>\n<\/td>\n<td>\n<p>Cinema e Audiovisual<\/p>\n<\/td>\n<td>\n<p>Bacharelado<\/p>\n<\/td>\n<td>\n<p>Integral<\/p>\n<\/td>\n<td>\n<p>40<\/p>\n<\/td>\n<\/tr>\n<tr>\n<td>\n<p>Cachoeira\/S\u00e3o F\u00e9lix<\/p>\n<\/td>\n<td>\n<p>Servi\u00e7o Social<\/p>\n<\/td>\n<td>\n<p>Bacharelado<\/p>\n<\/td>\n<td>\n<p>Integral<\/p>\n<\/td>\n<td>\n<p>50<\/p>\n<\/td>\n<\/tr>\n<tr>\n<td>\n<p>Cachoeira\/S\u00e3o F\u00e9lix<\/p>\n<\/td>\n<td>\n<p>Ci\u00eancias Sociais<\/p>\n<\/td>\n<td>\n<p>Bacharelado<\/p>\n<\/td>\n<td>\n<p>Integral<\/p>\n<\/td>\n<td>\n<p>25<\/p>\n<\/td>\n<\/tr>\n<tr>\n<td>\n<p>Cachoeira\/S\u00e3o F\u00e9lix<\/p>\n<\/td>\n<td>\n<p>Artes Visuais<\/p>\n<\/td>\n<td>\n<p>Bacharelado<\/p>\n<\/td>\n<td>\n<p>Noturno<\/p>\n<\/td>\n<td>\n<p>25<\/p>\n<\/td>\n<\/tr>\n<tr>\n<td>\n<p>Cachoeira\/S\u00e3o F\u00e9lix<\/p>\n<\/td>\n<td>\n<p>Gest\u00e3o P\u00fablica<\/p>\n<\/td>\n<td>\n<p>Tecn\u00f3logo<\/p>\n<\/td>\n<td>\n<p>Noturno<\/p>\n<\/td>\n<td>\n<p>50<\/p>\n<\/td>\n<\/tr>\n<tr>\n<td>\n<p>Cachoeira\/S\u00e3o F\u00e9lix<\/p>\n<\/td>\n<td>\n<p>Publicidade e Propaganda<\/p>\n<\/td>\n<td>\n<p>Bacharelado<\/p>\n<\/td>\n<td>\n<p>Integral<\/p>\n<\/td>\n<td>\n<p>30<\/p>\n<\/td>\n<\/tr>\n<tr>\n<td>\n<p>Cachoeira\/S\u00e3o F\u00e9lix<\/p>\n<\/td>\n<td>\n<p>Ci\u00eancias Sociais<\/p>\n<\/td>\n<td>\n<p>Licenciatura<\/p>\n<\/td>\n<td>\n<p>Integral<\/p>\n<\/td>\n<td>\n<p>25<\/p>\n<\/td>\n<\/tr>\n<tr>\n<td>\n<p>Cachoeira\/S\u00e3o F\u00e9lix<\/p>\n<\/td>\n<td>\n<p>Artes Visuais<\/p>\n<\/td>\n<td>\n<p>Licenciatura<\/p>\n<\/td>\n<td>\n<p>Integral<\/p>\n<\/td>\n<td>\n<p>25<\/p>\n<\/td>\n<\/tr>\n<tr>\n<td>\n<p>Cruz das Almas<\/p>\n<\/td>\n<td>\n<p>Agronomia<\/p>\n<\/td>\n<td>\n<p>Bacharelado<\/p>\n<\/td>\n<td>\n<p>Integral<\/p>\n<\/td>\n<td>\n<p>50<\/p>\n<\/td>\n<\/tr>\n<tr>\n<td>\n<p>Cruz das Almas<\/p>\n<\/td>\n<td>\n<p>Biologia<\/p>\n<\/td>\n<td>\n<p>Licenciatura<\/p>\n<\/td>\n<td>\n<p>Noturno<\/p>\n<\/td>\n<td>\n<p>40<\/p>\n<\/td>\n<\/tr>\n<tr>\n<td>\n<p>Cruz das Almas<\/p>\n<\/td>\n<td>\n<p>Medicina Veterin\u00e1ria<\/p>\n<\/td>\n<td>\n<p>Bacharelado<\/p>\n<\/td>\n<td>\n<p>Integral<\/p>\n<\/td>\n<td>\n<p>40<\/p>\n<\/td>\n<\/tr>\n<tr>\n<td>\n<p>Cruz das Almas<\/p>\n<\/td>\n<td>\n<p>Gest\u00e3o de Cooperativas<\/p>\n<\/td>\n<td>\n<p>Tecn\u00f3logo<\/p>\n<\/td>\n<td>\n<p>Noturno<\/p>\n<\/td>\n<td>\n<p>70<\/p>\n<\/td>\n<\/tr>\n<tr>\n<td>\n<p>Cruz das Almas<\/p>\n<\/td>\n<td>\n<p>Agroecologia<\/p>\n<\/td>\n<td>\n<p>Tecn\u00f3logo<\/p>\n<\/td>\n<td>\n<p>Integral<\/p>\n<\/td>\n<td>\n<p>60<\/p>\n<\/td>\n<\/tr>\n<tr>\n<td>\n<p>Cruz das Almas<\/p>\n<\/td>\n<td>\n<p>Engenharia Florestal<\/p>\n<\/td>\n<td>\n<p>Bacharelado<\/p>\n<\/td>\n<td>\n<p>Integral<\/p>\n<\/td>\n<td>\n<p>70<\/p>\n<\/td>\n<\/tr>\n<tr>\n<td>\n<p>Cruz das Almas<\/p>\n<\/td>\n<td>\n<p>Interdisciplinar em Ci\u00eancias Ambientais<\/p>\n<\/td>\n<td>\n<p>Bacharelado<\/p>\n<\/td>\n<td>\n<p>Matutino<\/p>\n<\/td>\n<td>\n<p>50<\/p>\n<\/td>\n<\/tr>\n<tr>\n<td>\n<p>Cruz das Almas<\/p>\n<\/td>\n<td>\n<p>Zootecnia<\/p>\n<\/td>\n<td>\n<p>Bacharelado<\/p>\n<\/td>\n<td>\n<p>Integral<\/p>\n<\/td>\n<td>\n<p>70<\/p>\n<\/td>\n<\/tr>\n<tr>\n<td>\n<p>Cruz das Almas<\/p>\n<\/td>\n<td>\n<p>Engenharia de Pesca<\/p>\n<\/td>\n<td>\n<p>Bacharelado<\/p>\n<\/td>\n<td>\n<p>Integral<\/p>\n<\/td>\n<td>\n<p>60<\/p>\n<\/td>\n<\/tr>\n<tr>\n<td>\n<p>Cruz das Almas<\/p>\n<\/td>\n<td>\n<p>Biologia<\/p>\n<\/td>\n<td>\n<p>Bacharelado<\/p>\n<\/td>\n<td>\n<p>Integral<\/p>\n<\/td>\n<td>\n<p>60<\/p>\n<\/td>\n<\/tr>\n<tr>\n<td>\n<p>Santo Ant\u00f4nio de Jesus<\/p>\n<\/td>\n<td>\n<p>BIS-Psicologia<\/p>\n<\/td>\n<td>\n<p>Bacharelado<\/p>\n<\/td>\n<td>\n<p>Integral<\/p>\n<\/td>\n<td>\n<p>30<\/p>\n<\/td>\n<\/tr>\n<tr>\n<td>\n<p>Santo Ant\u00f4nio de Jesus<\/p>\n<\/td>\n<td>\n<p>BIS-Nutri\u00e7\u00e3o<\/p>\n<\/td>\n<td>\n<p>Bacharelado<\/p>\n<\/td>\n<td>\n<p>Integral<\/p>\n<\/td>\n<td>\n<p>27<\/p>\n<\/td>\n<\/tr>\n<tr>\n<td>\n<p>Santo Ant\u00f4nio de Jesus<\/p>\n<\/td>\n<td>\n<p>BIS-Enfermagem<\/p>\n<\/td>\n<td>\n<p>Bacharelado<\/p>\n<\/td>\n<td>\n<p>Integral<\/p>\n<\/td>\n<td>\n<p>24<\/p>\n<\/td>\n<\/tr>\n<tr>\n<td>\n<p>Santo Ant\u00f4nio de Jesus<\/p>\n<\/td>\n<td>\n<p>BIS-Medicina<\/p>\n<\/td>\n<td>\n<p>Bacharelado<\/p>\n<\/td>\n<td>\n<p>Integral<\/p>\n<\/td>\n<td>\n<p>30<\/p>\n<\/td>\n<\/tr>\n<tr>\n<td rowspan=\"2\">\n<p>Santo Amaro<\/p>\n<\/td>\n<td rowspan=\"2\">\n<p>Inter. Cultura, Linguagens e Tecnologias Aplicadas<\/p>\n<\/td>\n<td>\n<p>Bacharelado<\/p>\n<\/td>\n<td>\n<p>Noturno<\/p>\n<\/td>\n<td>\n<p>40<\/p>\n<\/td>\n<\/tr>\n<tr>\n<td>\n<p>Bacharelado<\/p>\n<\/td>\n<td>\n<p>Vespertino<\/p>\n<\/td>\n<td>\n<p>40<\/p>\n<\/td>\n<\/tr>\n<tr>\n<td>\n<p>Santo Amaro<\/p>\n<\/td>\n<td>\n<p>M\u00fasica Popular Brasileira<\/p>\n<\/td>\n<td>\n<p>Licenciatura<\/p>\n<\/td>\n<td>\n<p>Vespertino<\/p>\n<\/td>\n<td>\n<p>25<\/p>\n<\/td>\n<\/tr>\n<tr>\n<td>\n<p>Santo Amaro<\/p>\n<\/td>\n<td>\n<p>Artes do Espet\u00e1culo<\/p>\n<\/td>\n<td>\n<p>Tecn\u00f3logo<\/p>\n<\/td>\n<td>\n<p>Vespertino<\/p>\n<\/td>\n<td>\n<p>30<\/p>\n<\/td>\n<\/tr>\n<tr>\n<td>\n<p>Santo Amaro<\/p>\n<\/td>\n<td>\n<p>Produ\u00e7\u00e3o Musical<\/p>\n<\/td>\n<td>\n<p>Tecn\u00f3logo<\/p>\n<\/td>\n<td>\n<p>Vespertino<\/p>\n<\/td>\n<td>\n<p>30<\/p>\n<\/td>\n<\/tr>\n<tr>\n<td>\n<p>Santo Amaro<\/p>\n<\/td>\n<td>\n<p>Pol\u00edtica e Gest\u00e3o Cultural<\/p>\n<\/td>\n<td>\n<p>Tecn\u00f3logo<\/p>\n<\/td>\n<td>\n<p>Noturno<\/p>\n<\/td>\n<td>\n<p>30<\/p>\n<\/td>\n<\/tr>\n<tr>\n<td>\n<p>Santo Amaro<\/p>\n<\/td>\n<td>\n<p>Interdisciplinar em Artes<\/p>\n<\/td>\n<td>\n<p>Licenciatura<\/p>\n<\/td>\n<td>\n<p>Vespertino<\/p>\n<\/td>\n<td>\n<p>40<\/p>\n<\/td>\n<\/tr>\n<tr>\n<td>\n<p>Cruz das Almas<\/p>\n<\/td>\n<td>\n<p>Engenharia Sanit\u00e1ria e Ambiental<\/p>\n<\/td>\n<td>\n<p>Bacharelado<\/p>\n<\/td>\n<td>\n<p>Integral<\/p>\n<\/td>\n<td>\n<p>40<\/p>\n<\/td>\n<\/tr>\n<tr>\n<td>\n<p>Cruz das Almas<\/p>\n<\/td>\n<td>\n<p>Ci\u00eancias Exatas e Tecnol\u00f3gicas (BCET)<\/p>\n<\/td>\n<td>\n<p>Bacharelado<\/p>\n<\/td>\n<td>\n<p>Integral<\/p>\n<\/td>\n<td>\n<p>80<\/p>\n<\/td>\n<\/tr>\n<tr>\n<td>\n<p>Cruz das Almas<\/p>\n<\/td>\n<td>\n<p>BCET &#8211; Engenharia Mec\u00e2nica<\/p>\n<\/td>\n<td>\n<p>Bacharelado<\/p>\n<\/td>\n<td>\n<p>Integral<\/p>\n<\/td>\n<td>\n<p>15<\/p>\n<\/td>\n<\/tr>\n<tr>\n<td>\n<p>Cruz das Almas<\/p>\n<\/td>\n<td>\n<p>BCET &#8211; Engenharia da Computa\u00e7\u00e3o<\/p>\n<\/td>\n<td>\n<p>Bacharelado<\/p>\n<\/td>\n<td>\n<p>Integral<\/p>\n<\/td>\n<td>\n<p>15<\/p>\n<\/td>\n<\/tr>\n<tr>\n<td>\n<p>Cruz das Almas<\/p>\n<\/td>\n<td>\n<p>BCET &#8211; Matem\u00e1tica<\/p>\n<\/td>\n<td>\n<p>Bacharelado<\/p>\n<\/td>\n<td>\n<p>Integral<\/p>\n<\/td>\n<td>\n<p>15<\/p>\n<\/td>\n<\/tr>\n<tr>\n<td>\n<p>Cruz das Almas<\/p>\n<\/td>\n<td>\n<p>BCET &#8211; Engenharia El\u00e9trica<\/p>\n<\/td>\n<td>\n<p>Bacharelado<\/p>\n<\/td>\n<td>\n<p>Integral<\/p>\n<\/td>\n<td>\n<p>15<\/p>\n<\/td>\n<\/tr>\n<tr>\n<td>\n<p>Cruz das Almas<\/p>\n<\/td>\n<td>\n<p>BCET &#8211; F\u00edsica<\/p>\n<\/td>\n<td>\n<p>Bacharelado<\/p>\n<\/td>\n<td>\n<p>Integral<\/p>\n<\/td>\n<td>\n<p>10<\/p>\n<\/td>\n<\/tr>\n<tr>\n<td>\n<p>Feira de Santana<\/p>\n<\/td>\n<td>\n<p>Interdisciplinar em Energia e Sustentabilidade (BES)<\/p>\n<\/td>\n<td>\n<p>Bacharelado<\/p>\n<\/td>\n<td>\n<p>Integral<\/p>\n<\/td>\n<td>\n<p>40<\/p>\n<\/td>\n<\/tr>\n<tr>\n<td>\n<p>Feira de Santana<\/p>\n<\/td>\n<td>\n<p>BES-Engenharia de Materiais<\/p>\n<\/td>\n<td>\n<p>Bacharelado<\/p>\n<\/td>\n<td>\n<p>Integral<\/p>\n<\/td>\n<td>\n<p>20<\/p>\n<\/td>\n<\/tr>\n<tr>\n<td>\n<p>Feira de Santana<\/p>\n<\/td>\n<td>\n<p>BES-Engenharia de Produ\u00e7\u00e3o<\/p>\n<\/td>\n<td>\n<p>Bacharelado<\/p>\n<\/td>\n<td>\n<p>Integral<\/p>\n<\/td>\n<td>\n<p>20<\/p>\n<\/td>\n<\/tr>\n<tr>\n<td>\n<p>Feira de Santana<\/p>\n<\/td>\n<td>\n<p>BES-Engenharia de Energias<\/p>\n<\/td>\n<td>\n<p>Bacharelado<\/p>\n<\/td>\n<td>\n<p>Integral<\/p>\n<\/td>\n<td>\n<p>20<\/p>\n<\/td>\n<\/tr>\n<tr>\n<td>\n<p>Feira de Santana<\/p>\n<\/td>\n<td>\n<p>BES-Engenharia de Tecnologia Assistiva<\/p>\n<\/td>\n<td>\n<p>Bacharelado<\/p>\n<\/td>\n<td>\n<p>Integral<\/p>\n<\/td>\n<td>\n<p>20<\/p>\n<\/td>\n<\/tr>\n<tr>\n<td>\n<p>Amargosa<\/p>\n<\/td>\n<td>\n<p>F\u00edsica<\/p>\n<\/td>\n<td>\n<p>Licenciatura<\/p>\n<\/td>\n<td>\n<p>Integral<\/p>\n<\/td>\n<td>\n<p>50<\/p>\n<\/td>\n<\/tr>\n<tr>\n<td>\n<p>Amargosa<\/p>\n<\/td>\n<td>\n<p>Matem\u00e1tica<\/p>\n<\/td>\n<td>\n<p>Licenciatura<\/p>\n<\/td>\n<td>\n<p>Integral<\/p>\n<\/td>\n<td>\n<p>50<\/p>\n<\/td>\n<\/tr>\n<tr>\n<td>\n<p>Amargosa<\/p>\n<\/td>\n<td>\n<p>Qu\u00edmica<\/p>\n<\/td>\n<td>\n<p>Licenciatura<\/p>\n<\/td>\n<td>\n<p>Integral<\/p>\n<\/td>\n<td>\n<p>50<\/p>\n<\/td>\n<\/tr>\n<tr>\n<td>\n<p>Amargosa<\/p>\n<\/td>\n<td>\n<p>Letras (LIBRAS\/L\u00edngua Estrangeira)<\/p>\n<\/td>\n<td>\n<p>Licenciatura<\/p>\n<\/td>\n<td>\n<p>Noturno<\/p>\n<\/td>\n<td>\n<p>50<\/p>\n<\/td>\n<\/tr>\n<tr>\n<td>\n<p>Amargosa<\/p>\n<\/td>\n<td>\n<p>Filosofia<\/p>\n<\/td>\n<td>\n<p>Licenciatura<\/p>\n<\/td>\n<td>\n<p>Noturno<\/p>\n<\/td>\n<td>\n<p>60<\/p>\n<\/td>\n<\/tr>\n<tr>\n<td>\n<p>Amargosa<\/p>\n<\/td>\n<td>\n<p>Pedagogia<\/p>\n<\/td>\n<td>\n<p>Licenciatura<\/p>\n<\/td>\n<td>\n<p>Noturno<\/p>\n<\/td>\n<td>\n<p>50<\/p>\n<\/td>\n<\/tr>\n<\/tbody>\n<\/table>\n<p><strong>Informe-se&nbsp;<\/strong><\/p>\n<p>Leia o <a href=\"http:\/\/ufrb.edu.br\/wp-content\/uploads\/2023\/02\/20230209092504_Edital_N_004_2023_SISU_LISTA_DE_ESPERA_01_2023_09.02.2023-d24.pdf\" target=\"_blank\" rel=\"noopener\">Edital&nbsp;N\u00ba 04\/2023 de 09 de fevereiro de 2023.<\/a><\/p>\n<p>Para ficar informado, acesse:&nbsp;<a href=\"https:\/\/ufrb.edu.br\/portal\/?p=30669\">https:\/\/www.ufrb.edu.br\/portal\/prosel<\/a><\/p>\n<p>Receba as novidades do Sisu 2023.1 da UFRB no seu celular acessando o canal do Prosel no Telegram:&nbsp;<a href=\"https:\/\/t.me\/proselufrb\"><\/a><a href=\"https:\/\/t.me\/proselufrb\">https:\/\/t.me\/proselufrb<\/a>.&nbsp;<\/p>\n<p>Tire suas d\u00favidas via chat na&nbsp;<a href=\"https:\/\/ufrb.edu.br\/atendimento\">Central de Atendimento<\/a>.<\/p>\n","protected":false},"excerpt":{"rendered":"<p>A Universidade Federal do Rec\u00f4ncavo da Bahia (UFRB) oferece 1.896 vagas no Sistema de Sele\u00e7\u00e3o Unificada (Sisu) 2023.1. As vagas est\u00e3o distribu\u00eddas em 48 cursos de gradua\u00e7\u00e3o nos campi de Amargosa, Cachoeira\/S\u00e3o F\u00e9lix, Cruz das Almas, Feira de Santana, Santo Amaro e Santo Ant\u00f4nio de Jesus.&nbsp; As inscri\u00e7\u00f5es para o Sisu 2023.1 estar\u00e3o abertas no [&hellip;]<\/p>\n","protected":false},"author":1,"featured_media":31535,"comment_status":"closed","ping_status":"closed","sticky":false,"template":"","format":"standard","meta":{"_acf_changed":false,"footnotes":""},"categories":[8],"tags":[14,28],"class_list":["post-31538","post","type-post","status-publish","format-standard","has-post-thumbnail","hentry","category-noticias","tag-concursos-e-editais","tag-sisu-2023-1"],"acf":[],"_links":{"self":[{"href":"https:\/\/ufrb.edu.br\/portal\/wp-json\/wp\/v2\/posts\/31538","targetHints":{"allow":["GET"]}}],"collection":[{"href":"https:\/\/ufrb.edu.br\/portal\/wp-json\/wp\/v2\/posts"}],"about":[{"href":"https:\/\/ufrb.edu.br\/portal\/wp-json\/wp\/v2\/types\/post"}],"author":[{"embeddable":true,"href":"https:\/\/ufrb.edu.br\/portal\/wp-json\/wp\/v2\/users\/1"}],"replies":[{"embeddable":true,"href":"https:\/\/ufrb.edu.br\/portal\/wp-json\/wp\/v2\/comments?post=31538"}],"version-history":[{"count":0,"href":"https:\/\/ufrb.edu.br\/portal\/wp-json\/wp\/v2\/posts\/31538\/revisions"}],"wp:featuredmedia":[{"embeddable":true,"href":"https:\/\/ufrb.edu.br\/portal\/wp-json\/wp\/v2\/media\/31535"}],"wp:attachment":[{"href":"https:\/\/ufrb.edu.br\/portal\/wp-json\/wp\/v2\/media?parent=31538"}],"wp:term":[{"taxonomy":"category","embeddable":true,"href":"https:\/\/ufrb.edu.br\/portal\/wp-json\/wp\/v2\/categories?post=31538"},{"taxonomy":"post_tag","embeddable":true,"href":"https:\/\/ufrb.edu.br\/portal\/wp-json\/wp\/v2\/tags?post=31538"}],"curies":[{"name":"wp","href":"https:\/\/api.w.org\/{rel}","templated":true}]}}