{"id":31991,"date":"2023-07-24T13:07:14","date_gmt":"2023-07-24T13:07:14","guid":{"rendered":"https:\/\/ufrb.edu.br\/2023\/07\/24\/ufrb-divulga-edital-para-cadastro-de-avaliacao-socioeconomica-para-o-ppq-2023\/"},"modified":"2023-07-24T13:07:14","modified_gmt":"2023-07-24T13:07:14","slug":"ufrb-divulga-edital-para-cadastro-de-avaliacao-socioeconomica-para-o-ppq-2023","status":"publish","type":"post","link":"https:\/\/ufrb.edu.br\/portal\/noticias\/ufrb-divulga-edital-para-cadastro-de-avaliacao-socioeconomica-para-o-ppq-2023\/","title":{"rendered":"UFRB divulga edital para cadastro de avalia\u00e7\u00e3o socioecon\u00f4mica para o PPQ"},"content":{"rendered":"<p><img loading=\"lazy\" decoding=\"async\" class=\" size-full wp-image-31990\" src=\"http:\/\/ufrb.edu.br\/wp-content\/uploads\/2023\/07\/ppq-avaliacao-socioeconomica-feed-735.png\" alt=\"\" width=\"1080\" height=\"1350\" srcset=\"https:\/\/ufrb.edu.br\/portal\/wp-content\/uploads\/sites\/5\/2023\/07\/ppq-avaliacao-socioeconomica-feed-735.png 1080w, https:\/\/ufrb.edu.br\/portal\/wp-content\/uploads\/sites\/5\/2023\/07\/ppq-avaliacao-socioeconomica-feed-735-240x300.png 240w, https:\/\/ufrb.edu.br\/portal\/wp-content\/uploads\/sites\/5\/2023\/07\/ppq-avaliacao-socioeconomica-feed-735-819x1024.png 819w, https:\/\/ufrb.edu.br\/portal\/wp-content\/uploads\/sites\/5\/2023\/07\/ppq-avaliacao-socioeconomica-feed-735-768x960.png 768w\" sizes=\"auto, (max-width: 1080px) 100vw, 1080px\" \/><\/p>\n<p>A Universidade Federal do Rec\u00f4ncavo da Bahia (UFRB) torna p\u00fablico o edital do Programa de Perman\u00eancia Qualificada (PPQ) para estudantes da gradua\u00e7\u00e3o presencial realizarem avalia\u00e7\u00e3o socioecon\u00f4mica.<\/p>\n<p>Visando a perman\u00eancia dos estudantes durante a realiza\u00e7\u00e3o da gradua\u00e7\u00e3o, essa etapa habilita previamente os que s\u00e3o aptos a receber aux\u00edlio PPQ, para quando o edital de concess\u00e3o de bolsas for divulgado, o estudante j\u00e1 ter a sua situa\u00e7\u00e3o de vulnerabilidade comprovada.<\/p>\n<p>O per\u00edodo de inscri\u00e7\u00e3o segue at\u00e9 o dia 31 de julho de 2023. Podem participar estudantes calouros(as) e veteranos(as) de cursos de gradua\u00e7\u00e3o presencial que ainda n\u00e3o fizeram avalia\u00e7\u00e3o socioec\u00f4nomica, estudantes que tiveram avalia\u00e7\u00e3o socioeconomica &#8220;Finalizada&#8221; em Editais anteriores,&nbsp;estudantes bolsistas&nbsp;aprovados(as) e\/ou contemplados(as) em processos seletivos anteriores&nbsp;a 2021 e que tenham interesse na reavalia\u00e7\u00e3o socioeconomica e estudantes classificados(as) em avalia\u00e7\u00f5es&nbsp;socioeconomicas anteriores que desejam reavalia\u00e7\u00e3o ou mudaram a condi\u00e7\u00e3o\/ocupa\u00e7\u00e3o declarada anteriormente.<\/p>\n<p>Estudantes interessados(as) devem preencher o Cadastro \u00danico e a Solicita\u00e7\u00e3o de Bolsas, na aba Bolsas, do&nbsp;<a href=\"https:\/\/sistemas.ufrb.edu.br\/sigaa\/verTelaLogin.do\">Portal do Discente no SIGAA<\/a>, adicionando a <a href=\"https:\/\/ufrb.edu.br\/propaae\/editais-e-selecoes\/1231-lancamento-do-edital-01-2023-convocacao-para-avaliacoes-socioeconomicas-para-o-ppq-2\">documenta\u00e7\u00e3o necess\u00e1ria<\/a>.<\/p>\n<p>Os recursos financeiros s\u00e3o do Programa Nacional de Assist\u00eancia Estudantil (PNAES), pol\u00edtica do Minist\u00e9rio da Educa\u00e7\u00e3o que visa auxiliar a perman\u00eancia de jovens de baixa renda matriculados em cursos de gradua\u00e7\u00e3o presencial das institui\u00e7\u00f5es federais de ensino superior.<\/p>\n<p>As d\u00favidas podem ser encaminhadas para os emails&nbsp;<a href=\"mailto:editalpropaae@propaae.ufrb.edu.br\">editalpropaae@propaae.ufrb.edu.br<\/a>&nbsp;e&nbsp;<a href=\"mailto:atendimento@ufrb.edu.br\">atendimento@ufrb.edu.br<\/a>.&nbsp;Os plant\u00f5es tira-d\u00favidas ter\u00e3o formato presencial realizado pelo N\u00facleo de Apoio Integrado ao Estudante-NAIE em Cruz das Almas e N\u00facleos de Gest\u00e3o da PROPAAE nos demais Centros de Ensino.<\/p>\n<p>Confira o&nbsp;<a href=\"https:\/\/ufrb.edu.br\/propaae\/images\/editais\/Edital_007_2023.pdf\">Edital N\u00ba 07\/2023<\/a>.<\/p>\n<p>Mais informa\u00e7\u00f5es no <a href=\"https:\/\/ufrb.edu.br\/propaae\/editais-e-selecoes\/1231-lancamento-do-edital-01-2023-convocacao-para-avaliacoes-socioeconomicas-para-o-ppq-2\">site da PROPAAE<\/a>.<\/p>\n","protected":false},"excerpt":{"rendered":"<p>A Universidade Federal do Rec\u00f4ncavo da Bahia (UFRB) torna p\u00fablico o edital do Programa de Perman\u00eancia Qualificada (PPQ) para estudantes da gradua\u00e7\u00e3o presencial realizarem avalia\u00e7\u00e3o socioecon\u00f4mica. Visando a perman\u00eancia dos estudantes durante a realiza\u00e7\u00e3o da gradua\u00e7\u00e3o, essa etapa habilita previamente os que s\u00e3o aptos a receber aux\u00edlio PPQ, para quando o edital de concess\u00e3o de [&hellip;]<\/p>\n","protected":false},"author":1,"featured_media":31989,"comment_status":"closed","ping_status":"closed","sticky":false,"template":"","format":"standard","meta":{"_acf_changed":false,"footnotes":""},"categories":[8],"tags":[14,16],"class_list":["post-31991","post","type-post","status-publish","format-standard","has-post-thumbnail","hentry","category-noticias","tag-concursos-e-editais","tag-estudantes"],"acf":[],"_links":{"self":[{"href":"https:\/\/ufrb.edu.br\/portal\/wp-json\/wp\/v2\/posts\/31991","targetHints":{"allow":["GET"]}}],"collection":[{"href":"https:\/\/ufrb.edu.br\/portal\/wp-json\/wp\/v2\/posts"}],"about":[{"href":"https:\/\/ufrb.edu.br\/portal\/wp-json\/wp\/v2\/types\/post"}],"author":[{"embeddable":true,"href":"https:\/\/ufrb.edu.br\/portal\/wp-json\/wp\/v2\/users\/1"}],"replies":[{"embeddable":true,"href":"https:\/\/ufrb.edu.br\/portal\/wp-json\/wp\/v2\/comments?post=31991"}],"version-history":[{"count":0,"href":"https:\/\/ufrb.edu.br\/portal\/wp-json\/wp\/v2\/posts\/31991\/revisions"}],"wp:featuredmedia":[{"embeddable":true,"href":"https:\/\/ufrb.edu.br\/portal\/wp-json\/wp\/v2\/media\/31989"}],"wp:attachment":[{"href":"https:\/\/ufrb.edu.br\/portal\/wp-json\/wp\/v2\/media?parent=31991"}],"wp:term":[{"taxonomy":"category","embeddable":true,"href":"https:\/\/ufrb.edu.br\/portal\/wp-json\/wp\/v2\/categories?post=31991"},{"taxonomy":"post_tag","embeddable":true,"href":"https:\/\/ufrb.edu.br\/portal\/wp-json\/wp\/v2\/tags?post=31991"}],"curies":[{"name":"wp","href":"https:\/\/api.w.org\/{rel}","templated":true}]}}