{"id":32012,"date":"2023-07-27T19:09:40","date_gmt":"2023-07-27T19:09:40","guid":{"rendered":"https:\/\/ufrb.edu.br\/2023\/07\/27\/ufrb-seleciona-bolsistas-de-iniciacao-cientifica-para-atuar-em-programa-educacional\/"},"modified":"2023-07-27T19:09:40","modified_gmt":"2023-07-27T19:09:40","slug":"ufrb-seleciona-bolsistas-de-iniciacao-cientifica-para-atuar-em-programa-educacional","status":"publish","type":"post","link":"https:\/\/ufrb.edu.br\/portal\/noticias\/ufrb-seleciona-bolsistas-de-iniciacao-cientifica-para-atuar-em-programa-educacional\/","title":{"rendered":"UFRB seleciona bolsistas de inicia\u00e7\u00e3o cient\u00edfica para atuar em programa educacional"},"content":{"rendered":"<p><img loading=\"lazy\" decoding=\"async\" class=\" size-full wp-image-32011\" src=\"http:\/\/ufrb.edu.br\/wp-content\/uploads\/2023\/07\/bolsista-ic-feed-61d.png\" alt=\"\" width=\"1080\" height=\"1080\" srcset=\"https:\/\/ufrb.edu.br\/portal\/wp-content\/uploads\/sites\/5\/2023\/07\/bolsista-ic-feed-61d.png 1080w, https:\/\/ufrb.edu.br\/portal\/wp-content\/uploads\/sites\/5\/2023\/07\/bolsista-ic-feed-61d-300x300.png 300w, https:\/\/ufrb.edu.br\/portal\/wp-content\/uploads\/sites\/5\/2023\/07\/bolsista-ic-feed-61d-1024x1024.png 1024w, https:\/\/ufrb.edu.br\/portal\/wp-content\/uploads\/sites\/5\/2023\/07\/bolsista-ic-feed-61d-150x150.png 150w, https:\/\/ufrb.edu.br\/portal\/wp-content\/uploads\/sites\/5\/2023\/07\/bolsista-ic-feed-61d-768x768.png 768w\" sizes=\"auto, (max-width: 1080px) 100vw, 1080px\" \/><\/p>\n<p>A Universidade Federal do Rec\u00f4ncavo da Bahia (UFRB) divulga a abertura de inscri\u00e7\u00f5es para bolsistas de Inicia\u00e7\u00e3o Cient\u00edfica (IC) para atuar no \u201cPrograma interdisciplinar: Rede educa\u00e7\u00e3o e sa\u00fade em Escolas P\u00fablicas de Ensino M\u00e9dio na Bahia\u201d, do Observat\u00f3rio da Inclus\u00e3o e Diversidade na Educa\u00e7\u00e3o (DIVERSIFICA), vinculado ao Centro de Ci\u00eancias da Sa\u00fade (CCS), em Santo Ant\u00f4nio de Jesus. Ser\u00e3o ofertadas nove vagas com bolsa mensal no valor de R$ 700,00.<\/p>\n<p>As inscri\u00e7\u00f5es acontecem no per\u00edodo de 28 de julho a 18 de agosto, com o preenchimento de ficha de inscri\u00e7\u00e3o e encaminhamento de documenta\u00e7\u00e3o solicitada no <a href=\"https:\/\/www.ufrb.edu.br\/ascom\/components\/com_chronoforms5\/chronoforms\/uploads\/divulgacao\/20230727145121_Edital_Seleo_IC.Programa_EPEEMBA.pdf\" target=\"_blank\" rel=\"noopener\">Edital N\u00ba 001\/2023<\/a>&nbsp;para o e-mail&nbsp;<a href=\"mailto:diversificaufrb@gmail.com\">diversificaufrb@gmail.com<\/a>.<\/p>\n<p>Das nove vagas, oito s\u00e3o para estudantes do CCS; e uma para estudante do CAHL (somente estudantes do curso de Jornalismo).<\/p>\n<p>As bolsas de IC tem prazo m\u00e1ximo de doze meses. Estas bolsas ter\u00e3o in\u00edcio em 1\u00ba de setembro\/outubro de 2023 e t\u00e9rmino em 31 de agosto\/setembro de 2024.<\/p>\n<p><strong>Processo seletivo<\/strong><\/p>\n<p>O processo seletivo compreende tr\u00eas etapas: homologa\u00e7\u00e3o das inscri\u00e7\u00f5es; an\u00e1lise de curr\u00edculo e hist\u00f3rico escolar e entrevista presencial no dia 30 de agosto.<\/p>\n<p>Confira o&nbsp;<a href=\"https:\/\/www.ufrb.edu.br\/ascom\/components\/com_chronoforms5\/chronoforms\/uploads\/divulgacao\/20230727145121_Edital_Seleo_IC.Programa_EPEEMBA.pdf\" target=\"_blank\" rel=\"noopener\">Edital N\u00ba 001\/2023<\/a>.<\/p>\n","protected":false},"excerpt":{"rendered":"<p>A Universidade Federal do Rec\u00f4ncavo da Bahia (UFRB) divulga a abertura de inscri\u00e7\u00f5es para bolsistas de Inicia\u00e7\u00e3o Cient\u00edfica (IC) para atuar no \u201cPrograma interdisciplinar: Rede educa\u00e7\u00e3o e sa\u00fade em Escolas P\u00fablicas de Ensino M\u00e9dio na Bahia\u201d, do Observat\u00f3rio da Inclus\u00e3o e Diversidade na Educa\u00e7\u00e3o (DIVERSIFICA), vinculado ao Centro de Ci\u00eancias da Sa\u00fade (CCS), em Santo [&hellip;]<\/p>\n","protected":false},"author":1,"featured_media":32010,"comment_status":"closed","ping_status":"closed","sticky":false,"template":"","format":"standard","meta":{"_acf_changed":false,"footnotes":""},"categories":[8],"tags":[14,16],"class_list":["post-32012","post","type-post","status-publish","format-standard","has-post-thumbnail","hentry","category-noticias","tag-concursos-e-editais","tag-estudantes"],"acf":[],"_links":{"self":[{"href":"https:\/\/ufrb.edu.br\/portal\/wp-json\/wp\/v2\/posts\/32012","targetHints":{"allow":["GET"]}}],"collection":[{"href":"https:\/\/ufrb.edu.br\/portal\/wp-json\/wp\/v2\/posts"}],"about":[{"href":"https:\/\/ufrb.edu.br\/portal\/wp-json\/wp\/v2\/types\/post"}],"author":[{"embeddable":true,"href":"https:\/\/ufrb.edu.br\/portal\/wp-json\/wp\/v2\/users\/1"}],"replies":[{"embeddable":true,"href":"https:\/\/ufrb.edu.br\/portal\/wp-json\/wp\/v2\/comments?post=32012"}],"version-history":[{"count":0,"href":"https:\/\/ufrb.edu.br\/portal\/wp-json\/wp\/v2\/posts\/32012\/revisions"}],"wp:featuredmedia":[{"embeddable":true,"href":"https:\/\/ufrb.edu.br\/portal\/wp-json\/wp\/v2\/media\/32010"}],"wp:attachment":[{"href":"https:\/\/ufrb.edu.br\/portal\/wp-json\/wp\/v2\/media?parent=32012"}],"wp:term":[{"taxonomy":"category","embeddable":true,"href":"https:\/\/ufrb.edu.br\/portal\/wp-json\/wp\/v2\/categories?post=32012"},{"taxonomy":"post_tag","embeddable":true,"href":"https:\/\/ufrb.edu.br\/portal\/wp-json\/wp\/v2\/tags?post=32012"}],"curies":[{"name":"wp","href":"https:\/\/api.w.org\/{rel}","templated":true}]}}