{"id":32031,"date":"2023-08-01T12:29:40","date_gmt":"2023-08-01T12:29:40","guid":{"rendered":"https:\/\/ufrb.edu.br\/2023\/08\/01\/edufrb-divulga-edital-para-publicar-produtos-tecnologicos-de-mestrados-profissionais-da-ufrb\/"},"modified":"2023-08-01T12:29:40","modified_gmt":"2023-08-01T12:29:40","slug":"edufrb-divulga-edital-para-publicar-produtos-tecnologicos-de-mestrados-profissionais-da-ufrb","status":"publish","type":"post","link":"https:\/\/ufrb.edu.br\/portal\/noticias\/edufrb-divulga-edital-para-publicar-produtos-tecnologicos-de-mestrados-profissionais-da-ufrb\/","title":{"rendered":"EDUFRB divulga edital para publicar produtos tecnol\u00f3gicos de mestrados profissionais da UFRB"},"content":{"rendered":"<p><img loading=\"lazy\" decoding=\"async\" class=\" size-full wp-image-32029\" src=\"http:\/\/ufrb.edu.br\/wp-content\/uploads\/2023\/08\/editora-produtos-tecnologicos-feed-d8b.png\" alt=\"\" width=\"1080\" height=\"1080\" srcset=\"https:\/\/ufrb.edu.br\/portal\/wp-content\/uploads\/sites\/5\/2023\/08\/editora-produtos-tecnologicos-feed-d8b.png 1080w, https:\/\/ufrb.edu.br\/portal\/wp-content\/uploads\/sites\/5\/2023\/08\/editora-produtos-tecnologicos-feed-d8b-300x300.png 300w, https:\/\/ufrb.edu.br\/portal\/wp-content\/uploads\/sites\/5\/2023\/08\/editora-produtos-tecnologicos-feed-d8b-1024x1024.png 1024w, https:\/\/ufrb.edu.br\/portal\/wp-content\/uploads\/sites\/5\/2023\/08\/editora-produtos-tecnologicos-feed-d8b-150x150.png 150w, https:\/\/ufrb.edu.br\/portal\/wp-content\/uploads\/sites\/5\/2023\/08\/editora-produtos-tecnologicos-feed-d8b-768x768.png 768w\" sizes=\"auto, (max-width: 1080px) 100vw, 1080px\" \/><\/p>\n<p>A Editora da Universidade Federal do Rec\u00f4ncavo da Bahia (EDUFRB) receber\u00e1 propostas de publica\u00e7\u00e3o de produtos tecnol\u00f3gicos produzidos nos dez programas de mestrados profissionais da UFRB. As obras inscritas devem apresentar resultados de pesquisas cient\u00edficas, experi\u00eancias, inova\u00e7\u00f5es tecnol\u00f3gicas, inova\u00e7\u00f5es educacionais e culturais.<\/p>\n<p>O per\u00edodo de inscri\u00e7\u00f5es dos interessados ser\u00e1 de 1 de novembro \u00e0 11 de dezembro. A inscri\u00e7\u00e3o consta do envio de dois arquivos para o e-mail da EDUFRB <a href=\"mailto:editora@reitoria.ufrb.edu.br.\">editora@reitoria.ufrb.edu.br.<\/a> As propostas devem ter de 40 a 100 p\u00e1ginas.<\/p>\n<p>O objetivo da EDUFRB \u00e9 estimular a sistematiza\u00e7\u00e3o, socializa\u00e7\u00e3o e aumento da produ\u00e7\u00e3o acad\u00eamica dos Programas de Mestrados Profissionais: Hist\u00f3ria da \u00c1frica, da Di\u00e1spora e dos Povos Ind\u00edgenas; Educa\u00e7\u00e3o do Campo; Filosofia; Defesa Agropecu\u00e1ria; Gest\u00e3o de Pol\u00edticas P\u00fablicas e Seguran\u00e7a Social; Matem\u00e1tica; Sa\u00fade da Fam\u00edlia; Sa\u00fade da Popula\u00e7\u00e3o Negra e Ind\u00edgena; Educa\u00e7\u00e3o Cient\u00edfica, Inclus\u00e3o e Diversidade; e Propriedade Intelectual e Transfer\u00eancia de Tecnologia para Inova\u00e7\u00e3o.<\/p>\n<p>Pelas normas do Edital, entende-se como produtos tecnol\u00f3gicos (produtos de editora\u00e7\u00e3o), pelo desenvolvimento de produto t\u00e9cnico ou tecnol\u00f3gico, relacionadas \u00e0 divulga\u00e7\u00e3o da produ\u00e7\u00e3o de conhecimento, tais como: guias, manuais, cartilhas, cat\u00e1logos de tecnologias sociais, cat\u00e1logos de produ\u00e7\u00e3o art\u00edstica, relat\u00f3rios t\u00e9cnicos e materiais paradid\u00e1ticos.<\/p>\n<p>As propostas de produtos aprovadas pelo Conselho Editorial da EDUFRB ser\u00e3o publicadas no formato eletr\u00f4nico. O produto tecnol\u00f3gico, no formato eletr\u00f4nico, n\u00e3o ser\u00e1 comercializado e ficar\u00e1 dispon\u00edvel para leitura online e download gratuito, por tempo indeterminado, na p\u00e1gina da EDUFRB: <a href=\"https:\/\/ufrb.edu.br\/editora\/titulos-publicados\">ufrb.edu.br\/editora\/titulos-publicados<\/a>.<\/p>\n<p>Segundo o edital, n\u00e3o ser\u00e3o aceitas propostas de artigos, ensaios e livros. As propostas de livros dever\u00e3o ser encaminhadas via fluxo cont\u00ednuo \u00e0 Editora, atendendo as normas de publica\u00e7\u00e3o de livros (eletr\u00f4nicos e impressos).<\/p>\n<p>Confira o&nbsp;<a href=\"http:\/\/ufrb.edu.br\/wp-content\/uploads\/2023\/08\/Edital_EDUFRB_assinado_assinado-65e.pdf\" target=\"_blank\" rel=\"noopener\">Edital&nbsp;EDUFRB N\u00ba 01\/2023<\/a>.<\/p>\n","protected":false},"excerpt":{"rendered":"<p>A Editora da Universidade Federal do Rec\u00f4ncavo da Bahia (EDUFRB) receber\u00e1 propostas de publica\u00e7\u00e3o de produtos tecnol\u00f3gicos produzidos nos dez programas de mestrados profissionais da UFRB. As obras inscritas devem apresentar resultados de pesquisas cient\u00edficas, experi\u00eancias, inova\u00e7\u00f5es tecnol\u00f3gicas, inova\u00e7\u00f5es educacionais e culturais. O per\u00edodo de inscri\u00e7\u00f5es dos interessados ser\u00e1 de 1 de novembro \u00e0 11 [&hellip;]<\/p>\n","protected":false},"author":1,"featured_media":32028,"comment_status":"closed","ping_status":"closed","sticky":false,"template":"","format":"standard","meta":{"_acf_changed":false,"footnotes":""},"categories":[8],"tags":[15,16,21],"class_list":["post-32031","post","type-post","status-publish","format-standard","has-post-thumbnail","hentry","category-noticias","tag-egressos","tag-estudantes","tag-servidores"],"acf":[],"_links":{"self":[{"href":"https:\/\/ufrb.edu.br\/portal\/wp-json\/wp\/v2\/posts\/32031","targetHints":{"allow":["GET"]}}],"collection":[{"href":"https:\/\/ufrb.edu.br\/portal\/wp-json\/wp\/v2\/posts"}],"about":[{"href":"https:\/\/ufrb.edu.br\/portal\/wp-json\/wp\/v2\/types\/post"}],"author":[{"embeddable":true,"href":"https:\/\/ufrb.edu.br\/portal\/wp-json\/wp\/v2\/users\/1"}],"replies":[{"embeddable":true,"href":"https:\/\/ufrb.edu.br\/portal\/wp-json\/wp\/v2\/comments?post=32031"}],"version-history":[{"count":0,"href":"https:\/\/ufrb.edu.br\/portal\/wp-json\/wp\/v2\/posts\/32031\/revisions"}],"wp:featuredmedia":[{"embeddable":true,"href":"https:\/\/ufrb.edu.br\/portal\/wp-json\/wp\/v2\/media\/32028"}],"wp:attachment":[{"href":"https:\/\/ufrb.edu.br\/portal\/wp-json\/wp\/v2\/media?parent=32031"}],"wp:term":[{"taxonomy":"category","embeddable":true,"href":"https:\/\/ufrb.edu.br\/portal\/wp-json\/wp\/v2\/categories?post=32031"},{"taxonomy":"post_tag","embeddable":true,"href":"https:\/\/ufrb.edu.br\/portal\/wp-json\/wp\/v2\/tags?post=32031"}],"curies":[{"name":"wp","href":"https:\/\/api.w.org\/{rel}","templated":true}]}}