{"id":32033,"date":"2023-08-01T13:10:54","date_gmt":"2023-08-01T13:10:54","guid":{"rendered":"https:\/\/ufrb.edu.br\/2023\/08\/01\/rede-andifes-isf-oferta-cursos-de-idiomas-para-comunidade-academica-da-ufrb-2023-2\/"},"modified":"2023-08-01T13:10:54","modified_gmt":"2023-08-01T13:10:54","slug":"rede-andifes-isf-oferta-cursos-de-idiomas-para-comunidade-academica-da-ufrb-2023-2","status":"publish","type":"post","link":"https:\/\/ufrb.edu.br\/portal\/noticias\/rede-andifes-isf-oferta-cursos-de-idiomas-para-comunidade-academica-da-ufrb-2023-2\/","title":{"rendered":"Rede Andifes IsF oferta cursos de idiomas para comunidade acad\u00eamica da UFRB"},"content":{"rendered":"<p><img loading=\"lazy\" decoding=\"async\" class=\" size-full wp-image-31755\" src=\"http:\/\/ufrb.edu.br\/wp-content\/uploads\/2023\/04\/cursos-redeifes-feed-561.png\" alt=\"\" width=\"1080\" height=\"1350\" srcset=\"https:\/\/ufrb.edu.br\/portal\/wp-content\/uploads\/sites\/5\/2023\/04\/cursos-redeifes-feed-561.png 1080w, https:\/\/ufrb.edu.br\/portal\/wp-content\/uploads\/sites\/5\/2023\/04\/cursos-redeifes-feed-561-240x300.png 240w, https:\/\/ufrb.edu.br\/portal\/wp-content\/uploads\/sites\/5\/2023\/04\/cursos-redeifes-feed-561-819x1024.png 819w, https:\/\/ufrb.edu.br\/portal\/wp-content\/uploads\/sites\/5\/2023\/04\/cursos-redeifes-feed-561-768x960.png 768w\" sizes=\"auto, (max-width: 1080px) 100vw, 1080px\" \/><\/p>\n<p>A Rede Andifes IsF est\u00e1 promovendo uma oferta coletiva de cursos de idiomas \u2013 alem\u00e3o, espanhol, franc\u00eas, ingl\u00eas, italiano, japon\u00eas e portugu\u00eas para estrangeiros \u2013 para toda a comunidade (discentes, docentes e t\u00e9cnico-administrativos) da UFRB, bem como para toda a comunidade das institui\u00e7\u00f5es credenciadas \u00e0 Rede IsF.<\/p>\n<p>Todos os detalhes sobre os temas dos cursos, hor\u00e1rios e elegibilidade poder\u00e3o ser consultados no edital dispon\u00edvel na p\u00e1gina da Andifes: <a href=\"https:\/\/www.andifes.org.br\/?page_id=82328\">andifes.org.br\/?page_id=82328<\/a>.<\/p>\n<p>As inscri\u00e7\u00f5es se iniciam no dia 2 de agosto (quarta-feira), ao meio-dia e ser\u00e3o finalizadas no dia 12 de agosto (s\u00e1bado) ao meio-dia (hor\u00e1rio de Bras\u00edlia).<\/p>\n<p>S\u00e3o 3.850 vagas distribu\u00eddas em diferentes cursos dos 7 idiomas. Cada turma ter\u00e1 25 vagas e 20 em lista de espera. Pode ser necess\u00e1rio apresentar comprovante de v\u00ednculo com a institui\u00e7\u00e3o, assim como comprovante de profici\u00eancia (conferir edital), dependendo do idioma e curso escolhidos.<\/p>\n<p>Os cursos s\u00e3o gratuitos e ofertados de forma colaborativa pelos especialistas de idiomas credenciados na Rede Andifes IsF. A Rede IsF segue sendo a primeira a ofertar cursos de idiomas de forma aberta, gratuita e com a qualidade que o IsF sempre imprimiu em seus cursos. As aulas ser\u00e3o realizadas totalmente on-line, de forma s\u00edncrona, e podem durar de 1 m\u00eas (cursos de 16h) a 2 meses (32h) em dois encontros semanais de 2 horas cada um ou em um \u00fanico encontro de 4 horas (com intervalo). Os hor\u00e1rios indicados s\u00e3o hor\u00e1rios de Bras\u00edlia. S\u00f3 \u00e9 permitida a inscri\u00e7\u00e3o em um \u00fanico idioma por CPF.<\/p>\n<p>Leia o edital e prepare seus documentos com anteced\u00eancia para garantir sua vaga:<\/p>\n<p><a href=\"https:\/\/www.andifes.org.br\/wp-content\/uploads\/2023\/08\/EDITAL-OFERTA-2SEM2023-PORTUGUES.pdf\">Edital Oferta 2 semestre 2023 \u2013 IsF Portugu\u00eas para estrangeiros<\/a>&nbsp;<\/p>\n<p><a href=\"https:\/\/www.andifes.org.br\/wp-content\/uploads\/2023\/08\/EDITAL-OFERTA-COLETIVA-2-SEM-2023.pdf\">Edital Oferta 2 semestre 2023 \u2013 IsF Alem\u00e3o, Espanhol, Franc\u00eas, Ingl\u00eas, Italiano e Japon\u00eas<\/a><\/p>\n","protected":false},"excerpt":{"rendered":"<p>A Rede Andifes IsF est\u00e1 promovendo uma oferta coletiva de cursos de idiomas \u2013 alem\u00e3o, espanhol, franc\u00eas, ingl\u00eas, italiano, japon\u00eas e portugu\u00eas para estrangeiros \u2013 para toda a comunidade (discentes, docentes e t\u00e9cnico-administrativos) da UFRB, bem como para toda a comunidade das institui\u00e7\u00f5es credenciadas \u00e0 Rede IsF. Todos os detalhes sobre os temas dos cursos, [&hellip;]<\/p>\n","protected":false},"author":1,"featured_media":31754,"comment_status":"closed","ping_status":"closed","sticky":false,"template":"","format":"standard","meta":{"_acf_changed":false,"footnotes":""},"categories":[8],"tags":[15,16,21],"class_list":["post-32033","post","type-post","status-publish","format-standard","has-post-thumbnail","hentry","category-noticias","tag-egressos","tag-estudantes","tag-servidores"],"acf":[],"_links":{"self":[{"href":"https:\/\/ufrb.edu.br\/portal\/wp-json\/wp\/v2\/posts\/32033","targetHints":{"allow":["GET"]}}],"collection":[{"href":"https:\/\/ufrb.edu.br\/portal\/wp-json\/wp\/v2\/posts"}],"about":[{"href":"https:\/\/ufrb.edu.br\/portal\/wp-json\/wp\/v2\/types\/post"}],"author":[{"embeddable":true,"href":"https:\/\/ufrb.edu.br\/portal\/wp-json\/wp\/v2\/users\/1"}],"replies":[{"embeddable":true,"href":"https:\/\/ufrb.edu.br\/portal\/wp-json\/wp\/v2\/comments?post=32033"}],"version-history":[{"count":0,"href":"https:\/\/ufrb.edu.br\/portal\/wp-json\/wp\/v2\/posts\/32033\/revisions"}],"wp:featuredmedia":[{"embeddable":true,"href":"https:\/\/ufrb.edu.br\/portal\/wp-json\/wp\/v2\/media\/31754"}],"wp:attachment":[{"href":"https:\/\/ufrb.edu.br\/portal\/wp-json\/wp\/v2\/media?parent=32033"}],"wp:term":[{"taxonomy":"category","embeddable":true,"href":"https:\/\/ufrb.edu.br\/portal\/wp-json\/wp\/v2\/categories?post=32033"},{"taxonomy":"post_tag","embeddable":true,"href":"https:\/\/ufrb.edu.br\/portal\/wp-json\/wp\/v2\/tags?post=32033"}],"curies":[{"name":"wp","href":"https:\/\/api.w.org\/{rel}","templated":true}]}}