{"id":32166,"date":"2023-09-20T11:40:43","date_gmt":"2023-09-20T11:40:43","guid":{"rendered":"https:\/\/ufrb.edu.br\/2023\/09\/20\/ufrb-abre-inscricoes-para-o-4-festival-insubmissoes-culturais-na-reconcitec-2023\/"},"modified":"2023-09-20T11:40:43","modified_gmt":"2023-09-20T11:40:43","slug":"ufrb-abre-inscricoes-para-o-4-festival-insubmissoes-culturais-na-reconcitec-2023","status":"publish","type":"post","link":"https:\/\/ufrb.edu.br\/portal\/noticias\/ufrb-abre-inscricoes-para-o-4-festival-insubmissoes-culturais-na-reconcitec-2023\/","title":{"rendered":"UFRB abre inscri\u00e7\u00f5es para o 4\u00ba Festival Insubmiss\u00f5es Culturais na Reconcitec 2023"},"content":{"rendered":"<p><img loading=\"lazy\" decoding=\"async\" class=\" size-full wp-image-32165\" src=\"http:\/\/ufrb.edu.br\/wp-content\/uploads\/2023\/09\/Card-divulgacao_Insubmissoes-02-7d9-scaled.jpg\" alt=\"\" width=\"2054\" height=\"2560\" \/><\/p>\n<p>A Universidade Federal do Rec\u00f4ncavo da Bahia (UFRB) divulga a abertura para submiss\u00f5es de propostas de mostras art\u00edsticas para compor a programa\u00e7\u00e3o do&nbsp;<a href=\"https:\/\/www.ufrb.edu.br\/proexc\/insubmissoes-culturais\">4\u00ba Festival Insubmiss\u00f5es Culturais: A arte de reXistir<\/a>&nbsp;durante a Reuni\u00e3o Anual de Ci\u00eancia, Tecnologia, Inova\u00e7\u00e3o e Cultura no Rec\u00f4ncavo da Bahia \u2013 Reconcitec 2023.&nbsp;A Reconcitec 2023, com o tema &#8220;Ci\u00eancias no Plural&#8221;, ser\u00e1 realizada de forma h\u00edbrida de 17 a 20 de outubro de 2023, nos campi de Cruz das Almas, Feira de Santana e Santo Ant\u00f4nio de Jesus.<\/p>\n<p>A quarta edi\u00e7\u00e3o do Festival Insubmiss\u00f5es Culturais se coloca como espa\u00e7o de partilha e provoca toda a comunidade (acad\u00eamica e n\u00e3o-acad\u00eamica) para submeterem suas produ\u00e7\u00f5es e interven\u00e7\u00f5es de arte comprometidas com as reflex\u00f5es sobre as nossas diversas formas de exist\u00eancias, resist\u00eancias e subjetividades. A chamada acolhe tamb\u00e9m produ\u00e7\u00f5es que dialoguem com as manifesta\u00e7\u00f5es populares, em especial de matriz africana e ind\u00edgena. Ser\u00e3o aceitas inscri\u00e7\u00f5es de obras visuais, sonoras ou audiovisuais, que ser\u00e3o disponibilizadas em galerias ou trilhas no site do evento. Podem ser enviados trabalhos que envolvam as diversas linguagens art\u00edsticas e express\u00f5es identit\u00e1rias e populares, a exemplo de fotos, m\u00fasicas, filmes e performances gravadas.<\/p>\n<p>Para a inscri\u00e7\u00e3o, as obras dever\u00e3o estar previamente hospedadas em alguma plataforma digital (ex: Youtube, Soundcloud, Flickr, etc) e deve ser disponibilizado o link de acesso para a Comiss\u00e3o de Avalia\u00e7\u00e3o junto com o Termo de Autoriza\u00e7\u00e3o de Exibi\u00e7\u00e3o de Obras Visuais, Sonoras ou Audiovisuais at\u00e9 o dia 4 de outubro de 2023.<\/p>\n<p>N\u00e3o poder\u00e3o ser submetidas propostas j\u00e1 selecionadas nas edi\u00e7\u00f5es anteriores do evento. As propostas submetidas ser\u00e3o avaliadas por uma comiss\u00e3o curatorial composta por docentes da UFRB.<\/p>\n<p>Confira a&nbsp;<a href=\"https:\/\/www.ufrb.edu.br\/proexc\/insubmissoes-culturais\">chamada e inscreva-se.<\/a><\/p>\n","protected":false},"excerpt":{"rendered":"<p>A Universidade Federal do Rec\u00f4ncavo da Bahia (UFRB) divulga a abertura para submiss\u00f5es de propostas de mostras art\u00edsticas para compor a programa\u00e7\u00e3o do&nbsp;4\u00ba Festival Insubmiss\u00f5es Culturais: A arte de reXistir&nbsp;durante a Reuni\u00e3o Anual de Ci\u00eancia, Tecnologia, Inova\u00e7\u00e3o e Cultura no Rec\u00f4ncavo da Bahia \u2013 Reconcitec 2023.&nbsp;A Reconcitec 2023, com o tema &#8220;Ci\u00eancias no Plural&#8221;, ser\u00e1 [&hellip;]<\/p>\n","protected":false},"author":1,"featured_media":32164,"comment_status":"closed","ping_status":"closed","sticky":false,"template":"","format":"standard","meta":{"_acf_changed":false,"footnotes":""},"categories":[8],"tags":[15,16,21],"class_list":["post-32166","post","type-post","status-publish","format-standard","has-post-thumbnail","hentry","category-noticias","tag-egressos","tag-estudantes","tag-servidores"],"acf":[],"_links":{"self":[{"href":"https:\/\/ufrb.edu.br\/portal\/wp-json\/wp\/v2\/posts\/32166","targetHints":{"allow":["GET"]}}],"collection":[{"href":"https:\/\/ufrb.edu.br\/portal\/wp-json\/wp\/v2\/posts"}],"about":[{"href":"https:\/\/ufrb.edu.br\/portal\/wp-json\/wp\/v2\/types\/post"}],"author":[{"embeddable":true,"href":"https:\/\/ufrb.edu.br\/portal\/wp-json\/wp\/v2\/users\/1"}],"replies":[{"embeddable":true,"href":"https:\/\/ufrb.edu.br\/portal\/wp-json\/wp\/v2\/comments?post=32166"}],"version-history":[{"count":0,"href":"https:\/\/ufrb.edu.br\/portal\/wp-json\/wp\/v2\/posts\/32166\/revisions"}],"wp:featuredmedia":[{"embeddable":true,"href":"https:\/\/ufrb.edu.br\/portal\/wp-json\/wp\/v2\/media\/32164"}],"wp:attachment":[{"href":"https:\/\/ufrb.edu.br\/portal\/wp-json\/wp\/v2\/media?parent=32166"}],"wp:term":[{"taxonomy":"category","embeddable":true,"href":"https:\/\/ufrb.edu.br\/portal\/wp-json\/wp\/v2\/categories?post=32166"},{"taxonomy":"post_tag","embeddable":true,"href":"https:\/\/ufrb.edu.br\/portal\/wp-json\/wp\/v2\/tags?post=32166"}],"curies":[{"name":"wp","href":"https:\/\/api.w.org\/{rel}","templated":true}]}}