{"id":32505,"date":"2024-01-24T15:59:52","date_gmt":"2024-01-24T15:59:52","guid":{"rendered":"https:\/\/ufrb.edu.br\/2024\/01\/24\/ufrb-reabre-inscricoes-para-transferencia-interna-sao-ofertadas-1640-vagas-para-o-semestre-2024-1\/"},"modified":"2024-01-24T15:59:52","modified_gmt":"2024-01-24T15:59:52","slug":"ufrb-reabre-inscricoes-para-transferencia-interna-sao-ofertadas-1640-vagas-para-o-semestre-2024-1","status":"publish","type":"post","link":"https:\/\/ufrb.edu.br\/portal\/noticias\/ufrb-reabre-inscricoes-para-transferencia-interna-sao-ofertadas-1640-vagas-para-o-semestre-2024-1\/","title":{"rendered":"UFRB reabre inscri\u00e7\u00f5es para transfer\u00eancia interna; s\u00e3o ofertadas 1.640 vagas para o semestre 2024.1"},"content":{"rendered":"<p><img loading=\"lazy\" decoding=\"async\" class=\" size-full wp-image-32503\" src=\"http:\/\/ufrb.edu.br\/wp-content\/uploads\/2024\/01\/transferencia-interna-feed-3b2.png\" alt=\"\" width=\"1080\" height=\"1350\" srcset=\"https:\/\/ufrb.edu.br\/portal\/wp-content\/uploads\/sites\/5\/2024\/01\/transferencia-interna-feed-3b2.png 1080w, https:\/\/ufrb.edu.br\/portal\/wp-content\/uploads\/sites\/5\/2024\/01\/transferencia-interna-feed-3b2-240x300.png 240w, https:\/\/ufrb.edu.br\/portal\/wp-content\/uploads\/sites\/5\/2024\/01\/transferencia-interna-feed-3b2-819x1024.png 819w, https:\/\/ufrb.edu.br\/portal\/wp-content\/uploads\/sites\/5\/2024\/01\/transferencia-interna-feed-3b2-768x960.png 768w\" sizes=\"auto, (max-width: 1080px) 100vw, 1080px\" \/><\/p>\n<p>A Universidade Federal do Rec\u00f4ncavo da Bahia (UFRB) reabre as inscri\u00e7\u00f5es para 1.640 vagas, em 51 cursos de gradua\u00e7\u00e3o, via transfer\u00eancia interna, com ingresso no semestre 2024.1, previsto para iniciar em 4 de mar\u00e7o de 2024. A transfer\u00eancia interna permite ao estudante da UFRB a mudan\u00e7a de curso de gradua\u00e7\u00e3o.<\/p>\n<p>O edital havia sido suspenso anteriormente em virtude de cumprimento de decis\u00e3o judicial.&nbsp;As regras foram modificadas e a partir dessa edi\u00e7\u00e3o foram inclu\u00eddas as modalidades de reserva de vagas, conforme a Lei de Cotas.<\/p>\n<p>Todos(as) os(as) inscritos(as) anteriormente dever\u00e3o refazer sua inscri\u00e7\u00e3o e escolher a modalidade de vaga que queira concorrer. A inscri\u00e7\u00e3o deve ser realizada no&nbsp;<a href=\"https:\/\/ufrb.edu.br\/portal\/2009\/07\/01\/conheca-o-pacap2009\/\">site de Processos Seletivos<\/a>, no per\u00edodo de 26 a 30 de janeiro.<\/p>\n<p>Podem participar do processo seletivo estudantes regulares da UFRB que tenham conclu\u00eddo o primeiro semestre regular sem reprova\u00e7\u00e3o por falta e que tenham realizado o Exame Nacional do Ensino M\u00e9dio (ENEM) de 2011 a 2023 sem obter nota zero em qualquer uma das provas.<\/p>\n<p><strong>Informe-se<\/strong><\/p>\n<p>Leia o&nbsp;<a href=\"http:\/\/ufrb.edu.br\/wp-content\/uploads\/2024\/01\/20240123150242_EDITAL_02_2024_-_TRANSFERNCIA_INTERNA_2024.1-0d5.pdf\">Edital PROGRAD N\u00ba 02\/2024<\/a>.<\/p>\n<p>Acesse diariamente o <a href=\"https:\/\/ufrb.edu.br\/portal\/?p=30669\">site de Processos Seletivos da UFRB<\/a>.<\/p>\n<p>Receba as novidades dos processos seletivos da UFRB no seu celular acessando o canal do Prosel no Telegram:&nbsp;<a href=\"https:\/\/t.me\/proselufrb\">t.me\/proselufrb<\/a>.<\/p>\n<p>Tire suas d\u00favidas via chat na&nbsp;<a href=\"https:\/\/ufrb.edu.br\/atendimento\">Central de Atendimento<\/a>.<\/p>\n<p><strong>Vagas Ofertadas<\/strong><\/p><\/p>\n","protected":false},"excerpt":{"rendered":"<p>A Universidade Federal do Rec\u00f4ncavo da Bahia (UFRB) reabre as inscri\u00e7\u00f5es para 1.640 vagas, em 51 cursos de gradua\u00e7\u00e3o, via transfer\u00eancia interna, com ingresso no semestre 2024.1, previsto para iniciar em 4 de mar\u00e7o de 2024. A transfer\u00eancia interna permite ao estudante da UFRB a mudan\u00e7a de curso de gradua\u00e7\u00e3o. O edital havia sido suspenso [&hellip;]<\/p>\n","protected":false},"author":1,"featured_media":32502,"comment_status":"closed","ping_status":"closed","sticky":false,"template":"","format":"standard","meta":{"_acf_changed":false,"footnotes":""},"categories":[8],"tags":[14,16],"class_list":["post-32505","post","type-post","status-publish","format-standard","has-post-thumbnail","hentry","category-noticias","tag-concursos-e-editais","tag-estudantes"],"acf":[],"_links":{"self":[{"href":"https:\/\/ufrb.edu.br\/portal\/wp-json\/wp\/v2\/posts\/32505","targetHints":{"allow":["GET"]}}],"collection":[{"href":"https:\/\/ufrb.edu.br\/portal\/wp-json\/wp\/v2\/posts"}],"about":[{"href":"https:\/\/ufrb.edu.br\/portal\/wp-json\/wp\/v2\/types\/post"}],"author":[{"embeddable":true,"href":"https:\/\/ufrb.edu.br\/portal\/wp-json\/wp\/v2\/users\/1"}],"replies":[{"embeddable":true,"href":"https:\/\/ufrb.edu.br\/portal\/wp-json\/wp\/v2\/comments?post=32505"}],"version-history":[{"count":0,"href":"https:\/\/ufrb.edu.br\/portal\/wp-json\/wp\/v2\/posts\/32505\/revisions"}],"wp:featuredmedia":[{"embeddable":true,"href":"https:\/\/ufrb.edu.br\/portal\/wp-json\/wp\/v2\/media\/32502"}],"wp:attachment":[{"href":"https:\/\/ufrb.edu.br\/portal\/wp-json\/wp\/v2\/media?parent=32505"}],"wp:term":[{"taxonomy":"category","embeddable":true,"href":"https:\/\/ufrb.edu.br\/portal\/wp-json\/wp\/v2\/categories?post=32505"},{"taxonomy":"post_tag","embeddable":true,"href":"https:\/\/ufrb.edu.br\/portal\/wp-json\/wp\/v2\/tags?post=32505"}],"curies":[{"name":"wp","href":"https:\/\/api.w.org\/{rel}","templated":true}]}}