{"id":32697,"date":"2024-03-25T12:02:55","date_gmt":"2024-03-25T12:02:55","guid":{"rendered":"https:\/\/ufrb.edu.br\/2024\/03\/25\/ufrb-reconduz-direcao-do-centro-de-artes-humanidades-e-letras-para-mais-quatro-anos\/"},"modified":"2024-03-25T12:02:55","modified_gmt":"2024-03-25T12:02:55","slug":"ufrb-reconduz-direcao-do-centro-de-artes-humanidades-e-letras-para-mais-quatro-anos","status":"publish","type":"post","link":"https:\/\/ufrb.edu.br\/portal\/noticias\/ufrb-reconduz-direcao-do-centro-de-artes-humanidades-e-letras-para-mais-quatro-anos\/","title":{"rendered":"UFRB reconduz dire\u00e7\u00e3o do Centro de Artes, Humanidades e Letras para mais quatro anos"},"content":{"rendered":"<p><img loading=\"lazy\" decoding=\"async\" class=\" size-full wp-image-32696\" src=\"http:\/\/ufrb.edu.br\/wp-content\/uploads\/2024\/03\/posse-cahl-feed-148.png\" alt=\"\" width=\"1080\" height=\"1350\" srcset=\"https:\/\/ufrb.edu.br\/portal\/wp-content\/uploads\/sites\/5\/2024\/03\/posse-cahl-feed-148.png 1080w, https:\/\/ufrb.edu.br\/portal\/wp-content\/uploads\/sites\/5\/2024\/03\/posse-cahl-feed-148-240x300.png 240w, https:\/\/ufrb.edu.br\/portal\/wp-content\/uploads\/sites\/5\/2024\/03\/posse-cahl-feed-148-819x1024.png 819w, https:\/\/ufrb.edu.br\/portal\/wp-content\/uploads\/sites\/5\/2024\/03\/posse-cahl-feed-148-768x960.png 768w\" sizes=\"auto, (max-width: 1080px) 100vw, 1080px\" \/><\/p>\n<p>A Universidade Federal do Rec\u00f4ncavo da Bahia (UFRB) reconduziu a diretoria do Centro de Artes, Humanidades e Letras (CAHL) para o quadri\u00eanio 2024-2028. A cerim\u00f4nia&nbsp;aconteceu no Audit\u00f3rio Tranquilino Bastos, Campus Cachoeira\/S\u00e3o F\u00e9lix, na tarde da \u00faltima sexta-feira, 22 de mar\u00e7o.<\/p>\n<p>A mesa institucional contou com as presen\u00e7as da reitora, Georgina Gon\u00e7alves; do vice-reitor, F\u00e1bio Josu\u00e9 dos Santos; do vice-diretor vacante do CAHL, S\u00e9rgio Guerra; da diretora e da vice-diretora empossadas,&nbsp;Dyane Brito e Silvia Pereira; e dos representantes do corpo docente, Heleni Duarte, dos(as) t\u00e9cnicos(as) administrativos(as), Juliana Braga, dos(as) estudantes, Raissa Almeida, e das comunidades quilombolas e tradicionais de Cachoeira, Maria Abade Confessor. A solenidade foi transmitida pela TV UFRB.<\/p>\n<p>O hino nacional brasileiro e o hino do estado da Bahia foram executados pela Filarm\u00f4nica Uni\u00e3o Sanfelixta, seguidos por uma apresenta\u00e7\u00e3o cultural de Jenete Magno. Logo ap\u00f3s, a pr\u00f3-reitora de Gest\u00e3o de Pessoas, F\u00e1via Sabino, fez a leitura dos curr\u00edculos e dos termos de posse da diretora e da vice-diretora que estavam sendo empossadas, os quais foram assinados pelas empossadas e pela reitora.<\/p>\n<p><strong><strong><strong><strong>Perfis das empossadas<\/strong><\/strong><\/strong><\/strong><\/p>\n<p>Dyane Brito \u00e9 Professora Associada III da Universidade Federal do Rec\u00f4ncavo da Bahia. Foi Diretora do Centro de Artes, Humanidades e Letras da UFRB (2020-2024). Professora do Quadro Permanente do Mestrado em Pol\u00edtica Social e Territ\u00f3rios (POSTERR\/UFRB) e Professora Colaboradora do Mestrado Profissional em Hist\u00f3ria da \u00c1frica, da Di\u00e1spora e dos Povos Ind\u00edgenas. \u00c9 P\u00f3s Doutora em Sociologia pela USP. Doutora em Educa\u00e7\u00e3o (UFBA), Mestre em Ci\u00eancias Sociais (UFBA) e possui Gradua\u00e7\u00e3o tamb\u00e9m em Ci\u00eancias Sociais pela Universidade Federal da Bahia (1998). \u00c9 Vice L\u00edder do Observat\u00f3rio de Pol\u00edtica Social e Servi\u00e7o Social (OPSS &#8211; UFRB) e Membro Pesquisadora do Programa A cor da Bahia (UFBA). Integra o projeto Who Cares? Rebuilding Care in a Post Pandemic World, que envolve uma articula\u00e7\u00e3o entre Brasil, Canad\u00e1, Col\u00f4mbia, Fran\u00e7a, Estados Unidos e Reino Unido. No Brasil, o Projeto est\u00e1 sediado no Cebrap\/SP. Entre as suas produ\u00e7\u00f5es mais recentes, destaca-se a Avalia\u00e7\u00e3o das Pol\u00edticas Afirmativas no Ensino Superior no Brasil e os 10 anos da Lei de Cotas.<\/p>\n<p>Silvia Pereira&nbsp;\u00e9 Professora Adjunta da Universidade Federal do Rec\u00f4ncavo da Bahia (UFRB) desde 2015, no Centro de Artes Humanidades e Letras (CAHL), onde foi Gestora de Extens\u00e3o de 2020 a 2023 e atualmente responde pela assessoria da dire\u00e7\u00e3o. Atua na gradua\u00e7\u00e3o em Servi\u00e7o Social e no programa de P\u00f3s Gradua\u00e7\u00e3o em Pol\u00edtica Social e Territ\u00f3rios na \u00e1rea de Servi\u00e7o Social. Tem gradua\u00e7\u00e3o em Servi\u00e7o Social (1991). Realizou p\u00f3s doutorado em Sa\u00fade Coletiva (2020) no Instituto de Sa\u00fade Coletiva &#8211; UFBA, \u00e9 Doutora em Sa\u00fade P\u00fablica (2014) e Mestra em Sa\u00fade Comunit\u00e1ria (2009) pela mesmo instituto. \u00c9 Especialista em Educa\u00e7\u00e3o pela Universidade do Estado da Bahia (2006).\u00c9 l\u00edder do grupo de pesquisa OPSS &#8211; Observat\u00f3rio em Pol\u00edtica Social e Servi\u00e7o Social. Participa da equipe de pesquisa e desenvolvimento do Sistema de Informa\u00e7\u00f5es sobre Defici\u00eancia (SISDEF) vinculado ao NIPPIS\/FIOCRUZ. \u00c9 membro do GT Defici\u00eancia e Acessibilidade da ABRASCO, tendo sido a coordenadora de 2019 a janeiro de 2021. Atualmente, \u00e9 Conselheira, representando a Associa\u00e7\u00e3o Brasileira de Sa\u00fade Coletiva (ABRASCO), do Conselho Nacional de Direitos das Pessoas com Defici\u00eancia (CONADE). Tem experi\u00eancia na \u00e1rea de Servi\u00e7o Social atuando principalmente nos seguintes temas: pessoa com defici\u00eancia, pol\u00edtica social, Servi\u00e7o Social e pol\u00edtica de sa\u00fade.<\/p>\n<p>Galeria:<\/p>\n<p>{lightgallery type=local path=images\/noticias2024\/posse-cahl previewWidth=200}{\/lightgallery}<\/p>\n<p>Transmiss\u00e3o:<\/p>\n<p class=\"video-container\">\n","protected":false},"excerpt":{"rendered":"<p>A Universidade Federal do Rec\u00f4ncavo da Bahia (UFRB) reconduziu a diretoria do Centro de Artes, Humanidades e Letras (CAHL) para o quadri\u00eanio 2024-2028. A cerim\u00f4nia&nbsp;aconteceu no Audit\u00f3rio Tranquilino Bastos, Campus Cachoeira\/S\u00e3o F\u00e9lix, na tarde da \u00faltima sexta-feira, 22 de mar\u00e7o. A mesa institucional contou com as presen\u00e7as da reitora, Georgina Gon\u00e7alves; do vice-reitor, F\u00e1bio Josu\u00e9 [&hellip;]<\/p>\n","protected":false},"author":1,"featured_media":32695,"comment_status":"closed","ping_status":"closed","sticky":false,"template":"","format":"standard","meta":{"_acf_changed":false,"footnotes":""},"categories":[8],"tags":[16,21],"class_list":["post-32697","post","type-post","status-publish","format-standard","has-post-thumbnail","hentry","category-noticias","tag-estudantes","tag-servidores"],"acf":[],"_links":{"self":[{"href":"https:\/\/ufrb.edu.br\/portal\/wp-json\/wp\/v2\/posts\/32697","targetHints":{"allow":["GET"]}}],"collection":[{"href":"https:\/\/ufrb.edu.br\/portal\/wp-json\/wp\/v2\/posts"}],"about":[{"href":"https:\/\/ufrb.edu.br\/portal\/wp-json\/wp\/v2\/types\/post"}],"author":[{"embeddable":true,"href":"https:\/\/ufrb.edu.br\/portal\/wp-json\/wp\/v2\/users\/1"}],"replies":[{"embeddable":true,"href":"https:\/\/ufrb.edu.br\/portal\/wp-json\/wp\/v2\/comments?post=32697"}],"version-history":[{"count":0,"href":"https:\/\/ufrb.edu.br\/portal\/wp-json\/wp\/v2\/posts\/32697\/revisions"}],"wp:featuredmedia":[{"embeddable":true,"href":"https:\/\/ufrb.edu.br\/portal\/wp-json\/wp\/v2\/media\/32695"}],"wp:attachment":[{"href":"https:\/\/ufrb.edu.br\/portal\/wp-json\/wp\/v2\/media?parent=32697"}],"wp:term":[{"taxonomy":"category","embeddable":true,"href":"https:\/\/ufrb.edu.br\/portal\/wp-json\/wp\/v2\/categories?post=32697"},{"taxonomy":"post_tag","embeddable":true,"href":"https:\/\/ufrb.edu.br\/portal\/wp-json\/wp\/v2\/tags?post=32697"}],"curies":[{"name":"wp","href":"https:\/\/api.w.org\/{rel}","templated":true}]}}