{"id":32772,"date":"2024-04-11T17:02:41","date_gmt":"2024-04-11T17:02:41","guid":{"rendered":"https:\/\/ufrb.edu.br\/2024\/04\/11\/ufrb-divulga-chamamento-publico-para-locacao-de-imovel-em-santo-antonio-de-jesus\/"},"modified":"2024-04-11T17:02:41","modified_gmt":"2024-04-11T17:02:41","slug":"ufrb-divulga-chamamento-publico-para-locacao-de-imovel-em-santo-antonio-de-jesus","status":"publish","type":"post","link":"https:\/\/ufrb.edu.br\/portal\/noticias\/ufrb-divulga-chamamento-publico-para-locacao-de-imovel-em-santo-antonio-de-jesus\/","title":{"rendered":"UFRB divulga chamamento p\u00fablico para loca\u00e7\u00e3o de im\u00f3vel em Santo Ant\u00f4nio de Jesus"},"content":{"rendered":"<p><img loading=\"lazy\" decoding=\"async\" class=\" size-full wp-image-32767\" src=\"http:\/\/ufrb.edu.br\/wp-content\/uploads\/2024\/04\/chamanento-saj-feed-d8b.png\" alt=\"\" width=\"1080\" height=\"1350\" srcset=\"https:\/\/ufrb.edu.br\/portal\/wp-content\/uploads\/sites\/5\/2024\/04\/chamanento-saj-feed-d8b.png 1080w, https:\/\/ufrb.edu.br\/portal\/wp-content\/uploads\/sites\/5\/2024\/04\/chamanento-saj-feed-d8b-240x300.png 240w, https:\/\/ufrb.edu.br\/portal\/wp-content\/uploads\/sites\/5\/2024\/04\/chamanento-saj-feed-d8b-819x1024.png 819w, https:\/\/ufrb.edu.br\/portal\/wp-content\/uploads\/sites\/5\/2024\/04\/chamanento-saj-feed-d8b-768x960.png 768w\" sizes=\"auto, (max-width: 1080px) 100vw, 1080px\" \/><\/p>\n<p>A Universidade Federal do Rec\u00f4ncavo da Bahia (UFRB) abre chamamento p\u00fablico&nbsp;para loca\u00e7\u00e3o de im\u00f3vel em zona urbana, na cidade de Santo Ant\u00f4nio de Jesus, para o funcionamento do Servi\u00e7o de Psicologia do Centro de Ci\u00eancias da Sa\u00fade (CCS). O Servi\u00e7o de Psicologia&nbsp;oferece atendimento psicol\u00f3gico gratuito em diferentes modalidades \u00e0 comunidade de Santo Ant\u00f4nio de Jesus e a outras cidades do Rec\u00f4ncavo.<\/p>\n<p>Os(As) interessados(as) dever\u00e3o apresentar\/enviar a documenta\u00e7\u00e3o at\u00e9 \u00e0s 16h do dia 23 de abril, no endere\u00e7o: Universidade Federal do Rec\u00f4ncavo da Bahia \u2013 UFRB, Pr\u00f3-Reitoria de Administra\u00e7\u00e3o \u2013 PROAD&nbsp;\u2013 Pr\u00e9dio da Reitoria \u2013 Campus Universit\u00e1rio, situado na Rua Rui Barbosa, 710, Centro, Cruz das Almas&nbsp;\u2013 BA.<\/p>\n<p>A abertura dos envelopes ocorrer\u00e1 em sess\u00e3o p\u00fablica no dia 24 de abril, de 08h \u00e0s 12h, na Sala dos Conselhos&nbsp;\u2013 Pr\u00e9dio da Reitoria \u2013 Campus Universit\u00e1rio, situado na Rua Rui Barbosa, 710, Centro, Cruz das Almas-BA.<\/p>\n<p>D\u00favidas no e-mail&nbsp;<a href=\"mailto:ccl@proad.ufrb.edu.br\">ccl@proad.ufrb.edu.br<\/a>.<\/p>\n<p>Confira:<\/p>\n<p><a href=\"http:\/\/ufrb.edu.br\/wp-content\/uploads\/2024\/04\/1.1_Chamamento_publico_01-2024-64d.pdf\">Edital de hamamento P\u00fablico N\u00ba 01\/2024<\/a><\/p>\n<p><a href=\"http:\/\/ufrb.edu.br\/wp-content\/uploads\/2024\/04\/1.2_Anexo_III_ETP28_2024_2_1-0e4.pdf\">Anexo III &#8211;&nbsp;Estudo T\u00e9cnico Preliminar<\/a><\/p>\n<p><a href=\"http:\/\/ufrb.edu.br\/wp-content\/uploads\/2024\/04\/1.3_Anexo_IV_caderno_de_especificacoes-8bc.pdf\">Anexo IV &#8211; Caderno de Especifica\u00e7\u00f5es<\/a><\/p>\n<p><a href=\"http:\/\/ufrb.edu.br\/wp-content\/uploads\/2024\/04\/credenciamento_chamada_publica-f60.pdf\">Extrato da inser\u00e7\u00e3o no PNCP\/2024<\/a><\/p>\n<p>&nbsp;<\/p>\n","protected":false},"excerpt":{"rendered":"<p>A Universidade Federal do Rec\u00f4ncavo da Bahia (UFRB) abre chamamento p\u00fablico&nbsp;para loca\u00e7\u00e3o de im\u00f3vel em zona urbana, na cidade de Santo Ant\u00f4nio de Jesus, para o funcionamento do Servi\u00e7o de Psicologia do Centro de Ci\u00eancias da Sa\u00fade (CCS). O Servi\u00e7o de Psicologia&nbsp;oferece atendimento psicol\u00f3gico gratuito em diferentes modalidades \u00e0 comunidade de Santo Ant\u00f4nio de Jesus [&hellip;]<\/p>\n","protected":false},"author":1,"featured_media":32766,"comment_status":"closed","ping_status":"closed","sticky":false,"template":"","format":"standard","meta":{"_acf_changed":false,"footnotes":""},"categories":[8],"tags":[14],"class_list":["post-32772","post","type-post","status-publish","format-standard","has-post-thumbnail","hentry","category-noticias","tag-concursos-e-editais"],"acf":[],"_links":{"self":[{"href":"https:\/\/ufrb.edu.br\/portal\/wp-json\/wp\/v2\/posts\/32772","targetHints":{"allow":["GET"]}}],"collection":[{"href":"https:\/\/ufrb.edu.br\/portal\/wp-json\/wp\/v2\/posts"}],"about":[{"href":"https:\/\/ufrb.edu.br\/portal\/wp-json\/wp\/v2\/types\/post"}],"author":[{"embeddable":true,"href":"https:\/\/ufrb.edu.br\/portal\/wp-json\/wp\/v2\/users\/1"}],"replies":[{"embeddable":true,"href":"https:\/\/ufrb.edu.br\/portal\/wp-json\/wp\/v2\/comments?post=32772"}],"version-history":[{"count":0,"href":"https:\/\/ufrb.edu.br\/portal\/wp-json\/wp\/v2\/posts\/32772\/revisions"}],"wp:featuredmedia":[{"embeddable":true,"href":"https:\/\/ufrb.edu.br\/portal\/wp-json\/wp\/v2\/media\/32766"}],"wp:attachment":[{"href":"https:\/\/ufrb.edu.br\/portal\/wp-json\/wp\/v2\/media?parent=32772"}],"wp:term":[{"taxonomy":"category","embeddable":true,"href":"https:\/\/ufrb.edu.br\/portal\/wp-json\/wp\/v2\/categories?post=32772"},{"taxonomy":"post_tag","embeddable":true,"href":"https:\/\/ufrb.edu.br\/portal\/wp-json\/wp\/v2\/tags?post=32772"}],"curies":[{"name":"wp","href":"https:\/\/api.w.org\/{rel}","templated":true}]}}