{"id":32808,"date":"2024-04-17T14:22:17","date_gmt":"2024-04-17T14:22:17","guid":{"rendered":"https:\/\/ufrb.edu.br\/2024\/04\/17\/consuni-da-ufrb-divulga-mocao-de-apoio-a-greve-nacional-dos-as-tecnicos-as-administrativos-as\/"},"modified":"2024-04-17T14:22:17","modified_gmt":"2024-04-17T14:22:17","slug":"consuni-da-ufrb-divulga-mocao-de-apoio-a-greve-nacional-dos-as-tecnicos-as-administrativos-as","status":"publish","type":"post","link":"https:\/\/ufrb.edu.br\/portal\/noticias\/consuni-da-ufrb-divulga-mocao-de-apoio-a-greve-nacional-dos-as-tecnicos-as-administrativos-as\/","title":{"rendered":"Consuni da UFRB divulga mo\u00e7\u00e3o de apoio \u00e0 greve nacional dos(as) t\u00e9cnicos(as) administrativos(as)"},"content":{"rendered":"<p><img loading=\"lazy\" decoding=\"async\" class=\" size-full wp-image-32806\" src=\"http:\/\/ufrb.edu.br\/wp-content\/uploads\/2024\/04\/mocao-feed-83f.png\" alt=\"\" width=\"1080\" height=\"1350\" srcset=\"https:\/\/ufrb.edu.br\/portal\/wp-content\/uploads\/sites\/5\/2024\/04\/mocao-feed-83f.png 1080w, https:\/\/ufrb.edu.br\/portal\/wp-content\/uploads\/sites\/5\/2024\/04\/mocao-feed-83f-240x300.png 240w, https:\/\/ufrb.edu.br\/portal\/wp-content\/uploads\/sites\/5\/2024\/04\/mocao-feed-83f-819x1024.png 819w, https:\/\/ufrb.edu.br\/portal\/wp-content\/uploads\/sites\/5\/2024\/04\/mocao-feed-83f-768x960.png 768w\" sizes=\"auto, (max-width: 1080px) 100vw, 1080px\" \/><\/p>\n<p>O Conselho Universit\u00e1rio (Consuni) da Universidade Federal do Rec\u00f4ncavo da Bahia (UFRB) divulga mo\u00e7\u00e3o de apoio \u00e0 greve nacional dos(as) servidores(as) t\u00e9cnicos(as) administrativos(as).<\/p>\n<p>Confira na <a href=\"http:\/\/ufrb.edu.br\/wp-content\/uploads\/2024\/04\/mocao-consuni-125.pdf\">\u00edntegra a&nbsp;Mo\u00e7\u00e3o<\/a>.<\/p>\n","protected":false},"excerpt":{"rendered":"<p>O Conselho Universit\u00e1rio (Consuni) da Universidade Federal do Rec\u00f4ncavo da Bahia (UFRB) divulga mo\u00e7\u00e3o de apoio \u00e0 greve nacional dos(as) servidores(as) t\u00e9cnicos(as) administrativos(as). Confira na \u00edntegra a&nbsp;Mo\u00e7\u00e3o.<\/p>\n","protected":false},"author":1,"featured_media":32805,"comment_status":"closed","ping_status":"closed","sticky":false,"template":"","format":"standard","meta":{"_acf_changed":false,"footnotes":""},"categories":[8],"tags":[16,21],"class_list":["post-32808","post","type-post","status-publish","format-standard","has-post-thumbnail","hentry","category-noticias","tag-estudantes","tag-servidores"],"acf":[],"_links":{"self":[{"href":"https:\/\/ufrb.edu.br\/portal\/wp-json\/wp\/v2\/posts\/32808","targetHints":{"allow":["GET"]}}],"collection":[{"href":"https:\/\/ufrb.edu.br\/portal\/wp-json\/wp\/v2\/posts"}],"about":[{"href":"https:\/\/ufrb.edu.br\/portal\/wp-json\/wp\/v2\/types\/post"}],"author":[{"embeddable":true,"href":"https:\/\/ufrb.edu.br\/portal\/wp-json\/wp\/v2\/users\/1"}],"replies":[{"embeddable":true,"href":"https:\/\/ufrb.edu.br\/portal\/wp-json\/wp\/v2\/comments?post=32808"}],"version-history":[{"count":0,"href":"https:\/\/ufrb.edu.br\/portal\/wp-json\/wp\/v2\/posts\/32808\/revisions"}],"wp:featuredmedia":[{"embeddable":true,"href":"https:\/\/ufrb.edu.br\/portal\/wp-json\/wp\/v2\/media\/32805"}],"wp:attachment":[{"href":"https:\/\/ufrb.edu.br\/portal\/wp-json\/wp\/v2\/media?parent=32808"}],"wp:term":[{"taxonomy":"category","embeddable":true,"href":"https:\/\/ufrb.edu.br\/portal\/wp-json\/wp\/v2\/categories?post=32808"},{"taxonomy":"post_tag","embeddable":true,"href":"https:\/\/ufrb.edu.br\/portal\/wp-json\/wp\/v2\/tags?post=32808"}],"curies":[{"name":"wp","href":"https:\/\/api.w.org\/{rel}","templated":true}]}}