{"id":32969,"date":"2024-06-07T12:58:22","date_gmt":"2024-06-07T12:58:22","guid":{"rendered":"https:\/\/ufrb.edu.br\/2024\/06\/07\/delegacao-da-ufrb-mcti-e-governo-do-estado-articula-parcerias-estrategicas-na-espanha\/"},"modified":"2024-06-07T12:58:22","modified_gmt":"2024-06-07T12:58:22","slug":"delegacao-da-ufrb-mcti-e-governo-do-estado-articula-parcerias-estrategicas-na-espanha","status":"publish","type":"post","link":"https:\/\/ufrb.edu.br\/portal\/noticias\/delegacao-da-ufrb-mcti-e-governo-do-estado-articula-parcerias-estrategicas-na-espanha\/","title":{"rendered":"Delega\u00e7\u00e3o da UFRB, MCTI e Governo do Estado articula parcerias estrat\u00e9gicas na Espanha"},"content":{"rendered":"<p>Uma delega\u00e7\u00e3o de gestores(as), professores(as) e pesquisadores(as) da Universidade Federal do Rec\u00f4ncavo da Bahia (UFRB), do Governo do Estado da Bahia e do Minist\u00e9rio da Ci\u00eancia, Tecnologia e Inova\u00e7\u00e3o (MCTI), esteve em miss\u00e3o oficial em Madri, Barcelona e Val\u00eancia, na Espanha, durante os dias 27 e 31 de maio, com o objetivo de estabelecer parcerias e conv\u00eanios de coopera\u00e7\u00e3o para o desenvolvimento e expans\u00e3o de a\u00e7\u00f5es de Tecnologia Assistiva e Acessibilidade (TAA), conhecer a exposi\u00e7\u00e3o f\u00edsica de produtos de TAA e experi\u00eancias bem-sucedidas nas \u00e1reas de Educa\u00e7\u00e3o Inclusiva e Cidadania.<\/p>\n<p> Dentre os objetivos da UFRB na miss\u00e3o est\u00e3o a amplia\u00e7\u00e3o e fortalecimento das atividades de ensino, pesquisa e extens\u00e3o relacionadas \u00e0s \u00e1reas de Engenharias, Comunica\u00e7\u00e3o, Direitos Humanos, Sa\u00fade e Educa\u00e7\u00e3o e suas interfases em parceria com institui\u00e7\u00f5es espanholas e ibero-americanas; e a reestrutura\u00e7\u00e3o do Espa\u00e7o Regional de Refer\u00eancia em Tecnologia Assistiva e Acessibilidade (ERTAA)\/Centro Ibero-americano de Autonomia Pessoal e Apoios Tecnol\u00f3gicos (CIAPAT Brasil), funcionando no Campus Feira em Santana, e a poss\u00edvel convers\u00e3o deste para Centro Nacional de Refer\u00eancia em Tecnologia Assistiva e Acessibilidade (CNRTAA), em Feira de Santana.<\/p>\n<p> A Miss\u00e3o de Trabalho na Espanha teve a participa\u00e7\u00e3o da reitora da UFRB, professora Georgina Gon\u00e7alves dos Santos, do diretor e da ex-diretora, respectivamente, do Centro de Ci\u00eancia e Tecnologia em Energia e Sustentabilidade (CETENS), professor Jacson Machado e professora Tatiana Velloso; do professor Jesus Carlos Garcia, coordenador do ERTAA\/CIAPAT Brasil; da presidente da Associa\u00e7\u00e3o Baiana de Pessoas com Defici\u00eancias (ABADEF), Silvanete Brand\u00e3o; do coordenador-geral de Tecnologia Social e Economia Solid\u00e1ria do MCTI, Dayvide Santos; do chefe de gabinete da Secretaria de Ci\u00eancia, Tecnologia e Inova\u00e7\u00e3o do Estado da Bahia, Marcius Gomes; e do chefe de Gabinete da Secretaria de Justi\u00e7a, Direitos Humanos e Desenvolvimento Social, Raimundo Nascimento.<\/p>\n<p><img loading=\"lazy\" decoding=\"async\" class=\" size-full wp-image-32966\" src=\"http:\/\/ufrb.edu.br\/wp-content\/uploads\/2024\/06\/espanha2-94e.png\" alt=\"espanha2\" width=\"1200\" height=\"630\" srcset=\"https:\/\/ufrb.edu.br\/portal\/wp-content\/uploads\/sites\/5\/2024\/06\/espanha2-94e.png 1200w, https:\/\/ufrb.edu.br\/portal\/wp-content\/uploads\/sites\/5\/2024\/06\/espanha2-94e-300x158.png 300w, https:\/\/ufrb.edu.br\/portal\/wp-content\/uploads\/sites\/5\/2024\/06\/espanha2-94e-1024x538.png 1024w, https:\/\/ufrb.edu.br\/portal\/wp-content\/uploads\/sites\/5\/2024\/06\/espanha2-94e-768x403.png 768w\" sizes=\"auto, (max-width: 1200px) 100vw, 1200px\" \/><\/p>\n<p> Foram quatro visitas e reuni\u00f5es deliberativas em Madri. A primeira, a delega\u00e7\u00e3o brasileira foi recebida na sede do Centro Estadual de Refer\u00eancia para a Promo\u00e7\u00e3o da Autonomia Pessoal e Assist\u00eancia T\u00e9cnica (Ceapat), em audi\u00eancia com a diretora-geral do Instituto de Idosos e Servi\u00e7os Sociais (Imserso), Mayte Sancho, e o diretor do Ceapat, Santiago Duhaldez. O objetivo da visita foi conhecer o Ceapat, primeira entidade deste tipo e at\u00e9 hoje modelo exemplar para os centros semelhantes na Europa. O grupo conheceu a estrutura, os servi\u00e7os, os recursos humanos e a metodologia de atua\u00e7\u00e3o do Ceapat. Esses conhecimentos servir\u00e3o de base e inspira\u00e7\u00e3o para o fortalecimento das a\u00e7\u00f5es do ERTAA\/CIAPAT Brasil e a montagem do novo CNRTAA.<\/p>\n<p> Na sede da Organiza\u00e7\u00e3o Ibero-americana da Seguridade Social (OISS), aconteceu uma reuni\u00e3o avaliativa sobre o desempenho e o impacto da instala\u00e7\u00e3o do Espa\u00e7o Regional de Refer\u00eancia em Tecnologia Assistiva e Acessibilidade (ERTAA)\/Centro Ibero-americano de Autonomia Pessoal e Apoios Tecnol\u00f3gicos (CIAPAT Brasil) na UFRB, Campus Feira de Santana.&nbsp;<\/p>\n<p>A comitiva brasileira foi recebida em audi\u00eancia pela vice-secret\u00e1ria geral da OISS, Ana Mohedano Escobar, pelo Diretor de Programas Especiais, Holman Jimenez, e pelo Conselheiro, Manuel Pedro Baganha.<\/p>\n<p>A OISS assinou conv\u00eanio com a UFRB, para instala\u00e7\u00e3o do ERTAA\/CIAPAP Brasil, em dezembro de 2022, em parceria com o Governo do Estado da Bahia. Assim, o Brasil participa da rede OISS, ao lado de Espanha, Argentina, Col\u00f4mbia e Chile, com defini\u00e7\u00e3o de plano de trabalho, com uma s\u00e9rie de atividades e de projetos.&nbsp;<br \/> &nbsp;<br \/> A reuni\u00e3o tratou, tamb\u00e9m, sobre os esfor\u00e7os para a implementa\u00e7\u00e3o da sede do ERTAA\/CIAPAT\/OISS, em pr\u00e9dio pr\u00f3prio, segunda etapa prevista no plano de trabalho. Al\u00e9m desta pauta, as tratativas abordaram a realiza\u00e7\u00e3o de parceria para fortalecimento dos Mestrados Profissionais em Educa\u00e7\u00e3o Cient\u00edfica, Inclus\u00e3o e Diversidade; e em Gest\u00e3o de Pol\u00edticas P\u00fablicas, sediados nos campi de Feira de Santana e Cruz das Almas, respectivamente.<\/p>\n<p><img loading=\"lazy\" decoding=\"async\" class=\" size-full wp-image-32967\" src=\"http:\/\/ufrb.edu.br\/wp-content\/uploads\/2024\/06\/espanha3-a98.png\" alt=\"espanha3\" width=\"1200\" height=\"630\" srcset=\"https:\/\/ufrb.edu.br\/portal\/wp-content\/uploads\/sites\/5\/2024\/06\/espanha3-a98.png 1200w, https:\/\/ufrb.edu.br\/portal\/wp-content\/uploads\/sites\/5\/2024\/06\/espanha3-a98-300x158.png 300w, https:\/\/ufrb.edu.br\/portal\/wp-content\/uploads\/sites\/5\/2024\/06\/espanha3-a98-1024x538.png 1024w, https:\/\/ufrb.edu.br\/portal\/wp-content\/uploads\/sites\/5\/2024\/06\/espanha3-a98-768x403.png 768w\" sizes=\"auto, (max-width: 1200px) 100vw, 1200px\" \/><\/p>\n<p> No compromisso da comitiva em Madri visitou e participou de uma reuni\u00e3o de trabalho no Centro de Tecnologia e Inova\u00e7\u00e3o da Organiza\u00e7\u00e3o Nacional dos Cegos da Espanha. A ONCE \u2013 Organiza\u00e7\u00e3o Nacional dos Cegos de Espanha \u00e9 uma organiza\u00e7\u00e3o pioneira e exemplar que re\u00fane, desde a funda\u00e7\u00e3o at\u00e9 hoje, um holding de empresas que produzem diversos produtos para a pessoa com incapacidade visual. Essa organiza\u00e7\u00e3o \u00e9 um bra\u00e7o do governo local para operacionalizar pol\u00edticas p\u00fablicas na \u00e1rea, com financiamento de percentual recebido de Lot\u00e9rica e atende mais de 71 mil deficientes visuais por ano.&nbsp;<\/p>\n<p> O quarto compromisso em Madri foi uma reuni\u00e3o com o professor Miguel \u00c1ngel Valero Duboy, diretor da Escuela T\u00e9cnica\/Superior de Ingenier\u00eda y Sistemas de Telecomunicaci\u00f3n da Universidade Polit\u00e9cnica de Madri e visita ao Hogar Digital Accesible da UPM, projeto iniciado h\u00e1 18 anos, em constante aperfei\u00e7oamento e modelo para o mundo. Na reuni\u00e3o, o diretor da Escola ofereceu parceria para mobilidade acad\u00eamica para estudantes e servidores da UFRB; e parceria em projetos de investiga\u00e7\u00e3o na Escola Polit\u00e9cnica de Madri, a ser firmado em conv\u00eanio espec\u00edfico entre as institui\u00e7\u00f5es.<\/p>\n<p> Em Val\u00eancia, foi produzidos resultados importantes, na vis\u00e3o da delega\u00e7\u00e3o brasileira. A reuni\u00e3o de trabalho foi com o Instituto de Biomec\u00e2nica de Val\u00eancia (IBV),que nasceu e funciona dentro da Escola Polit\u00e9cnica de Val\u00eancia, considerado um dos centros de excel\u00eancia da Europa. No Instituto foi articulado parceria para conv\u00eanio de mobilidade acad\u00eamica em dois mestrados masters, nos quais a UFRB pode ter estudantes e professores colaboradores nos programas de p\u00f3s-gradua\u00e7\u00e3o.<\/p>\n<p> Em Barcelona, aconteceu visita e reuni\u00e3o com a dire\u00e7\u00e3o do Centro Sirius. O objetivo da visita foi conhecer como \u00e9 um centro de \u00e2mbito regional, e observar como \u00e9 seu desenho e dimensionamento. O Centro Sirius tem depend\u00eancia econ\u00f4mica da Generalitat \u2013 \u00f3rg\u00e3o de governo da Catalunha. Esse modelo ajudar\u00e1 a UFRB no desenho da rede de centros do ERTAA\/CIAPAT\/OISS, que pode ser concebido em cada cidade em que a UFRB possui Centro de Ensino. O Centro Sirius tamb\u00e9m \u00e9 respons\u00e1vel pelo desenvolvimento de um c\u00f3digo de acessibilidade &#8211; oferecido para a UFRB &#8211; que chega ao n\u00edvel de tocar a realidade das coisas, como exemplo visto, deu-se uma demonstra\u00e7\u00e3o sobre a leitura que cegos fazem das leis ordin\u00e1rias do Pa\u00eds.<\/p>\n<p> A diretora geral da Imserso, em Madri, Mayte Sancho, agradeceu a visita ao Ceapat e manifestou a esperan\u00e7a de que sirva para \u201cpartilhar experi\u00eancias\u201d e aprender mutuamente com o trabalho realizado nos dois pa\u00edses no sentido de encontrar solu\u00e7\u00f5es sustent\u00e1veis e generalizadas que promovam a autonomia pessoal, base para alcan\u00e7ar maior liberdade e maior progresso nos projetos de vida. O diretor do Ceapat, Santiago Duhalde, partilhou a miss\u00e3o, vis\u00e3o e atividade do centro de refer\u00eancia sobre quest\u00f5es de acessibilidade universal que promovem a autonomia pessoal, antes de orientar a delega\u00e7\u00e3o na sua visita ao centro e divulgar o trabalho que realiza.<\/p>\n<p> Segundo o professor Jesus Carlos Garcia, um dos organizadores da viagem a Europa, h\u00e1 possibilidade de parceria com o Ceapat em est\u00e1gios, produtos de pesquisa, cursos e assessoramento em tecnologia assistiva e acessibilidade. Entre as a\u00e7\u00f5es imediatas est\u00e3o o apoio para o fortalecimento do curso de Licenciatura em Engenharia em Tecnologia Assistiva e Acessibilidade, da UFRB, ministrado no Campus Feira de Santana. O curso \u00e9 o primeiro &#8211; e \u00fanico at\u00e9 agora &#8211; no Brasil e conta com parceria do ERTAA\/CIAPAT Brasil.<\/p>\n<p> Sobre a reuni\u00e3o de trabalho com os dirigentes da Organiza\u00e7\u00e3o Ibero-americana da Seguridade Social (OISS), em sua sede, Jesus Carlos Garcia disse que desde que implantado, o ERTTA\/CIAPAT Brasil participou de encontros, reuni\u00f5es, semin\u00e1rios, cursos e fez o lan\u00e7amento de boletins informativos, em conjunto com seus pares na Argentina, Col\u00f4mbia e Chile, na primeira fase do plano de trabalho definido entre as institui\u00e7\u00f5es. Para Jesus Garcia, o encontro na sede da OISS serviu como presta\u00e7\u00e3o de contas das atividades &#8220;e a especifica\u00e7\u00e3o dos projetos que temos para configura\u00e7\u00e3o e amplia\u00e7\u00e3o previstas para uma segunda etapa. Nesta fase, visitamos uma s\u00e9rie de centros de excel\u00eancia na Espanha que nos permite obter subs\u00eddios e acordos de parcerias e apoios para implementa\u00e7\u00e3o do novo CNRTAA&#8221;.<\/p>\n<p> Na estrutura atual, o ERTAA\/CIAPAT Brasil, funcionando no Campus Feira de Santana, disp\u00f5e do N\u00facleo de Estudos em Tecnologia Assistiva e Acessibilidade (NETAA); Laborat\u00f3rio de Tecnologia Assistiva e Acessibilidade; Laborat\u00f3rio Multiusu\u00e1rio de Eletr\u00f4nica, Mecatr\u00f4nica e Automa\u00e7\u00e3o Industrial; e Laborat\u00f3rio Multiusu\u00e1rio de Desenho T\u00e9cnico, Simula\u00e7\u00e3o e Desenvolvimento de Software.<\/p>\n<p><img loading=\"lazy\" decoding=\"async\" class=\" size-full wp-image-32968\" src=\"http:\/\/ufrb.edu.br\/wp-content\/uploads\/2024\/06\/espanha4-1ba.png\" alt=\"espanha4\" width=\"1200\" height=\"630\" srcset=\"https:\/\/ufrb.edu.br\/portal\/wp-content\/uploads\/sites\/5\/2024\/06\/espanha4-1ba.png 1200w, https:\/\/ufrb.edu.br\/portal\/wp-content\/uploads\/sites\/5\/2024\/06\/espanha4-1ba-300x158.png 300w, https:\/\/ufrb.edu.br\/portal\/wp-content\/uploads\/sites\/5\/2024\/06\/espanha4-1ba-1024x538.png 1024w, https:\/\/ufrb.edu.br\/portal\/wp-content\/uploads\/sites\/5\/2024\/06\/espanha4-1ba-768x403.png 768w\" sizes=\"auto, (max-width: 1200px) 100vw, 1200px\" \/><\/p>\n<p> Na visita de trabalho na Organiza\u00e7\u00e3o Nacional dos Cegos da Espanha (ONCE), o professor Jesus Garcia destacou o interesse em formalizar parceria com a entidade. &#8220;Nos interessa muito o conhecimento do que eles t\u00eam no \u00e2mbito da defici\u00eancia visual n\u00e3o apenas para desenho de expans\u00e3o do ERTAA\/CIAPAT-BRASIL, mas tamb\u00e9m sobre pr\u00e1ticas educativas, metodologias e tecnologias assistivas para os nossos cidad\u00e3os cegos&#8221;, destacou.<\/p>\n<p> O diretor do CETENS, Jacson Machado, disse que a ida da comitiva brasileira &#8220;a essas v\u00e1rias institui\u00e7\u00f5es nos permitiu visualizar como \u00e9 poss\u00edvel aperfei\u00e7oar as pol\u00edticas p\u00fablicas e por meio das tecnologias assistivas e acessibilidade promover qualidade de vida e bem-estar para a popula\u00e7\u00e3o&#8221;. &#8220;Como dever de casa temos que dar andamento aos diversos acordos de coopera\u00e7\u00e3o espec\u00edficos com cada institui\u00e7\u00e3o e somar esfor\u00e7os com as esferas de Estado, o protagonismo e a lideran\u00e7a da UFRB, alcan\u00e7ando, inclusive as cidades em que a UFRB est\u00e1 presente.<\/p>\n<p> Para Jacson, al\u00e9m da UFRB, &#8220;podemos dar uma dimens\u00e3o das a\u00e7\u00f5es de Tecnologia Assistiva e Acessibilidade no Estado da Bahia, tendo por base as secretarias que participaram da visita e tamb\u00e9m por meio do Minist\u00e9rio da Ci\u00eancia, Tecnologia e Inova\u00e7\u00e3o (MCTI), por meio da Coordena\u00e7\u00e3o Geral de Tecnologia Social e Economia Solid\u00e1ria&#8221;.<\/p>\n<p> A professora da UFRB, Tatiana Velloso, atualmente primeira-dama do Estado e presidenta das Volunt\u00e1rias Sociais (VSBA) destacou \u201ca garantia dos direitos das pessoas com defici\u00eancia est\u00e1 na centralidade do projeto que acreditamos e estamos construindo, e a educa\u00e7\u00e3o \u00e9 parte principal disso. A nossa ida \u00e0 Espanha foi um momento importante para avan\u00e7armos em a\u00e7\u00f5es acad\u00eamicas e afirmativas sobre tecnologias assistivas e de acessibilidade\u201d.<\/p>\n<p>O coordenador-geral de Tecnologia Social e Economia Solid\u00e1ria do MCTI, Dayvide Santos, disse que a miss\u00e3o da delega\u00e7\u00e3o foi uma experi\u00eancia proveitosa e importante ao conhecer as pr\u00e1ticas de pol\u00edticas p\u00fablicas implantadas na Espanha. Segundo Dayvde, o&nbsp;MCTI, no \u00e2mbito do Programa Viver Sem Limites, deve lan\u00e7ar uma unidade do CAPTAS (Centro de Apoio as Tecnologias Assistivas), em cada Estado brasileiro.<\/p>\n<p>Dayvide disse que o&nbsp;modelo europeu deu ideias e serviu de base para a constru\u00e7\u00e3o dos CAPTAS, e de como, nas discuss\u00f5es entre os atores envolvidos, elas podem ser utilizadas para melhorar a experi\u00eancia a ser adotada pelo Brasil, na constru\u00e7\u00e3o do CNRTAA, que pode ser implantado em Feira de Santana, como unidade central no Brasil.&nbsp;&nbsp;&#8220;O Centro de Feira de Santana que est\u00e1 sendo discutido pode orientar e conectar as a\u00e7\u00f5es do ponto de vista do Governo Federal aos CAPTAS estaduais&#8221;. &#8220;A experi\u00eancia do Ceapat nos deu uma vis\u00e3o em termos de implenta\u00e7\u00e3o de pol\u00edticas p\u00fablicas de acessibilidade e sua regionaliza\u00e7\u00e3o&#8221;, afirmou o coordenador do MCTI.<\/p>\n<p>A reitora da UFRB, professora Georgina Gon\u00e7alves, considera de extrema relev\u00e2ncia para a sociedade e para a Universidade a conquista de um Centro de Refer\u00eancia em Tecnologia Assistiva e Acessibilidade. Para Georgina, este projeto n\u00e3o s\u00f3 vai posicionar a UFRB na linha de frente da pesquisa e inova\u00e7\u00e3o em tecnologia assistiva, mas tamb\u00e9m vai promover a inclus\u00e3o social e a melhoria da qualidade de vida das pessoas com deficiencia, mobilidade reduzida e idosos.<\/p>\n<p> &#8220;Essa iniciativa fortalece redes de colabora\u00e7\u00e3o e fomenta a produ\u00e7\u00e3o de conhecimento e tecnologias que atendem diretamente \u00e0s necessidades da comunidade&#8221;, explica Georgina. &#8220;Atrav\u00e9s desse centro, reafirmamos nosso compromisso com a responsabilidade social e com a promo\u00e7\u00e3o de direitos e dignidade para todas as pessoas&#8221;, afirmou a reitora.<\/p>\n<p> A presidente da Associa\u00e7\u00e3o Baiana de Pessoas com Defici\u00eancias (ABADEF), Silvanete Brand\u00e3o, analisou como positivos os resultados da miss\u00e3o a Espanha. &#8220;Tivemos momentos incr\u00edveis de muitos conhecimentos t\u00e9cnicos e sociais que podem viabilizar uma mudan\u00e7a e uma assist\u00eancia social com indica\u00e7\u00f5es de autonomia para as pessoas com defici\u00eancia e suas fam\u00edlias no Estado da Bahia e no Brasil&#8221;.<\/p>\n<p> Para ela, \u00e9 preciso entendermos a complexidade e o desafio em desenvolver uma tarefa t\u00e3o importante e t\u00e3o leg\u00edtima, para as pessoas com defici\u00eancia e suas fam\u00edlias. A materializa\u00e7\u00e3o do CNRTAA &#8220;ser\u00e1 um marco hist\u00f3rico dentro do movimento das pessoas com defici\u00eancia com a cria\u00e7\u00e3o e implementa\u00e7\u00e3o de um centro nacional em tecnologia assistiva e de acessibilidade&#8221;. Silvanete disse que &#8220;a parceria entre a UFRB e o Governo do Estado da Bahia ser\u00e1 a consolida\u00e7\u00e3o do compromisso com as pol\u00edticas p\u00fablicas com o desenvolvimento de pesquisas de inova\u00e7\u00e3o em tecnologia assistiva e sobretudo com a possibilidade de podermos desenvolver produtos com a elabora\u00e7\u00e3o de um cat\u00e1logo nacional de produtos e a\u00e7\u00f5es que v\u00e3o impactar diretamente a sociedade civil com mudan\u00e7a de realidade de vida das pessoas com defici\u00eancia&#8221;. &nbsp;<\/p>\n<p> <strong>Proposta do novo CNRTAA<\/strong><\/p>\n<p> No \u00e2mbito da pol\u00edtica p\u00fablica brasileira, come\u00e7ou a se falar da necessidade de ter um centro brasileiro de tecnologia assistiva no Conselho Nacional dos Direitos da Pessoa com Defici\u00eancia (CONADE) desde o primeiro governo Lula. Ali, expressava-se o desejo de ter no Brasil algo semelhante ao centro da Espanha, o Ceapat, a primeira iniciativa europeia de um centro dedicado \u00e0 Tecnologia Assistiva e Acessibilidade, que se tornaria modelo desse novo tipo de institui\u00e7\u00e3o, porque n\u00e3o se trata somente de um laborat\u00f3rio de desenvolvimento de tecnologia assistiva, mas de algo com maior diversidade e amplitude de atua\u00e7\u00e3o, um \u00f3rg\u00e3o de pol\u00edtica p\u00fablica.<\/p>\n<p> A proposta planejada nos Governos Lula 1 e 2 e inicialmente implementada nas primeiras a\u00e7\u00f5es no Governo Dilma, em Campinas (SP) e outras regi\u00f5es do Brasil, foi descontinuada e extinta pelos governos seguintes. Em 2022, o Grupo de Trabalho da Transi\u00e7\u00e3o do Governo Lula 3 prop\u00f5e a retomada do CNRTA, nas regi\u00f5es Norte e Nordeste que ficaram sem uma unidade do CNRTAA; do Cat\u00e1logo Nacional de Produtos de Tecnologia Assistiva (CNPTA), da Pesquisa Nacional de Inova\u00e7\u00e3o em Tecnologia Assistiva (PNITA) e da Tecnologia Assistiva do Emprego Apoiado. Em mar\u00e7o de 2023, o ministro de Rela\u00e7\u00f5es Institucionais, Alexandre Padilha, em reuni\u00e3o com representantes da SEDES\/MCTI, solicitou a retomada desses projetos. Em mar\u00e7o de 2024, o Secret\u00e1rio da SEDES\/MCTI, Ignacio Arruda, anuncia a reativa\u00e7\u00e3o do CNRTA, do Cat\u00e1logo de Produtos de Tecnologia Assistiva e da Pesquisa Nacional de Inova\u00e7\u00e3o em Tecnologia Assistiva.<\/p>\n<p> A proposta de convers\u00e3o do ERTAA\/CIAPAT Brasil, no novo CNRTAA, em espa\u00e7o f\u00edsico pertencente ao Departamento Nacional de Infraestrutura e Transportes (DNIT), est\u00e1 em processo de andamento com a cess\u00e3o f\u00edsica das instala\u00e7\u00f5es do DNIT para a UFRB. A UFRB providenciou o projeto arquitet\u00f4nico das altera\u00e7\u00f5es do pr\u00e9dio localizado na Av. Rio de Janeiro, 133, Pedra do Descanso, Feira de Santana para abrigar o CNRTAA. O projeto arquitet\u00f4nico contempla centro de exposi\u00e7\u00f5es, laborat\u00f3rios, setor administrativo, salas de aula, biblioteca, audit\u00f3rio e exposi\u00e7\u00e3o de casa modelo. O projeto prev\u00ea os espelhos de \u00e1gua, os jardins, incluindo um jardim sensorial, e os espa\u00e7os de circula\u00e7\u00e3o das pessoas.<\/p>\n<p> O CNRTAA ser\u00e1 uma Organiza\u00e7\u00e3o Social dependente e supervisionada pelo Minist\u00e9rio da Ci\u00eancia, Tecnologia e Inova\u00e7\u00e3o (MCTI), \u00e0 semelhan\u00e7a do <a href=\"https:\/\/www.cgee.org.br\/\" target=\"_blank\" rel=\"noopener\">Centro de Gest\u00e3o de Estudos Estrat\u00e9gicos (CGEE)<\/a>, da mesma pasta.<\/p>\n<p> O CNRTAA tem, entre suas fun\u00e7\u00f5es, desenvolver projetos de Tecnologia Assistiva e Acessibilidade, interdisciplinar e intersetorial, destinado \u00e0s pessoas com defici\u00eancia, idosas e com mobilidade reduzida, que abrange diversas \u00e1reas e campos de atua\u00e7\u00e3o, interfaces e parceiros; articular uma rede de centros, uma rede cooperativa de conhecimentos e de experi\u00eancias, de pesquisa, desenvolvimento de recursos, produtos e servi\u00e7os, e de inova\u00e7\u00e3o em Tecnologia Assistiva e Acessibilidade; estabelecer uma rede de participa\u00e7\u00e3o de \u00f3rg\u00e3os p\u00fablicos, empresas, institutos de ci\u00eancia e tecnologia (ICTs), Institui\u00e7\u00f5es de Ensino Superior (IES), entidades da sociedade civil, movimentos sociais das pessoas com defici\u00eancia, idosas e mobilidade reduzida, profissionais diversos, sindicatos e centrais sindicais, desenvolvedores de tecnologia assistiva de baixo custo e usu\u00e1rios de Tecnologia Assistiva.<\/p>\n<p> Tamb\u00e9m ter\u00e1 papel de sediar uma rede cooperativa de viabiliza\u00e7\u00e3o do direito \u00e0 Tecnologia Assistiva e Acessibilidade das pessoas com defici\u00eancia, idosas e de mobilidade, antes do que um projeto puramente tecnol\u00f3gico. Para os idealizadores do novo CNRTAA, a import\u00e2ncia da dimens\u00e3o tecnol\u00f3gica reside precisamente em que ela est\u00e1 ao servi\u00e7o do acesso e uso de tecnologia assistiva por parte de quem dela precisar.<\/p>\n<p> Com informa\u00e7\u00f5es do site&nbsp;<a href=\"https:\/\/imserso.es\/\">imserso.es<\/a>.<\/p>\n<p> Mais em:&nbsp;<a href=\"https:\/\/ciapat.oiss.org\/sobre-el-ciapat\">ciapat.oiss.org\/sobre-el-ciapat<\/a>&nbsp;e&nbsp;<a href=\"https:\/\/oiss.org\/pt\/secretaria-general-de-la-oiss-recibe-visita-de-la-delegacion-del-centro-iberoamericano-de-autonomia-personal-y-apoyos-tecnologicos-de-brasil\/\">oiss.org\/pt\/secretaria-general-de-la-oiss-recibe-visita-de-la-delegacion-del-centro-iberoamericano-de-autonomia-personal-y-apoyos-tecnologicos-de-brasil<\/a>.<\/p>\n<p>{lightgallery type=local path=images\/noticias2024\/espanha previewWidth=200}{\/lightgallery}<\/p>\n","protected":false},"excerpt":{"rendered":"<p>Uma delega\u00e7\u00e3o de gestores(as), professores(as) e pesquisadores(as) da Universidade Federal do Rec\u00f4ncavo da Bahia (UFRB), do Governo do Estado da Bahia e do Minist\u00e9rio da Ci\u00eancia, Tecnologia e Inova\u00e7\u00e3o (MCTI), esteve em miss\u00e3o oficial em Madri, Barcelona e Val\u00eancia, na Espanha, durante os dias 27 e 31 de maio, com o objetivo de estabelecer parcerias [&hellip;]<\/p>\n","protected":false},"author":1,"featured_media":32965,"comment_status":"closed","ping_status":"closed","sticky":false,"template":"","format":"standard","meta":{"_acf_changed":false,"footnotes":""},"categories":[8],"tags":[15,16,21],"class_list":["post-32969","post","type-post","status-publish","format-standard","has-post-thumbnail","hentry","category-noticias","tag-egressos","tag-estudantes","tag-servidores"],"acf":[],"_links":{"self":[{"href":"https:\/\/ufrb.edu.br\/portal\/wp-json\/wp\/v2\/posts\/32969","targetHints":{"allow":["GET"]}}],"collection":[{"href":"https:\/\/ufrb.edu.br\/portal\/wp-json\/wp\/v2\/posts"}],"about":[{"href":"https:\/\/ufrb.edu.br\/portal\/wp-json\/wp\/v2\/types\/post"}],"author":[{"embeddable":true,"href":"https:\/\/ufrb.edu.br\/portal\/wp-json\/wp\/v2\/users\/1"}],"replies":[{"embeddable":true,"href":"https:\/\/ufrb.edu.br\/portal\/wp-json\/wp\/v2\/comments?post=32969"}],"version-history":[{"count":0,"href":"https:\/\/ufrb.edu.br\/portal\/wp-json\/wp\/v2\/posts\/32969\/revisions"}],"wp:featuredmedia":[{"embeddable":true,"href":"https:\/\/ufrb.edu.br\/portal\/wp-json\/wp\/v2\/media\/32965"}],"wp:attachment":[{"href":"https:\/\/ufrb.edu.br\/portal\/wp-json\/wp\/v2\/media?parent=32969"}],"wp:term":[{"taxonomy":"category","embeddable":true,"href":"https:\/\/ufrb.edu.br\/portal\/wp-json\/wp\/v2\/categories?post=32969"},{"taxonomy":"post_tag","embeddable":true,"href":"https:\/\/ufrb.edu.br\/portal\/wp-json\/wp\/v2\/tags?post=32969"}],"curies":[{"name":"wp","href":"https:\/\/api.w.org\/{rel}","templated":true}]}}