{"id":33040,"date":"2024-07-15T20:15:41","date_gmt":"2024-07-15T20:15:41","guid":{"rendered":"https:\/\/ufrb.edu.br\/2024\/07\/15\/ufrb-abre-inscricao-para-aluno-especial-de-mestrado-em-gestao-de-politicas-publicas-2\/"},"modified":"2024-07-15T20:15:41","modified_gmt":"2024-07-15T20:15:41","slug":"ufrb-abre-inscricao-para-aluno-especial-de-mestrado-em-gestao-de-politicas-publicas-2","status":"publish","type":"post","link":"https:\/\/ufrb.edu.br\/portal\/noticias\/ufrb-abre-inscricao-para-aluno-especial-de-mestrado-em-gestao-de-politicas-publicas-2\/","title":{"rendered":"UFRB abre inscri\u00e7\u00e3o para aluno especial de mestrado em Gest\u00e3o de Pol\u00edticas P\u00fablicas"},"content":{"rendered":"<p>A Universidade Federal do Rec\u00f4ncavo da Bahia (UFRB), por meio da Pr\u00f3-Reitoria de Pesquisa, P\u00f3s-Gradua\u00e7\u00e3o, Cria\u00e7\u00e3o e Inova\u00e7\u00e3o (PPGCI) e do Centro de Ci\u00eancias Agr\u00e1rias, Ambientais e Biol\u00f3gicas (CCAAB), abre processo seletivo para alunos(as) especiais do Mestrado Profissional em Gest\u00e3o de Pol\u00edticas P\u00fablicas (PPGGPP), para ingresso no semestre letivo 2024.2. S\u00e3o oferecidas 16 vagas para aluno especial.<\/p>\n<p>Aluno(a) especial \u00e9 aquele(a) n\u00e3o matriculado(a) regularmente no curso de P\u00f3s-gradua\u00e7\u00e3o que, em decorr\u00eancia de processo seletivo espec\u00edfico, tem o benef\u00edcio de se matricular em componente curricular isolado para o qual prestou sele\u00e7\u00e3o, conforme o<a href=\"https:\/\/www.ufrb.edu.br\/mpgestaoppss\/images\/Edital_01.2024_Sele%C3%A7%C3%A3o_Aluno_Especial_PPG_GPP_UFRB.pdf\"> Edital 01\/2024.<\/p>\n<p><\/a>As inscri\u00e7\u00f5es acontecem no per\u00edodo de 19 de julho a 1\u00ba de agosto, exclusivamente por meio da<a href=\"https:\/\/sistemas.ufrb.edu.br\/sigaa\/public\/servicos_digitais\/processo_seletivo\/area_do_candidato\/login.jsf?servico=inscricao-processo-seletivo-stricto-sensu&amp;redirect=\/public\/servicos_digitais\/processo_seletivo\/lista.jsf?nivel=S.\"> Plataforma SIGAA\/UFRB<\/a>. Para acesso ao SIGAA \u00e9 obrigat\u00f3rio o cadastro na Plataforma do Governo Federal:<a href=\"https:\/\/www.gov.br\/pt-br\"> Gov.Br.<\/a><\/p>\n<p>O curso tem como p\u00fablico-alvo portadores(as) de diploma do ensino superior, que sejam servidores p\u00fablicos federais, estaduais ou municipais atuantes na gest\u00e3o do servi\u00e7o p\u00fablico; profissionais que atuam ou queiram ingressar na gest\u00e3o p\u00fablica municipal, estadual ou federal, que pretendem se especializar em gest\u00e3o p\u00fablica; profissionais atuantes em organiza\u00e7\u00f5es do terceiro setor voltadas para a a\u00e7\u00e3o p\u00fablica; prestadores(as) de servi\u00e7os p\u00fablicos; consultores(as) credenciados(as) e servidores(as) das ag\u00eancias federais e estaduais no exerc\u00edcio de atividades delegadas.<\/p>\n<p><strong>Avalia\u00e7\u00e3o<\/strong><\/p>\n<p>O processo seletivo ser\u00e1 composto de uma \u00fanica etapa: avalia\u00e7\u00e3o da carta de motiva\u00e7\u00e3o do(a) candidato(a).<\/p>\n<p><strong>Mestrado Profissional<\/strong><\/p>\n<p>O Programa de P\u00f3s-Gradua\u00e7\u00e3o em Gest\u00e3o de Pol\u00edticas P\u00fablicas (PPGGPP) tem por objetivo formar profissionais de diferentes \u00e1reas do conhecimento cient\u00edfico, aptos a atuar no campo da gest\u00e3o de pol\u00edticas sociais, ambientais, educativas, e de ci\u00eancia, tecnologia e inova\u00e7\u00e3o, em \u00f3rg\u00e3os governamentais (federal, estadual e municipal) e n\u00e3o governamentais, promovendo solu\u00e7\u00f5es para problemas sociais contempor\u00e2neos que afetam a popula\u00e7\u00e3o, pautados em boas pr\u00e1ticas de gest\u00e3o p\u00fablica e nos princ\u00edpios da equidade e justi\u00e7a social, sob uma perspectiva democr\u00e1tica, \u00e9tica, humanista, identit\u00e1ria, sustent\u00e1vel e de respeito \u00e0 diversidade sociocultural.<br \/>A capacita\u00e7\u00e3o dos gestores de pol\u00edticas p\u00fablicas no \u00e2mbito do Programa \u00e9 realizada na perspectiva de consolidar o conhecimento, as habilidades, as ferramentas e t\u00e9cnicas de planejamento, execu\u00e7\u00e3o, controle, avalia\u00e7\u00e3o e tamb\u00e9m ao desenvolvimento de estudos profissionais, t\u00e9cnicos e pesquisas que favore\u00e7am maior e melhor conhecimento e aperfei\u00e7oamento dos processos e produtos da gest\u00e3o de pol\u00edticas p\u00fablicas.<\/p>\n<p>Acesse o <a href=\"https:\/\/www.ufrb.edu.br\/mpgestaoppss\/images\/MANUAL_DOA_CANDIDATOA_2024_.pdf\">tutorial<\/a> de como realizar inscri\u00e7\u00e3o no processo seletivo.<\/p>\n<p>Confira o <a href=\"https:\/\/www.ufrb.edu.br\/mpgestaoppss\/images\/Edital_01.2024_Sele%C3%A7%C3%A3o_Aluno_Especial_PPG_GPP_UFRB.pdf\">Edital 01\/2024.<\/a><\/p>\n<p>Mais sobre o Programa em ufrb.edu.br\/mpgestaoppss<\/p>\n<p>D\u00favidas exclusivamente pelo e-mail: <a href=\"mailto:mp_gppss@ccaab.ufrb.edu.br\">mp_gppss@ccaab.ufrb.edu.br<\/a><\/p>\n","protected":false},"excerpt":{"rendered":"<p>A Universidade Federal do Rec\u00f4ncavo da Bahia (UFRB), por meio da Pr\u00f3-Reitoria de Pesquisa, P\u00f3s-Gradua\u00e7\u00e3o, Cria\u00e7\u00e3o e Inova\u00e7\u00e3o (PPGCI) e do Centro de Ci\u00eancias Agr\u00e1rias, Ambientais e Biol\u00f3gicas (CCAAB), abre processo seletivo para alunos(as) especiais do Mestrado Profissional em Gest\u00e3o de Pol\u00edticas P\u00fablicas (PPGGPP), para ingresso no semestre letivo 2024.2. S\u00e3o oferecidas 16 vagas para [&hellip;]<\/p>\n","protected":false},"author":1,"featured_media":33039,"comment_status":"closed","ping_status":"closed","sticky":false,"template":"","format":"standard","meta":{"_acf_changed":false,"footnotes":""},"categories":[8],"tags":[14,15,16,21],"class_list":["post-33040","post","type-post","status-publish","format-standard","has-post-thumbnail","hentry","category-noticias","tag-concursos-e-editais","tag-egressos","tag-estudantes","tag-servidores"],"acf":[],"_links":{"self":[{"href":"https:\/\/ufrb.edu.br\/portal\/wp-json\/wp\/v2\/posts\/33040","targetHints":{"allow":["GET"]}}],"collection":[{"href":"https:\/\/ufrb.edu.br\/portal\/wp-json\/wp\/v2\/posts"}],"about":[{"href":"https:\/\/ufrb.edu.br\/portal\/wp-json\/wp\/v2\/types\/post"}],"author":[{"embeddable":true,"href":"https:\/\/ufrb.edu.br\/portal\/wp-json\/wp\/v2\/users\/1"}],"replies":[{"embeddable":true,"href":"https:\/\/ufrb.edu.br\/portal\/wp-json\/wp\/v2\/comments?post=33040"}],"version-history":[{"count":0,"href":"https:\/\/ufrb.edu.br\/portal\/wp-json\/wp\/v2\/posts\/33040\/revisions"}],"wp:featuredmedia":[{"embeddable":true,"href":"https:\/\/ufrb.edu.br\/portal\/wp-json\/wp\/v2\/media\/33039"}],"wp:attachment":[{"href":"https:\/\/ufrb.edu.br\/portal\/wp-json\/wp\/v2\/media?parent=33040"}],"wp:term":[{"taxonomy":"category","embeddable":true,"href":"https:\/\/ufrb.edu.br\/portal\/wp-json\/wp\/v2\/categories?post=33040"},{"taxonomy":"post_tag","embeddable":true,"href":"https:\/\/ufrb.edu.br\/portal\/wp-json\/wp\/v2\/tags?post=33040"}],"curies":[{"name":"wp","href":"https:\/\/api.w.org\/{rel}","templated":true}]}}