{"id":33048,"date":"2024-07-17T12:13:10","date_gmt":"2024-07-17T12:13:10","guid":{"rendered":"https:\/\/ufrb.edu.br\/2024\/07\/17\/ufrb-inscreve-para-selecao-de-150-vagas-em-especializacao-de-gestao-em-saude-a-distancia\/"},"modified":"2024-07-17T12:13:10","modified_gmt":"2024-07-17T12:13:10","slug":"ufrb-inscreve-para-selecao-de-150-vagas-em-especializacao-de-gestao-em-saude-a-distancia","status":"publish","type":"post","link":"https:\/\/ufrb.edu.br\/portal\/noticias\/ufrb-inscreve-para-selecao-de-150-vagas-em-especializacao-de-gestao-em-saude-a-distancia\/","title":{"rendered":"UFRB inscreve para sele\u00e7\u00e3o de 150 vagas em Especializa\u00e7\u00e3o de Gest\u00e3o em Sa\u00fade a dist\u00e2ncia"},"content":{"rendered":"<p>A Universidade Federal do Rec\u00f4ncavo da Bahia (UFRB), por meio da Superintend\u00eancia de Educa\u00e7\u00e3o Aberta e a Dist\u00e2ncia (SEAD), da Pr\u00f3-Reitoria de Pesquisa, P\u00f3s-Gradua\u00e7\u00e3o, Cria\u00e7\u00e3o e Inova\u00e7\u00e3o (PPGCI) e do Centro de Ci\u00eancias da Sa\u00fade, divulga a abertura de inscri\u00e7\u00f5es para interessados na oferta de 150 vagas para a Especializa\u00e7\u00e3o em Gest\u00e3o de Sa\u00fade, na modalidade a dist\u00e2ncia, para o segundo semestre letivo de 2024. As aulas est\u00e3o previstas para iniciarem em setembro de 2024.<\/p>\n<p>As inscri\u00e7\u00f5es podem ser feitas de 18 a 28 de julho, de forma gratuita, utilizando o endere\u00e7o do&nbsp;<a href=\"https:\/\/sistemas.ufrb.edu.br\/sigaa\/public\/servicos_digitais\/processo_seletivo\/area_do_candidato\/login.jsf?servico=inscricao-processo-seletivo-lato-sensu&amp;redirect=\/public\/servicos_digitais\/processo_seletivo\/lista.jsf?nivel=L\">Sistema Integrado de Gest\u00e3o de Atividades Acad\u00eamicas (SIGAA).<\/a> Para acesso ao SIGAA \u00e9 obrigat\u00f3rio o cadastro na Plataforma <a href=\"http:\/\/gov.br\">Gov.Br<\/a>.<\/p>\n<p>Podem candidatar-se profissionais da \u00e1rea da sa\u00fade ou \u00e1reas afins, com interesse espec\u00edfico no campo da sa\u00fade coletiva e\/ou profissionais que desenvolvem atividades docentes ou de pesquisa na \u00e1rea de sa\u00fade.<\/p>\n<p>O curso ser\u00e1 realizado na modalidade a dist\u00e2ncia por meio do Ambiente Virtual de Aprendizagem (AVA), com encontros presenciais para discuss\u00f5es, orienta\u00e7\u00f5es e avalia\u00e7\u00f5es nos polos UAB onde o(a) estudante se vincular no ato da matr\u00edcula. Est\u00e3o previstos dois encontros presenciais, um no in\u00edcio e outro no t\u00e9rmino do curso, com objetivo de discutir casos, apresentar metodologia cient\u00edfica e Trabalho de Conclus\u00e3o de Curso (TCC).<\/p>\n<p>O curso ter\u00e1 dura\u00e7\u00e3o de 18 meses e carga hor\u00e1ria total de 527 horas.<\/p>\n<p><strong>Polos e vagas<\/strong><\/p>\n<p>Ser\u00e3o disponibilizadas 150 vagas distribu\u00eddas nos polos: Jequi\u00e9 (30 vagas); Santo Estev\u00e3o (30 vagas); Itaberaba (30 vagas); Amargosa (30 vagas) e Maca\u00fabas (30 vagas).<\/p>\n<p>H\u00e1 reserva de vagas para pessoas negras; quilombolas; ind\u00edgenas e trans (transg\u00eaneros, transexuais e travestis); pessoas com defici\u00eancia; e servidores(as) t\u00e9cnico-administrativos da UFRB.<\/p>\n<p>Leia o <a href=\"https:\/\/www.ufrb.edu.br\/ccs\/images\/DIACOL\/EspGestaoEmSaude\/Edital_estudantes_ESPGS_2024.pdf\">edital 01\/2024<\/a> e saiba mais sobre o processo seletivo<\/p>\n<p>Acesse o&nbsp;<a href=\"https:\/\/www.ufrb.edu.br\/ccs\/images\/DIACOL\/EspGestaoEmSaude\/MANUAL_DO_CANDIDATO.pdf\">Tutorial<\/a> para saber como fazer sua inscri\u00e7\u00e3o.<\/p>\n","protected":false},"excerpt":{"rendered":"<p>A Universidade Federal do Rec\u00f4ncavo da Bahia (UFRB), por meio da Superintend\u00eancia de Educa\u00e7\u00e3o Aberta e a Dist\u00e2ncia (SEAD), da Pr\u00f3-Reitoria de Pesquisa, P\u00f3s-Gradua\u00e7\u00e3o, Cria\u00e7\u00e3o e Inova\u00e7\u00e3o (PPGCI) e do Centro de Ci\u00eancias da Sa\u00fade, divulga a abertura de inscri\u00e7\u00f5es para interessados na oferta de 150 vagas para a Especializa\u00e7\u00e3o em Gest\u00e3o de Sa\u00fade, na [&hellip;]<\/p>\n","protected":false},"author":1,"featured_media":33047,"comment_status":"closed","ping_status":"closed","sticky":false,"template":"","format":"standard","meta":{"_acf_changed":false,"footnotes":""},"categories":[8],"tags":[14,15,16,21],"class_list":["post-33048","post","type-post","status-publish","format-standard","has-post-thumbnail","hentry","category-noticias","tag-concursos-e-editais","tag-egressos","tag-estudantes","tag-servidores"],"acf":[],"_links":{"self":[{"href":"https:\/\/ufrb.edu.br\/portal\/wp-json\/wp\/v2\/posts\/33048","targetHints":{"allow":["GET"]}}],"collection":[{"href":"https:\/\/ufrb.edu.br\/portal\/wp-json\/wp\/v2\/posts"}],"about":[{"href":"https:\/\/ufrb.edu.br\/portal\/wp-json\/wp\/v2\/types\/post"}],"author":[{"embeddable":true,"href":"https:\/\/ufrb.edu.br\/portal\/wp-json\/wp\/v2\/users\/1"}],"replies":[{"embeddable":true,"href":"https:\/\/ufrb.edu.br\/portal\/wp-json\/wp\/v2\/comments?post=33048"}],"version-history":[{"count":0,"href":"https:\/\/ufrb.edu.br\/portal\/wp-json\/wp\/v2\/posts\/33048\/revisions"}],"wp:featuredmedia":[{"embeddable":true,"href":"https:\/\/ufrb.edu.br\/portal\/wp-json\/wp\/v2\/media\/33047"}],"wp:attachment":[{"href":"https:\/\/ufrb.edu.br\/portal\/wp-json\/wp\/v2\/media?parent=33048"}],"wp:term":[{"taxonomy":"category","embeddable":true,"href":"https:\/\/ufrb.edu.br\/portal\/wp-json\/wp\/v2\/categories?post=33048"},{"taxonomy":"post_tag","embeddable":true,"href":"https:\/\/ufrb.edu.br\/portal\/wp-json\/wp\/v2\/tags?post=33048"}],"curies":[{"name":"wp","href":"https:\/\/api.w.org\/{rel}","templated":true}]}}