{"id":33164,"date":"2024-08-20T11:50:47","date_gmt":"2024-08-20T11:50:47","guid":{"rendered":"https:\/\/ufrb.edu.br\/2024\/08\/20\/ufrb-implanta-primeiro-mestrado-academico-em-artes-no-cecult-em-santo-amaro\/"},"modified":"2024-08-20T11:50:47","modified_gmt":"2024-08-20T11:50:47","slug":"ufrb-implanta-primeiro-mestrado-academico-em-artes-no-cecult-em-santo-amaro","status":"publish","type":"post","link":"https:\/\/ufrb.edu.br\/portal\/noticias\/ufrb-implanta-primeiro-mestrado-academico-em-artes-no-cecult-em-santo-amaro\/","title":{"rendered":"UFRB implanta primeiro mestrado acad\u00eamico em Artes no CECULT, em Santo Amaro"},"content":{"rendered":"<p>A Universidade Federal do Rec\u00f4ncavo da Bahia (UFRB) implantar\u00e1, em breve, o Programa de P\u00f3s-Gradua\u00e7\u00e3o em Artes, o mais novo mestrado acad\u00eamico da institui\u00e7\u00e3o e o primeiro ofertado no Centro de Cultura, Linguagens e Tecnologias Aplicadas (CECULT), em Santo Amaro.<\/p>\n<p>A <a href=\"https:\/\/www.in.gov.br\/web\/dou\/-\/portaria-n-749-de-29-de-julho-de-2024-575299082\">portaria<\/a> de autoriza\u00e7\u00e3o para o novo curso foi emitida pela CAPES em 31 de julho de 2024.&nbsp;O Mestrado em Artes \u00e9 o \u00fanico na Bahia com essa abrang\u00eancia e \u00e1rea de concentra\u00e7\u00e3o, diferenciando-se das ofertas atuais no campo das Artes.<\/p>\n<p>A implanta\u00e7\u00e3o do novo curso em Santo Amaro tem estreita rela\u00e7\u00e3o com a oferta da Licenciatura Interdisciplinar em Artes, em funcionamento no CECULT desde 2017. Tanto a Licenciatura quanto o Mestrado entendem que a forma\u00e7\u00e3o em Artes \u00e9 ampla e integradora, e buscam a inter-rela\u00e7\u00e3o das linguagens art\u00edsticas. Enquanto o foco da gradua\u00e7\u00e3o \u00e9 a forma\u00e7\u00e3o pedag\u00f3gica \u2014 por se tratar de uma licenciatura \u2014 do professor de Artes, a p\u00f3s-gradua\u00e7\u00e3o apostar\u00e1 no artista-pesquisador, na cria\u00e7\u00e3o como cr\u00edtica e, sobretudo, como estrat\u00e9gia de pesquisa.<\/p>\n<p>Al\u00e9m da Licenciatura em Artes, o Mestrado em Artes poder\u00e1 atender aos egressos dos demais cursos do CECULT, como o Bacharelado Interdisciplinar em Cultura, Linguagens e Tecnologias Aplicadas (BICULT), a Licenciatura em M\u00fasica Popular, os cursos superiores tecnol\u00f3gicos em Produ\u00e7\u00e3o Musical, em Pol\u00edtica e Gest\u00e3o Cultural e em Artes do Espet\u00e1culo.<\/p>\n<p>A primeira turma de estudantes deve ser selecionada ainda este ano; a previs\u00e3o \u00e9 que as aulas regulares do programa tenham in\u00edcio a partir do primeiro semestre de 2025.<\/p>\n<p>Fique por dentro da implanta\u00e7\u00e3o do novo programa, acompanhando a p\u00e1gina do <a href=\"https:\/\/ufrb.edu.br\/cecult\/\">CECULT<\/a>.<\/p>\n<p><strong>Saiba mais sobre o Mestrado em Artes<\/strong><\/p>\n<p>Com \u00e1rea de concentra\u00e7\u00e3o em Artes, Cria\u00e7\u00e3o e Produ\u00e7\u00e3o, o Programa de P\u00f3s-Gradua\u00e7\u00e3o em Artes da UFRB tem a miss\u00e3o de titular como mestre e qualificar profissionais, pesquisadores e\/ou professores de arte, que possam atuar nas diferentes esferas dos saberes e intersaberes art\u00edsticos e que sejam conscientes de sua atua\u00e7\u00e3o na comunidade, bem como dos diversos aspectos que envolvem as Artes na atualidade, sobretudo no desafio de propor solu\u00e7\u00f5es, caminhos, estrat\u00e9gias e transforma\u00e7\u00f5es nas esferas micro e macropol\u00edticas da sociedade. Al\u00e9m disso, objetiva o desenvolvimento de projetos que produzam conhecimentos na \u00e1rea de Artes por meio de diferentes metodologias e epistemologias, enfatizando as rela\u00e7\u00f5es entre teoria e pr\u00e1tica, bem como produzir impactos culturais, art\u00edsticos e econ\u00f4micos na regi\u00e3o pela promo\u00e7\u00e3o de pol\u00edticas p\u00fablicas para as artes e pelo desenvolvimento da potencialidade pol\u00edtica, social, econ\u00f4mica e educacional da cultura na sua regi\u00e3o de atua\u00e7\u00e3o.<\/p>\n<p>Apesar de a arte ser central na proposta, o projeto pedag\u00f3gico do novo mestrado acad\u00eamico trabalha com metodologias e disciplinas variadas, que v\u00e3o da \u00e1rea das humanidades \u00e0s ci\u00eancias, para que, assim, possam analisar e interpretar o objeto de pesquisa. Dessa forma, o Programa de P\u00f3s-Gradua\u00e7\u00e3o em Artes entende que a forma\u00e7\u00e3o em Artes deve ser integradora e buscar a inter-rela\u00e7\u00e3o com as diversas linguagens art\u00edsticas, tendo por metodologia e suporte te\u00f3rico a pesquisa interdisciplinar e transdisciplinar.<\/p>\n<p>Deste modo, a proposta do curso de Mestrado Acad\u00eamico em Artes visa construir conex\u00f5es entre saberes com o poder de ultrapassar as tradicionais dicotomias (erudito x popular, formal x informal, primitivo x tecnol\u00f3gico), favorecendo uma situa\u00e7\u00e3o de pesquisa pela arte, do pesquisador-artista, do investigador que amplifica a pr\u00f3pria ideia de inven\u00e7\u00e3o e de pesquisa, conectando esses dois conceitos. Para al\u00e9m de ser um curso em que impera a tradicional &#8220;an\u00e1lise&#8221; de obras e artistas, prop\u00f5e-se ser tamb\u00e9m um laborat\u00f3rio de experimenta\u00e7\u00f5es de cria\u00e7\u00e3o como cr\u00edtica e de cr\u00edtica criativa.<\/p>\n","protected":false},"excerpt":{"rendered":"<p>A Universidade Federal do Rec\u00f4ncavo da Bahia (UFRB) implantar\u00e1, em breve, o Programa de P\u00f3s-Gradua\u00e7\u00e3o em Artes, o mais novo mestrado acad\u00eamico da institui\u00e7\u00e3o e o primeiro ofertado no Centro de Cultura, Linguagens e Tecnologias Aplicadas (CECULT), em Santo Amaro. A portaria de autoriza\u00e7\u00e3o para o novo curso foi emitida pela CAPES em 31 de [&hellip;]<\/p>\n","protected":false},"author":1,"featured_media":33163,"comment_status":"closed","ping_status":"closed","sticky":false,"template":"","format":"standard","meta":{"_acf_changed":false,"footnotes":""},"categories":[8],"tags":[15,16,21],"class_list":["post-33164","post","type-post","status-publish","format-standard","has-post-thumbnail","hentry","category-noticias","tag-egressos","tag-estudantes","tag-servidores"],"acf":[],"_links":{"self":[{"href":"https:\/\/ufrb.edu.br\/portal\/wp-json\/wp\/v2\/posts\/33164","targetHints":{"allow":["GET"]}}],"collection":[{"href":"https:\/\/ufrb.edu.br\/portal\/wp-json\/wp\/v2\/posts"}],"about":[{"href":"https:\/\/ufrb.edu.br\/portal\/wp-json\/wp\/v2\/types\/post"}],"author":[{"embeddable":true,"href":"https:\/\/ufrb.edu.br\/portal\/wp-json\/wp\/v2\/users\/1"}],"replies":[{"embeddable":true,"href":"https:\/\/ufrb.edu.br\/portal\/wp-json\/wp\/v2\/comments?post=33164"}],"version-history":[{"count":0,"href":"https:\/\/ufrb.edu.br\/portal\/wp-json\/wp\/v2\/posts\/33164\/revisions"}],"wp:featuredmedia":[{"embeddable":true,"href":"https:\/\/ufrb.edu.br\/portal\/wp-json\/wp\/v2\/media\/33163"}],"wp:attachment":[{"href":"https:\/\/ufrb.edu.br\/portal\/wp-json\/wp\/v2\/media?parent=33164"}],"wp:term":[{"taxonomy":"category","embeddable":true,"href":"https:\/\/ufrb.edu.br\/portal\/wp-json\/wp\/v2\/categories?post=33164"},{"taxonomy":"post_tag","embeddable":true,"href":"https:\/\/ufrb.edu.br\/portal\/wp-json\/wp\/v2\/tags?post=33164"}],"curies":[{"name":"wp","href":"https:\/\/api.w.org\/{rel}","templated":true}]}}