{"id":33185,"date":"2024-09-02T22:10:53","date_gmt":"2024-09-02T22:10:53","guid":{"rendered":"https:\/\/ufrb.edu.br\/2024\/09\/02\/ufrb-inscreve-estudantes-de-graduacao-para-estagios-obrigatorios-no-semestre-2024-2\/"},"modified":"2024-09-02T22:10:53","modified_gmt":"2024-09-02T22:10:53","slug":"ufrb-inscreve-estudantes-de-graduacao-para-estagios-obrigatorios-no-semestre-2024-2","status":"publish","type":"post","link":"https:\/\/ufrb.edu.br\/portal\/noticias\/ufrb-inscreve-estudantes-de-graduacao-para-estagios-obrigatorios-no-semestre-2024-2\/","title":{"rendered":"UFRB inscreve estudantes de gradua\u00e7\u00e3o para est\u00e1gios obrigat\u00f3rios no semestre 2024.2"},"content":{"rendered":"<p>A Universidade Federal do Rec\u00f4ncavo da Bahia (UFRB), por meio da Pr\u00f3-Reitoria de Gradua\u00e7\u00e3o (PROGRAD), abre processo seletivo interno para preenchimento de vagas de est\u00e1gios obrigat\u00f3rios para o semestre 2024.2.&nbsp;S\u00e3o ofertadas 65 vagas nos&nbsp;campi&nbsp;de Cachoeira\/S\u00e3o F\u00e9lix, Cruz das Almas e Feira de Santana.<\/p>\n<p>As inscri\u00e7\u00f5es podem ser realizadas at\u00e9 22 de setembro de 2024, por estudantes regularmente matriculados(as) nos componentes curriculares de Est\u00e1gio, por meio de <a href=\"https:\/\/forms.gle\/53miVYwjytSw7qsP9\">formul\u00e1rio online<\/a>.<\/p>\n<p>O preenchimento das vagas ser\u00e1 baseado na matr\u00edcula do(a) estudante no componente curricular e no seu escore acad\u00eamico. Em caso de empate, crit\u00e9rios como matr\u00edcula no \u00faltimo semestre e maior idade ser\u00e3o utilizados para desempate. A lista de vagas e atividades a serem realizadas em cada setor est\u00e1 detalhada no <a href=\"http:\/\/ufrb.edu.br\/prograd\/images\/EDITAL_2024.2_assinado.pdf\">anexo do edital<\/a>.<\/p>\n<p>O est\u00e1gio ter\u00e1 carga hor\u00e1ria compat\u00edvel com o componente curricular e poder\u00e1 variar entre 30 e 40 horas semanais, dependendo do curso. N\u00e3o haver\u00e1 concess\u00e3o de bolsa ou aux\u00edlios, e os deslocamentos necess\u00e1rios ser\u00e3o de responsabilidade dos(as) estudantes.<\/p>\n<p>Confira os detalhes no&nbsp;<a href=\"http:\/\/ufrb.edu.br\/prograd\/images\/EDITAL_2024.2_assinado.pdf\">Edital<\/a>.<\/p>\n<p>Mais informa\u00e7\u00f5es na&nbsp;<a href=\"https:\/\/ufrb.edu.br\/prograd\/nugest\">p\u00e1gina do N\u00facleo de Gest\u00e3o de Est\u00e1gios<\/a>.<\/p>\n<p>E-mail:&nbsp;<a href=\"mailto:estagios@prograd.ufrb.edu.br\">estagios@prograd.ufrb.edu.br<\/a>.<\/p>\n","protected":false},"excerpt":{"rendered":"<p>A Universidade Federal do Rec\u00f4ncavo da Bahia (UFRB), por meio da Pr\u00f3-Reitoria de Gradua\u00e7\u00e3o (PROGRAD), abre processo seletivo interno para preenchimento de vagas de est\u00e1gios obrigat\u00f3rios para o semestre 2024.2.&nbsp;S\u00e3o ofertadas 65 vagas nos&nbsp;campi&nbsp;de Cachoeira\/S\u00e3o F\u00e9lix, Cruz das Almas e Feira de Santana. As inscri\u00e7\u00f5es podem ser realizadas at\u00e9 22 de setembro de 2024, por [&hellip;]<\/p>\n","protected":false},"author":1,"featured_media":33184,"comment_status":"closed","ping_status":"closed","sticky":false,"template":"","format":"standard","meta":{"_acf_changed":false,"footnotes":""},"categories":[8],"tags":[16],"class_list":["post-33185","post","type-post","status-publish","format-standard","has-post-thumbnail","hentry","category-noticias","tag-estudantes"],"acf":[],"_links":{"self":[{"href":"https:\/\/ufrb.edu.br\/portal\/wp-json\/wp\/v2\/posts\/33185","targetHints":{"allow":["GET"]}}],"collection":[{"href":"https:\/\/ufrb.edu.br\/portal\/wp-json\/wp\/v2\/posts"}],"about":[{"href":"https:\/\/ufrb.edu.br\/portal\/wp-json\/wp\/v2\/types\/post"}],"author":[{"embeddable":true,"href":"https:\/\/ufrb.edu.br\/portal\/wp-json\/wp\/v2\/users\/1"}],"replies":[{"embeddable":true,"href":"https:\/\/ufrb.edu.br\/portal\/wp-json\/wp\/v2\/comments?post=33185"}],"version-history":[{"count":0,"href":"https:\/\/ufrb.edu.br\/portal\/wp-json\/wp\/v2\/posts\/33185\/revisions"}],"wp:featuredmedia":[{"embeddable":true,"href":"https:\/\/ufrb.edu.br\/portal\/wp-json\/wp\/v2\/media\/33184"}],"wp:attachment":[{"href":"https:\/\/ufrb.edu.br\/portal\/wp-json\/wp\/v2\/media?parent=33185"}],"wp:term":[{"taxonomy":"category","embeddable":true,"href":"https:\/\/ufrb.edu.br\/portal\/wp-json\/wp\/v2\/categories?post=33185"},{"taxonomy":"post_tag","embeddable":true,"href":"https:\/\/ufrb.edu.br\/portal\/wp-json\/wp\/v2\/tags?post=33185"}],"curies":[{"name":"wp","href":"https:\/\/api.w.org\/{rel}","templated":true}]}}