{"id":35407,"date":"2024-10-11T10:33:25","date_gmt":"2024-10-11T13:33:25","guid":{"rendered":"https:\/\/ufrb.edu.br\/?p=35407"},"modified":"2024-10-11T10:33:25","modified_gmt":"2024-10-11T13:33:25","slug":"ufrb-seleciona-estudantes-para-atuacao-em-projeto-ligado-a-reuniao-do-g20","status":"publish","type":"post","link":"https:\/\/ufrb.edu.br\/portal\/noticias\/ufrb-seleciona-estudantes-para-atuacao-em-projeto-ligado-a-reuniao-do-g20\/","title":{"rendered":"UFRB seleciona estudantes para atua\u00e7\u00e3o em projeto ligado \u00e0 reuni\u00e3o do G20"},"content":{"rendered":"\n<p>A Universidade Federal do Rec\u00f4ncavo da Bahia (UFRB) publicou edital para selecionar estudantes para o projeto \u201cOficiais de Liga\u00e7\u00e3o para Acompanhamento de Delega\u00e7\u00f5es Internacionais das Reuni\u00f5es de Prepara\u00e7\u00e3o para a C\u00fapula do G20\u201d. A sele\u00e7\u00e3o \u00e9 organizada pelas Superintend\u00eancias para Assuntos Internacionais e pelas Pr\u00f3-Reitorias de Extens\u00e3o e Cultura (PROEXT e PROEXC) da Universidade Federal da Bahia (UFBA) e da UFRB, em apoio ao Minist\u00e9rio da Cultura, que coordena as reuni\u00f5es do Grupo de Trabalho de Cultura do G20 e suas atividades.<\/p>\n\n\n\n<p>Ser\u00e3o disponibilizadas 30 vagas para participa\u00e7\u00e3o no projeto, sendo 15 vagas para estudantes de gradua\u00e7\u00e3o e p\u00f3s-gradua\u00e7\u00e3o de cada uma das institui\u00e7\u00f5es participantes. Al\u00e9m disso, h\u00e1 outras 10 vagas destinadas a suplentes da UFRB e da UFBA.<\/p>\n\n\n\n<p>Para participar da sele\u00e7\u00e3o, os crit\u00e9rios estabelecidos no edital incluem ser estudante regular de gradua\u00e7\u00e3o ou p\u00f3s-gradua\u00e7\u00e3o na UFBA ou na UFRB, com matr\u00edcula ativa e pelo menos um semestre conclu\u00eddo, al\u00e9m de possuir profici\u00eancia em L\u00edngua Inglesa no n\u00edvel B2.<\/p>\n\n\n\n<p>O per\u00edodo de inscri\u00e7\u00e3o segue aberto at\u00e9 14 de outubro. As inscri\u00e7\u00f5es devem ser realizadas mediante o preenchimento do formul\u00e1rio eletr\u00f4nico de inscri\u00e7\u00e3o, dispon\u00edvel em:&nbsp;<a href=\"https:\/\/forms.gle\/KTeEK8YTf4eXd1VZ9\"><\/a><a href=\"https:\/\/forms.gle\/KTeEK8YTf4eXd1VZ9\">https:\/\/forms.gle\/KTeEK8YTf4eXd1VZ9<\/a>, no qual o(a) candidato(a) deve anexar os documentos listados no edital.<\/p>\n\n\n\n<p>A sele\u00e7\u00e3o ser\u00e1 composta pela an\u00e1lise do&nbsp;formul\u00e1rio eletr\u00f4nico de inscri\u00e7\u00e3o e dos documentos apresentados, al\u00e9m de uma entrevista em L\u00edngua Inglesa para comprova\u00e7\u00e3o de profici\u00eancia. As duas etapas s\u00e3o de car\u00e1ter eliminat\u00f3rio e classificat\u00f3rio.<\/p>\n\n\n\n<p>Entre as atribui\u00e7\u00f5es dos(as) Oficiais de Liga\u00e7\u00e3o est\u00e3o atividades como acompanhar membros da delega\u00e7\u00e3o em deslocamentos de e para o aeroporto, agendar reuni\u00f5es bilaterais entre pa\u00edses estrangeiros, resolver entraves burocr\u00e1ticos de \u00faltima hora, solucionar problemas com o motorista designado, reservar restaurantes e realizar ajustes com o hotel. Aqueles(as) que cumprirem integralmente as atividades do projeto receber\u00e3o aux\u00edlio no valor de R$ 2 mil.<\/p>\n\n\n\n<p>As reuni\u00f5es ocorrer\u00e3o entre os dias 2 e 8 de novembro, em Salvador.<\/p>\n\n\n\n<p>Confira o&nbsp;<a href=\"https:\/\/www.ufrb.edu.br\/supai\/images\/EDITAL_G20.pdf\">Edital n\u00ba 01\/2024<\/a>.<\/p>\n","protected":false},"excerpt":{"rendered":"<p>A Universidade Federal do Rec\u00f4ncavo da Bahia (UFRB) publicou edital para selecionar estudantes para o projeto \u201cOficiais de Liga\u00e7\u00e3o para Acompanhamento de Delega\u00e7\u00f5es Internacionais das Reuni\u00f5es de Prepara\u00e7\u00e3o para a C\u00fapula do G20\u201d. A sele\u00e7\u00e3o \u00e9 organizada pelas Superintend\u00eancias para Assuntos Internacionais e pelas Pr\u00f3-Reitorias de Extens\u00e3o e Cultura (PROEXT e PROEXC) da Universidade Federal [&hellip;]<\/p>\n","protected":false},"author":1,"featured_media":35408,"comment_status":"closed","ping_status":"closed","sticky":false,"template":"","format":"standard","meta":{"_acf_changed":false,"footnotes":""},"categories":[8],"tags":[14,16],"class_list":["post-35407","post","type-post","status-publish","format-standard","has-post-thumbnail","hentry","category-noticias","tag-concursos-e-editais","tag-estudantes"],"acf":[],"_links":{"self":[{"href":"https:\/\/ufrb.edu.br\/portal\/wp-json\/wp\/v2\/posts\/35407","targetHints":{"allow":["GET"]}}],"collection":[{"href":"https:\/\/ufrb.edu.br\/portal\/wp-json\/wp\/v2\/posts"}],"about":[{"href":"https:\/\/ufrb.edu.br\/portal\/wp-json\/wp\/v2\/types\/post"}],"author":[{"embeddable":true,"href":"https:\/\/ufrb.edu.br\/portal\/wp-json\/wp\/v2\/users\/1"}],"replies":[{"embeddable":true,"href":"https:\/\/ufrb.edu.br\/portal\/wp-json\/wp\/v2\/comments?post=35407"}],"version-history":[{"count":0,"href":"https:\/\/ufrb.edu.br\/portal\/wp-json\/wp\/v2\/posts\/35407\/revisions"}],"wp:featuredmedia":[{"embeddable":true,"href":"https:\/\/ufrb.edu.br\/portal\/wp-json\/wp\/v2\/media\/35408"}],"wp:attachment":[{"href":"https:\/\/ufrb.edu.br\/portal\/wp-json\/wp\/v2\/media?parent=35407"}],"wp:term":[{"taxonomy":"category","embeddable":true,"href":"https:\/\/ufrb.edu.br\/portal\/wp-json\/wp\/v2\/categories?post=35407"},{"taxonomy":"post_tag","embeddable":true,"href":"https:\/\/ufrb.edu.br\/portal\/wp-json\/wp\/v2\/tags?post=35407"}],"curies":[{"name":"wp","href":"https:\/\/api.w.org\/{rel}","templated":true}]}}