{"id":35539,"date":"2024-11-04T13:43:13","date_gmt":"2024-11-04T16:43:13","guid":{"rendered":"https:\/\/ufrb.edu.br\/?p=35539"},"modified":"2024-11-04T13:43:13","modified_gmt":"2024-11-04T16:43:13","slug":"ufrb-abre-selecao-para-tutoresas-em-curso-de-extensao-em-educacao-especial-a-distancia","status":"publish","type":"post","link":"https:\/\/ufrb.edu.br\/portal\/noticias\/ufrb-abre-selecao-para-tutoresas-em-curso-de-extensao-em-educacao-especial-a-distancia\/","title":{"rendered":"UFRB abre sele\u00e7\u00e3o para tutores(as) em curso de extens\u00e3o em Educa\u00e7\u00e3o Especial a dist\u00e2ncia"},"content":{"rendered":"\n<p>A Universidade Federal do Rec\u00f4ncavo da Bahia (UFRB) lan\u00e7ou o&nbsp;<a href=\"https:\/\/www2.ufrb.edu.br\/ead\/components\/com_chronoforms5\/chronoforms\/uploads\/documentoprosel\/20241029151128_ED_33_2024_SEAD_Tutores_EDESP.pdf\">edital SEAD n\u00ba 33\/2024<\/a>&nbsp;para o processo seletivo de tutores(as) em car\u00e1ter tempor\u00e1rio para o curso de extens\u00e3o em Educa\u00e7\u00e3o Especial na perspectiva da Educa\u00e7\u00e3o Inclusiva. A sele\u00e7\u00e3o, organizada pela Superintend\u00eancia de Educa\u00e7\u00e3o a Dist\u00e2ncia (SEAD), visa formar cadastro reserva de tutores(as) para atuar no curso na modalidade a dist\u00e2ncia, dentro do Sistema Universidade Aberta do Brasil (UAB)\u200b<\/p>\n\n\n\n<p>Para participar, os(as) candidatos(as) devem ter gradua\u00e7\u00e3o em licenciatura, especializa\u00e7\u00e3o ou p\u00f3s-gradua\u00e7\u00e3o em Educa\u00e7\u00e3o Especial ou Inclusiva, al\u00e9m de experi\u00eancia m\u00ednima de um ano no magist\u00e9rio da educa\u00e7\u00e3o b\u00e1sica ou superior. A remunera\u00e7\u00e3o ser\u00e1 realizada por meio de bolsa CAPES, no valor de R$ 1.100,00 mensais, sendo o v\u00ednculo exclusivamente de bolsista, sem qualquer rela\u00e7\u00e3o empregat\u00edcia com a UFRB<\/p>\n\n\n\n<p>As inscri\u00e7\u00f5es podem ser feitas at\u00e9 22 de novembro de 2024, no&nbsp;<a href=\"https:\/\/www2.ufrb.edu.br\/ead\/component\/chronoforms5\/?chronoform=ver-prosel&amp;id=1223\">site da SEAD\/UFRB<\/a>. O resultado final ser\u00e1 divulgado em 2 de dezembro de 2024. O processo ter\u00e1 validade de dois anos, podendo ser prorrogado pelo mesmo per\u00edodo.<\/p>\n\n\n\n<p>D\u00favidas sobre o processo podem ser esclarecidas pelo e-mail&nbsp;<a href=\"mailto:editais@sead.ufrb.edu.br\">editais@sead.ufrb.edu.br<\/a>.<\/p>\n\n\n\n<p><\/p>\n","protected":false},"excerpt":{"rendered":"<p>A Universidade Federal do Rec\u00f4ncavo da Bahia (UFRB) lan\u00e7ou o&nbsp;edital SEAD n\u00ba 33\/2024&nbsp;para o processo seletivo de tutores(as) em car\u00e1ter tempor\u00e1rio para o curso de extens\u00e3o em Educa\u00e7\u00e3o Especial na perspectiva da Educa\u00e7\u00e3o Inclusiva. A sele\u00e7\u00e3o, organizada pela Superintend\u00eancia de Educa\u00e7\u00e3o a Dist\u00e2ncia (SEAD), visa formar cadastro reserva de tutores(as) para atuar no curso na [&hellip;]<\/p>\n","protected":false},"author":1,"featured_media":35540,"comment_status":"closed","ping_status":"closed","sticky":false,"template":"","format":"standard","meta":{"_acf_changed":false,"footnotes":""},"categories":[8],"tags":[14,15,16,21],"class_list":["post-35539","post","type-post","status-publish","format-standard","has-post-thumbnail","hentry","category-noticias","tag-concursos-e-editais","tag-egressos","tag-estudantes","tag-servidores"],"acf":[],"_links":{"self":[{"href":"https:\/\/ufrb.edu.br\/portal\/wp-json\/wp\/v2\/posts\/35539","targetHints":{"allow":["GET"]}}],"collection":[{"href":"https:\/\/ufrb.edu.br\/portal\/wp-json\/wp\/v2\/posts"}],"about":[{"href":"https:\/\/ufrb.edu.br\/portal\/wp-json\/wp\/v2\/types\/post"}],"author":[{"embeddable":true,"href":"https:\/\/ufrb.edu.br\/portal\/wp-json\/wp\/v2\/users\/1"}],"replies":[{"embeddable":true,"href":"https:\/\/ufrb.edu.br\/portal\/wp-json\/wp\/v2\/comments?post=35539"}],"version-history":[{"count":0,"href":"https:\/\/ufrb.edu.br\/portal\/wp-json\/wp\/v2\/posts\/35539\/revisions"}],"wp:featuredmedia":[{"embeddable":true,"href":"https:\/\/ufrb.edu.br\/portal\/wp-json\/wp\/v2\/media\/35540"}],"wp:attachment":[{"href":"https:\/\/ufrb.edu.br\/portal\/wp-json\/wp\/v2\/media?parent=35539"}],"wp:term":[{"taxonomy":"category","embeddable":true,"href":"https:\/\/ufrb.edu.br\/portal\/wp-json\/wp\/v2\/categories?post=35539"},{"taxonomy":"post_tag","embeddable":true,"href":"https:\/\/ufrb.edu.br\/portal\/wp-json\/wp\/v2\/tags?post=35539"}],"curies":[{"name":"wp","href":"https:\/\/api.w.org\/{rel}","templated":true}]}}