{"id":35563,"date":"2024-11-07T14:59:33","date_gmt":"2024-11-07T17:59:33","guid":{"rendered":"https:\/\/ufrb.edu.br\/?p=35563"},"modified":"2024-11-07T14:59:33","modified_gmt":"2024-11-07T17:59:33","slug":"festival-da-ceramica-maragogipinho-realiza-segunda-edicao-de-14-a-17-de-novembro","status":"publish","type":"post","link":"https:\/\/ufrb.edu.br\/portal\/noticias\/festival-da-ceramica-maragogipinho-realiza-segunda-edicao-de-14-a-17-de-novembro\/","title":{"rendered":"Festival da Cer\u00e2mica Maragogipinho realiza segunda edi\u00e7\u00e3o de 14 a 17 de novembro"},"content":{"rendered":"\n<p>Um of\u00edcio moldado pelas m\u00e3os de um povo forte e resiliente que, h\u00e1 300 anos, faz do barro a sua arte. O&nbsp;<strong>II Festival da Cer\u00e2mica Maragogipinho<\/strong>&nbsp;celebra, de&nbsp;<strong>14 a 17 de novembro<\/strong>, a tradi\u00e7\u00e3o de&nbsp;<strong>mestras e mestres ceramistas, artes\u00e3s e artes\u00e3os de Maragogipinho<\/strong>, localidade reconhecida pela UNESCO, desde 2004, como&nbsp;<strong>maior centro cer\u00e2mico da Am\u00e9rica Latina<\/strong>.<\/p>\n\n\n\n<p>Com o tema&nbsp;<strong>&#8220;Cer\u00e2mica e Tradi\u00e7\u00e3o: Celebrando o Boi Bilha&#8221;<\/strong>, o Festival traz quatro dias de intensa programa\u00e7\u00e3o que inclui a&nbsp;<strong>Feira Artesanato da Bahia<\/strong>,&nbsp;<strong>rodada de neg\u00f3cios, mostras art\u00edsticas, cursos de qualifica\u00e7\u00e3o, visitas \u00e0s olarias, gastronomia e shows<\/strong>&nbsp;musicais de atra\u00e7\u00f5es como&nbsp;<strong>Sandra S\u00e1, Luiz Caldas, Jau, Sambaiana, Alo\u00edsio Menezes, D\u00e3o Black,<\/strong>&nbsp;al\u00e9m de artistas locais.&nbsp;<\/p>\n\n\n\n<p>Protagonizando a cer\u00e2mica e seus artistas, a iniciativa se consolida no calend\u00e1rio de eventos culturais da Bahia como uma realiza\u00e7\u00e3o fundamental para a promo\u00e7\u00e3o da arte ceramista de Maragogipinho, proporcionando um espa\u00e7o de comercializa\u00e7\u00e3o direta de obras, capacita\u00e7\u00e3o de oleiros e est\u00edmulo ao turismo de experi\u00eancia.&nbsp;<br><br>&#8220;O Festival da Cer\u00e2mica abre uma janela potente para que mais pessoas da Bahia e do Brasil conhe\u00e7am a beleza que \u00e9 Maragogipinho e se deslumbrem com a arte t\u00e3o particular e genu\u00edna daquele povo. Nesta edi\u00e7\u00e3o, damos continuidade ao trabalho que desenvolvemos de fortalecimento dessa comunidade e do seu of\u00edcio&#8221;, destaca a gestora sociocultural Jaqueline Azevedo, diretora da Associa\u00e7\u00e3o F\u00e1brica Cultural, que correaliza o Festival.&nbsp;<\/p>\n\n\n\n<p><strong>Cer\u00e2mica artesanal<\/strong><\/p>\n\n\n\n<p>Durante o Festival, a Feira Artesanato da Bahia reunir\u00e1 mais de 30 artes\u00e3s e artes\u00e3os do Baixo Sul que ir\u00e3o comercializar obras art\u00edsticas e pe\u00e7as decorativas e utilit\u00e1rias produzidas nas mais de 140 olarias locais, entre elas: lou\u00e7as de barro, potes, talhas, bois bilha, panelas, vasos, pratos, esculturas e moringas.&nbsp;<\/p>\n\n\n\n<p>&#8220;Quando decidimos criar o Festival foi buscando dar visibilidade e consolidar Maragogipinho como destino tur\u00edstico e cultural, contribuindo para a preserva\u00e7\u00e3o e divulga\u00e7\u00e3o do artesanato local, com toda a sua riqueza e&nbsp; caracter\u00edsticas peculiares. Essa segunda edi\u00e7\u00e3o reafirma o nosso prop\u00f3sito de incluir o Festival no calend\u00e1rio de eventos culturais da Bahia&#8221;, explica Davidson Magalh\u00e3es, secret\u00e1rio do Trabalho, Emprego, Renda e Esporte (Setre-BA), tamb\u00e9m correalizadora do Festival.&nbsp;&nbsp;<\/p>\n\n\n\n<p><strong>Boi Bilha e Mestre Vitorino<\/strong><strong>&nbsp;<\/strong><\/p>\n\n\n\n<p>Uma das obras mais emblem\u00e1ticas produzidas ali, o Boi Bilha serve de inspira\u00e7\u00e3o para o Festival deste ano. Criado pelo Mestre Vitorino \u2013 refer\u00eancia na arte da cer\u00e2mica e importante oleiro daquela comunidade, hoje aos 104 anos \u2013, o Boi Bilha \u00e9 uma moringa em formato de boi modelada em argila. Reproduzida por diversos artes\u00e3os locais, a pe\u00e7a carrega heran\u00e7as dos povos ind\u00edgenas da regi\u00e3o e \u00e9 tradicionalmente decorada com dois pigmentos naturais: o tau\u00e1, de cor avermelhada, e a tabatinga, de cor branca, pintados em padr\u00f5es ornamentais de ramos, folhas e flores.<\/p>\n\n\n\n<p><strong>M\u00fasica, cinema e gastronomia<\/strong><\/p>\n\n\n\n<p>O palco montado na Pra\u00e7a Matriz receber\u00e1 shows de artistas nacionais e locais durante os quatro dias de Festival da Cer\u00e2mica. Entre os nomes j\u00e1 confirmados est\u00e3o: na quinta-feira (14), D\u00e3o Black, que abre a programa\u00e7\u00e3o de shows \u00e0s 19h com um repert\u00f3rio inteiramente dedicado ao rei Roberto Carlos; na sexta-feira (15), a festa come\u00e7a com a banda Cem, \u00e0s 19h, seguida por Sambaiana, \u00e0s 20h30, e Luiz Caldas, \u00e0s 22h30; o s\u00e1bado (16) ter\u00e1 Milena Figueiredo, JBS, \u00e0s 19h e 19h30, e depois Alo\u00edsio Menezes, \u00e0s 20h30, e Sandra S\u00e1, \u00e0s 22h30; e no domingo (17), a festa come\u00e7a mais cedo, \u00e0s 15h, com Geovany Santos, Raphinha Santos, Jau e Jeu Nogueira, encerrando a programa\u00e7\u00e3o.&nbsp;<\/p>\n\n\n\n<p>Ainda no dia 14, o Festival promove a a\u00e7\u00e3o Cinema da Pra\u00e7a, \u00e0s 18h, com a estreia da s\u00e9rie \u201cEm Torno do Barro&#8221;, filme document\u00e1rio sobre os mestres ceramistas de Maragogipinho produzido pela UFRB. Uma feira gastron\u00f4mica, repleta de produtos regionais da culin\u00e1ria do Rec\u00f4ncavo, Baiana e Nordestina, al\u00e9m de comidas de rua, completar\u00e1 a experi\u00eancia do p\u00fablico no Festival.&nbsp;<\/p>\n\n\n\n<p><strong>Imers\u00e3o nas olarias<\/strong><\/p>\n\n\n\n<p>S\u00e3o mais de 140 olarias distribu\u00eddas em diversos corredores estreitos do vilarejo de Maragogipinho e que preservam o fazer artesanal da cer\u00e2mica em ferramentas antigas e instala\u00e7\u00f5es r\u00fasticas, algumas delas com paredes de bambu e cobertas de folhas de sap\u00e9. O Festival vai promover visitas \u00e0s olarias, em uma imers\u00e3o com media\u00e7\u00e3o cultural e experimenta\u00e7\u00e3o de t\u00e9cnicas de cer\u00e2mica, diariamente, de 15 a 17 de novembro, em dois hor\u00e1rios, \u00e0s 10h e \u00e0s 15h.&nbsp;<\/p>\n\n\n\n<p>\u201cO Festival da Cer\u00e2mica \u00e9 resultado do fortalecimento da pol\u00edtica p\u00fablica de fomento ao artesanato da Bahia e do esfor\u00e7o do Governo do Estado para mostrar ao Brasil a grandiosidade de Maragogipinho. Esse lugar \u00e9 m\u00e1gico!&#8221;, resume Weslen Moreira , coordenador de Fomento ao Artesanato da SETRE.&nbsp;<\/p>\n\n\n\n<p><strong>Neg\u00f3cios, mapeamento e capacita\u00e7\u00e3o<\/strong><\/p>\n\n\n\n<p>A Rota Artesanal Boi Bilha receber\u00e1 de 12 a 14 de novembro, como parte das a\u00e7\u00f5es estruturantes do Festival da Cer\u00e2mica, a Caravana de Cadastramento, que visitar\u00e1 artes\u00e3os e artes\u00e3s para emiss\u00e3o da Carteira Nacional do Artes\u00e3o. O cadastramento \u00e9 uma forma de regulariza\u00e7\u00e3o profissional e garante direitos trabalhistas, al\u00e9m de possibilitar a participa\u00e7\u00e3o em cursos e qualifica\u00e7\u00f5es, a comercializa\u00e7\u00e3o nas Feiras e nas lojas do Artesanato da Bahia.<br><br>Tamb\u00e9m como parte das a\u00e7\u00f5es de fomento econ\u00f4mico, o Festival realizar\u00e1 a 5\u00aa Rodada de Neg\u00f3cio Artesanato da Bahia, nos dias 12 e 13 de novembro, que vai unir os artes\u00e3os locais a empres\u00e1rios, lojistas e revendedores da Bahia e do Brasil. Est\u00e3o programadas tamb\u00e9m atividades de qualifica\u00e7\u00e3o, com curso e rodas de conversa, e a entrega do &#8220;Selo de Origem Artesanato da Bahia&#8221;, certifica\u00e7\u00e3o que reconhece a autenticidade do artesanato baiano e a origem do produto.<\/p>\n\n\n\n<p>O 2\u00ba Festival da Cer\u00e2mica Maragogipinho \u00e9 uma realiza\u00e7\u00e3o da Associa\u00e7\u00e3o da F\u00e1brica Cultural e do Governo da Bahia, por meio da Coordena\u00e7\u00e3o de Fomento ao Artesanato (CFA) da Secretaria do Trabalho, Emprego, Renda e Esporte (Setre) e por meio da&nbsp; Superintend\u00eancia de Fomento ao Turismo (Sufotur) da Secretaria de Turismo (Setur). O evento tem apoio da TVE, Rede Bahia, Associa\u00e7\u00e3o de Aux\u00edlio M\u00fatuo dos Oleiros de Maragogipinho &#8211; AAMOM, Prefeitura Municipal de Aratu\u00edpe,&nbsp; Secretaria de Cultura (Secult) e de Promo\u00e7\u00e3o da Igualdade Racial e dos Povos e Comunidades Tradicionais (Sepromi) e da Pr\u00f3 Reitoria de Extens\u00e3o da Universidade Federal do Rec\u00f4ncavo da Bahia (UFRB).<\/p>\n\n\n\n<p><strong>Programa\u00e7\u00e3o completa<\/strong><\/p>\n\n\n\n<p><strong>12\/nov (ter\u00e7a-feira)<\/strong><strong><br><\/strong>9h \u00e0s 17h &#8211; 5\u00aa Rodada de Neg\u00f3cio Artesanato da Bahia<br>15h \u00e0s 19h &#8211; Caravana de Cadastramento<\/p>\n\n\n\n<p><strong>13\/nov (quarta-feira)<\/strong><strong><br><\/strong>10h \u00e0s 12h | 15h \u00e0s 19h &#8211; Caravana de Cadastramento<br>9h \u00e0s 17h &#8211; 5\u00aa Rodada de Neg\u00f3cio Artesanato da Bahia<\/p>\n\n\n\n<p><strong>14\/nov (quinta-feira)<\/strong><strong><br><\/strong>10h \u00e0s 12h &#8211; Caravana de Cadastramento<br>17h30 &#8211; Roda de Conversa: &#8220;A import\u00e2ncia da Patrimonializa\u00e7\u00e3o para Maragogipinho&#8221;<\/p>\n\n\n\n<p>18h &#8211; Cinema na pra\u00e7a | Exibi\u00e7\u00e3o da s\u00e9rie \u201cEm Torno do Barro\u201d (UFRB)<strong><br><\/strong>19h &#8211; Show Palco Principal | D\u00e3o Black canta Roberto Carlos<\/p>\n\n\n\n<p><strong>15\/nov (sexta-feira)<\/strong><\/p>\n\n\n\n<p>10h \u00e0s 20h &#8211; Feira Artesanato da Bahia<\/p>\n\n\n\n<p>10\u00e0s 20h &#8211; Feira Afro<\/p>\n\n\n\n<p>10\u00e0s 20h &#8211; Feira Afro<\/p>\n\n\n\n<p>10h \u00e0s 20h &#8211; Mostra Cultura e Identidade: O resgate da tradi\u00e7\u00e3o da pintura tau\u00e1 e tabatinga<\/p>\n\n\n\n<p>10h \u00e0s 10h30 &#8211; Programa\u00e7\u00e3o Cultural (a definir)<\/p>\n\n\n\n<p>11h \u00e0s 11h30 &#8211; Visita Guiada e Experi\u00eancia Imersiva nas Olarias<\/p>\n\n\n\n<p>14h \u00e0s 15h &#8211; Programa\u00e7\u00e3o Cultural (a definir)<\/p>\n\n\n\n<p>14h \u00e0s 20h &#8211; Exposi\u00e7\u00e3o do Selo (Sede da AAMOM)<\/p>\n\n\n\n<p>14h \u00e0 0h &#8211; Feira Gastron\u00f4mica<\/p>\n\n\n\n<p>15h \u00e0s 15h30 &#8211; Visita Guiada e Experi\u00eancia Imersiva nas Olarias<\/p>\n\n\n\n<p>18h \u00e0 0h &#8211; Show Palco Principal | Cem, Sambaiana e Luis Caldas<\/p>\n\n\n\n<p><strong>16\/nov (s\u00e1bado)<\/strong><\/p>\n\n\n\n<p>10h \u00e0s 20h &#8211; Feira Artesanato da Bahia<\/p>\n\n\n\n<p>10\u00e0s 20h &#8211; Feira Afro<\/p>\n\n\n\n<p>10h \u00e0s 20h &#8211; Mostra Cultura e Identidade: O resgate da tradi\u00e7\u00e3o da pintura tau\u00e1 e tabatinga<\/p>\n\n\n\n<p>10h \u00e0s 10h30 &#8211; Programa\u00e7\u00e3o Cultural (a definir)<\/p>\n\n\n\n<p>11h \u00e0s 11h30 &#8211; Visita Guiada e Experi\u00eancia Imersiva nas Olarias<\/p>\n\n\n\n<p>14h \u00e0s 15h &#8211; Programa\u00e7\u00e3o Cultural (a definir)<\/p>\n\n\n\n<p>14h \u00e0s 20h &#8211; Exposi\u00e7\u00e3o do Selo (Sede da AAMOM)<\/p>\n\n\n\n<p>14h \u00e0 0h &#8211; Feira Gastron\u00f4mica<\/p>\n\n\n\n<p>15h \u00e0s 15h30 &#8211; Visita Guiada e Experi\u00eancia Imersiva nas Olarias<\/p>\n\n\n\n<p>18h \u00e0 0h &#8211; Show Palco Principal | Milena Figueiredo, JBS, Alo\u00edsio Menezes e Sandra S\u00e1<\/p>\n\n\n\n<p><strong>17\/nov (domingo)<\/strong><\/p>\n\n\n\n<p>10h \u00e0s 20h &#8211; Feira Artesanato da Bahia<\/p>\n\n\n\n<p>10\u00e0s 20h &#8211; Feira Afro<\/p>\n\n\n\n<p>10h \u00e0s 20h &#8211; Mostra Cultura e Identidade: O resgate da tradi\u00e7\u00e3o da pintura tau\u00e1 e tabatinga<\/p>\n\n\n\n<p>10h \u00e0s 10h30 &#8211; Programa\u00e7\u00e3o Cultural (a definir)<\/p>\n\n\n\n<p>10h30 \u00e0s 11h &#8211; Visita Guiada e Experi\u00eancia Imersiva nas Olarias<strong><br><\/strong>14h \u00e0s 15h &#8211; Programa\u00e7\u00e3o Cultural (a definir)<\/p>\n\n\n\n<p>10h \u00e0 20h &#8211; Feira Gastron\u00f4mica<\/p>\n\n\n\n<p>15h \u00e0s 15h30 &#8211; Visita Guiada e Experi\u00eancia Imersiva nas Olarias<\/p>\n\n\n\n<p>15h \u00e0s 20h &#8211; Show Palco Principal | Geovany Santos, Raphinha Santos, Jau e Jeu Nogueira<\/p>\n","protected":false},"excerpt":{"rendered":"<p>Um of\u00edcio moldado pelas m\u00e3os de um povo forte e resiliente que, h\u00e1 300 anos, faz do barro a sua arte. O&nbsp;II Festival da Cer\u00e2mica Maragogipinho&nbsp;celebra, de&nbsp;14 a 17 de novembro, a tradi\u00e7\u00e3o de&nbsp;mestras e mestres ceramistas, artes\u00e3s e artes\u00e3os de Maragogipinho, localidade reconhecida pela UNESCO, desde 2004, como&nbsp;maior centro cer\u00e2mico da Am\u00e9rica Latina. Com [&hellip;]<\/p>\n","protected":false},"author":1,"featured_media":35564,"comment_status":"closed","ping_status":"closed","sticky":false,"template":"","format":"standard","meta":{"_acf_changed":false,"footnotes":""},"categories":[8],"tags":[15,16,21],"class_list":["post-35563","post","type-post","status-publish","format-standard","has-post-thumbnail","hentry","category-noticias","tag-egressos","tag-estudantes","tag-servidores"],"acf":[],"_links":{"self":[{"href":"https:\/\/ufrb.edu.br\/portal\/wp-json\/wp\/v2\/posts\/35563","targetHints":{"allow":["GET"]}}],"collection":[{"href":"https:\/\/ufrb.edu.br\/portal\/wp-json\/wp\/v2\/posts"}],"about":[{"href":"https:\/\/ufrb.edu.br\/portal\/wp-json\/wp\/v2\/types\/post"}],"author":[{"embeddable":true,"href":"https:\/\/ufrb.edu.br\/portal\/wp-json\/wp\/v2\/users\/1"}],"replies":[{"embeddable":true,"href":"https:\/\/ufrb.edu.br\/portal\/wp-json\/wp\/v2\/comments?post=35563"}],"version-history":[{"count":0,"href":"https:\/\/ufrb.edu.br\/portal\/wp-json\/wp\/v2\/posts\/35563\/revisions"}],"wp:featuredmedia":[{"embeddable":true,"href":"https:\/\/ufrb.edu.br\/portal\/wp-json\/wp\/v2\/media\/35564"}],"wp:attachment":[{"href":"https:\/\/ufrb.edu.br\/portal\/wp-json\/wp\/v2\/media?parent=35563"}],"wp:term":[{"taxonomy":"category","embeddable":true,"href":"https:\/\/ufrb.edu.br\/portal\/wp-json\/wp\/v2\/categories?post=35563"},{"taxonomy":"post_tag","embeddable":true,"href":"https:\/\/ufrb.edu.br\/portal\/wp-json\/wp\/v2\/tags?post=35563"}],"curies":[{"name":"wp","href":"https:\/\/api.w.org\/{rel}","templated":true}]}}