{"id":38568,"date":"2025-03-18T11:32:14","date_gmt":"2025-03-18T14:32:14","guid":{"rendered":"https:\/\/ufrb.edu.br\/?p=38568"},"modified":"2025-03-18T11:32:14","modified_gmt":"2025-03-18T14:32:14","slug":"inscricoes-para-o-pre-vestibular-gratuito-upt-comecam-na-terca-18-ufrb-oferece-860-vagas","status":"publish","type":"post","link":"https:\/\/ufrb.edu.br\/portal\/noticias\/inscricoes-para-o-pre-vestibular-gratuito-upt-comecam-na-terca-18-ufrb-oferece-860-vagas\/","title":{"rendered":"Inscri\u00e7\u00f5es para o pr\u00e9-vestibular gratuito UPT come\u00e7am na ter\u00e7a (18); UFRB oferece 860 vagas"},"content":{"rendered":"\n<p>As inscri\u00e7\u00f5es para o Programa Universidade para Todos (UPT) come\u00e7am nesta ter\u00e7a-feira, 18 de mar\u00e7o, e seguem at\u00e9 27 de mar\u00e7o, exclusivamente online, no site&nbsp;<a href=\"https:\/\/upt.educacao.ba.gov.br\/\">upt.educacao.ba.gov.br<\/a>. O programa visa preparar estudantes concluintes e egressos(as) da rede p\u00fablica de ensino para os processos seletivos de ingresso ao Ensino Superior.<\/p>\n\n\n\n<p>Este ano, o UPT oferecer\u00e1&nbsp;20.110 vagas&nbsp;distribu\u00eddas em&nbsp;218 munic\u00edpios&nbsp;dos 27 Territ\u00f3rios de Identidade da Bahia, com atividades em&nbsp;358 polos. A Universidade Federal do Rec\u00f4ncavo da Bahia (UFRB) disponibilizar\u00e1&nbsp;860 vagas&nbsp;em&nbsp;14 munic\u00edpios.<\/p>\n\n\n\n<p>Para se inscrever, o(a) candidato(a) deve selecionar o munic\u00edpio, turno e modalidade de oferta das aulas de seu interesse. A sele\u00e7\u00e3o ser\u00e1 realizada por sorteio eletr\u00f4nico aleat\u00f3rio e equitativo no dia&nbsp;28 de mar\u00e7o, \u00e0s 9h, na Secretaria da Educa\u00e7\u00e3o (SEC). Os(as) candidatos(as) selecionados(as) ser\u00e3o matriculados(as) automaticamente no programa, desde que atendam aos requisitos.<\/p>\n\n\n\n<p>O UPT \u00e9 composto por tr\u00eas etapas: mobiliza\u00e7\u00e3o para inscri\u00e7\u00f5es em processos como o ENEM e vestibulares; fortalecimento das aprendizagens; e forma\u00e7\u00e3o de futuros professores(as). Durante a inscri\u00e7\u00e3o, o(a) candidato(a) pode buscar vagas por munic\u00edpio, turno e modalidade, e se inscrever em at\u00e9 duas op\u00e7\u00f5es.<\/p>\n\n\n\n<p>Podem participar do programa os(as) estudantes da rede p\u00fablica da Bahia regularmente matriculados(as) no 3\u00ba ano do Ensino M\u00e9dio ou no 4\u00ba ano da Educa\u00e7\u00e3o Profissional integrada ao Ensino M\u00e9dio em 2025, al\u00e9m de egressos(as) do Ensino M\u00e9dio estadual e municipal do Estado da Bahia. Os resultados estar\u00e3o dispon\u00edveis no site&nbsp;<a href=\"https:\/\/upt.educacao.ba.gov.br\/\">upt.educacao.ba.gov.br<\/a>&nbsp;a partir do dia&nbsp;9 de abril.<\/p>\n\n\n\n<p><strong>Vagas da UFRB no UPT<\/strong><\/p>\n\n\n\n<figure class=\"wp-block-table\"><table class=\"has-fixed-layout\"><tbody><tr><td><strong>Polo<\/strong><\/td><td><strong>Munic\u00edpio<\/strong><\/td><td><strong>Local de Atua\u00e7\u00e3o<\/strong><\/td><td><strong>Modalidade<\/strong><\/td><td><strong>Turno<\/strong><\/td><td><strong>Vagas<\/strong><\/td><td><strong>Endere\u00e7o<\/strong><\/td><\/tr><tr><td rowspan=\"8\">Amargosa<\/td><td rowspan=\"3\">Amargosa<\/td><td>Escolas Municipais Reunidas Almeida Sampaio<\/td><td>Presencial<\/td><td>Noturno<\/td><td>50<\/td><td>Avenida Dr. Lauro de Freitas, 00138 &#8211; Santa Rita, Amargosa\/BA, 45.300-000<\/td><\/tr><tr><td>Col\u00e9gio Estadual Pedro Calmon<\/td><td>Presencial<\/td><td>Noturno<\/td><td>50<\/td><td>Pra\u00e7a Jos\u00e9 Viana Sampaio, 371 &#8211; Centro, Amargosa\/BA, 45.300-000<\/td><\/tr><tr><td>Escolas Estaduais Santa Bernadete<\/td><td>Presencial<\/td><td>Noturno<\/td><td>50<\/td><td>Rua Cel. B. Almeida, 120, Centro, Amargosa\/BA, 45.300-000<\/td><\/tr><tr><td>El\u00edsio Medrado<\/td><td>Col\u00e9gio Estadual Democr\u00e1tico Professor R\u00f4mulo Galv\u00e3o<\/td><td>H\u00edbrido<\/td><td>Noturno<\/td><td>50<\/td><td>Pra\u00e7a Jonival Lucas, s\/n, Centro, El\u00edsio Medrado\/BA, 45.305-000<\/td><\/tr><tr><td>Brej\u00f5es<\/td><td>Col\u00e9gio Estadual Ana L\u00facia Castelo Branco<\/td><td>H\u00edbrido<\/td><td>Noturno<\/td><td>40<\/td><td>Loteamento Jos\u00e9, Travessa Vaz de Andrade, s\/n &#8211; Centro, Brej\u00f5es\/BA, 45.325-000<\/td><\/tr><tr><td>Brej\u00f5es &#8211; Distrito Serrana<\/td><td>Col\u00e9gio Estadual Edivaldo Boa Ventura<\/td><td>H\u00edbrido<\/td><td>Noturno<\/td><td>40<\/td><td>Rua Get\u00falio Vargas, s\/n, Povoado Km 100, Brej\u00f5es\/BA, 45.325-000<\/td><\/tr><tr><td>Milagres<\/td><td>Col\u00e9gio Estadual de Milagres<\/td><td>H\u00edbrido<\/td><td>Noturno<\/td><td>30<\/td><td>Avenida Santo Ant\u00f4nio &#8211; s\/n<\/td><\/tr><tr><td>Uba\u00edra<\/td><td>Col\u00e9gio Estadual Balbino Muniz Barreto<\/td><td>H\u00edbrido<\/td><td>Noturno<\/td><td>50<\/td><td>Rua Jos\u00e9 Ribeiro Filho, 31, Centro, Uba\u00edra\/BA, 45.310-000<\/td><\/tr><tr><td rowspan=\"8\">Cruz das Almas<\/td><td rowspan=\"3\">Cruz das Almas<\/td><td rowspan=\"2\">Centro Territorial de Educa\u00e7\u00e3o Profissional Rec\u00f4ncavo II Alberto Torres<\/td><td>Presencial<\/td><td>Noturno<\/td><td>50<\/td><td rowspan=\"2\">Rua Rui Barbosa, 832, Centro, Cruz das Almas &#8211; BA, 44.380-000<\/td><\/tr><tr><td>Presencial<\/td><td>Vespertino<\/td><td>50<\/td><\/tr><tr><td>Col\u00e9gio Estadual Landulfo Alves de Almeida<\/td><td>Presencial<\/td><td>Noturno<\/td><td>50<\/td><td>Pra\u00e7a Landulfo Alves, 180, Suzana, Cruz das Almas\/BA, 44.380-000 telefone (75) 3621-3370<\/td><\/tr><tr><td>Cabaceiras do Paragua\u00e7u<\/td><td>Col\u00e9gio Estadual Alb\u00e9rico Gomes Santana<\/td><td>H\u00edbrido<\/td><td>Noturno<\/td><td>50<\/td><td>Cabaceiras do Paragua\u00e7u &#8211; s\/n<\/td><\/tr><tr><td>Cachoeira<\/td><td>Col\u00e9gio Estadual de Cachoeira<\/td><td>Presencial<\/td><td>Noturno<\/td><td>50<\/td><td>Pra\u00e7a Vacarezza, s\/n, Pitanga, Cachoeira\/BA, 44.300-000<\/td><\/tr><tr><td>Governador Mangabeira<\/td><td>Col\u00e9gio Estadual Professor Edgard Santos<\/td><td>Presencial<\/td><td>Vespertino<\/td><td>50<\/td><td>Rua Manoel Machado Pedreira, 320, Gov. Mangabeira\/BA, 44.350-000<\/td><\/tr><tr><td>Sapea\u00e7u<\/td><td>Col\u00e9gio Estadual Doutor Eliel da Silva Martins<\/td><td>Presencial<\/td><td>Vespertino<\/td><td>50<\/td><td>Rua E, 2, Centro, Sapea\u00e7u\/BA, 44.530-000<\/td><\/tr><tr><td>Muritiba<\/td><td>Col\u00e9gio Estadual Jo\u00e3o Batista Pereira Fraga<\/td><td>H\u00edbrido<\/td><td>Noturno<\/td><td>50<\/td><td>Rua J\u00falio Borges dos Santos, s\/n, Centro, Muritiba\/BA, 44.340-000<\/td><\/tr><tr><td rowspan=\"2\">Itinerante<\/td><td>Cachoeira &#8211; Santiago do Iguap\u00e9<\/td><td>Col\u00e9gio Estadual Quilombola da Bacia do Iguap\u00e9<\/td><td>H\u00edbrido<\/td><td>Noturno<\/td><td>50<\/td><td>Avenida Gon\u00e7alo, s\/n, Santiago do Iguap\u00e9, Cachoeira\/BA, 44.300-000<\/td><\/tr><tr><td>Itatim<\/td><td>Col\u00e9gio Estadual Geov\u00e2nia Nogueira Nunes<\/td><td>H\u00edbrido<\/td><td>Noturno<\/td><td>50<\/td><td>2\u00aa Travessa Jos\u00e9 Vi\u00eaira Gomes, n\u00ba 996, Centro, Itatim\/BA, 46.875-000<\/td><\/tr><tr><td colspan=\"5\">Totais de vagas dos munic\u00edpios de atua\u00e7\u00e3o<\/td><td>860<\/td><td>&nbsp;<\/td><\/tr><\/tbody><\/table><\/figure>\n\n\n\n<p>Mais informa\u00e7\u00f5es sobre o UPT UFRB no&nbsp;<a href=\"https:\/\/www.ufrb.edu.br\/upt\/\">site<\/a>&nbsp;e no&nbsp;<a href=\"https:\/\/www.instagram.com\/uptufrb\/\">Instagram<\/a>.<\/p>\n\n\n\n<p><em>Com informa\u00e7\u00f5es da Secretaria de Educa\u00e7\u00e3o do Estado da Bahia.<\/em><\/p>\n","protected":false},"excerpt":{"rendered":"<p>As inscri\u00e7\u00f5es para o Programa Universidade para Todos (UPT) come\u00e7am nesta ter\u00e7a-feira, 18 de mar\u00e7o, e seguem at\u00e9 27 de mar\u00e7o, exclusivamente online, no site&nbsp;upt.educacao.ba.gov.br. O programa visa preparar estudantes concluintes e egressos(as) da rede p\u00fablica de ensino para os processos seletivos de ingresso ao Ensino Superior. Este ano, o UPT oferecer\u00e1&nbsp;20.110 vagas&nbsp;distribu\u00eddas em&nbsp;218 munic\u00edpios&nbsp;dos [&hellip;]<\/p>\n","protected":false},"author":1,"featured_media":38569,"comment_status":"closed","ping_status":"closed","sticky":false,"template":"","format":"standard","meta":{"_acf_changed":false,"footnotes":""},"categories":[8],"tags":[],"class_list":["post-38568","post","type-post","status-publish","format-standard","has-post-thumbnail","hentry","category-noticias"],"acf":[],"_links":{"self":[{"href":"https:\/\/ufrb.edu.br\/portal\/wp-json\/wp\/v2\/posts\/38568","targetHints":{"allow":["GET"]}}],"collection":[{"href":"https:\/\/ufrb.edu.br\/portal\/wp-json\/wp\/v2\/posts"}],"about":[{"href":"https:\/\/ufrb.edu.br\/portal\/wp-json\/wp\/v2\/types\/post"}],"author":[{"embeddable":true,"href":"https:\/\/ufrb.edu.br\/portal\/wp-json\/wp\/v2\/users\/1"}],"replies":[{"embeddable":true,"href":"https:\/\/ufrb.edu.br\/portal\/wp-json\/wp\/v2\/comments?post=38568"}],"version-history":[{"count":0,"href":"https:\/\/ufrb.edu.br\/portal\/wp-json\/wp\/v2\/posts\/38568\/revisions"}],"wp:featuredmedia":[{"embeddable":true,"href":"https:\/\/ufrb.edu.br\/portal\/wp-json\/wp\/v2\/media\/38569"}],"wp:attachment":[{"href":"https:\/\/ufrb.edu.br\/portal\/wp-json\/wp\/v2\/media?parent=38568"}],"wp:term":[{"taxonomy":"category","embeddable":true,"href":"https:\/\/ufrb.edu.br\/portal\/wp-json\/wp\/v2\/categories?post=38568"},{"taxonomy":"post_tag","embeddable":true,"href":"https:\/\/ufrb.edu.br\/portal\/wp-json\/wp\/v2\/tags?post=38568"}],"curies":[{"name":"wp","href":"https:\/\/api.w.org\/{rel}","templated":true}]}}