{"id":42922,"date":"2025-05-22T14:57:00","date_gmt":"2025-05-22T17:57:00","guid":{"rendered":"https:\/\/ufrb.edu.br\/?p=42922"},"modified":"2025-05-22T14:57:00","modified_gmt":"2025-05-22T17:57:00","slug":"ufrb-abre-inscricoes-para-173-vagas-em-mestrados-e-doutorados-para-ingresso-em-2025-2","status":"publish","type":"post","link":"https:\/\/ufrb.edu.br\/portal\/noticias\/ufrb-abre-inscricoes-para-173-vagas-em-mestrados-e-doutorados-para-ingresso-em-2025-2\/","title":{"rendered":"UFRB abre inscri\u00e7\u00f5es para 173 vagas em mestrados e doutorados para ingresso em 2025.2"},"content":{"rendered":"\n<p>O per\u00edodo de sele\u00e7\u00e3o para ingresso de novos(as) estudantes regulares nos programas de p\u00f3s-gradua\u00e7\u00e3o da Universidade Federal do Rec\u00f4ncavo da Bahia (UFRB) est\u00e1 aberto. S\u00e3o oferecidas 173 vagas distribu\u00eddas em 15 cursos de mestrado e doutorado acad\u00eamicos e profissionais, com in\u00edcio das aulas previsto para o segundo semestre de 2025. As aulas ter\u00e3o in\u00edcio no dia 18 de agosto de 2025.<\/p>\n\n\n\n<p>Os diferentes cursos possibilitam aperfei\u00e7oamento gratuito em diversas \u00e1reas de conhecimento. H\u00e1 oportunidades em programas ofertados em cinco campi da UFRB: Amargosa, Cachoeira\/S\u00e3o F\u00e9lix, Cruz das Almas, Feira de Santana e Santo Amaro.<\/p>\n\n\n\n<p>Cada programa tem um edital espec\u00edfico para o processo seletivo, que inclui todas as informa\u00e7\u00f5es sobre a sele\u00e7\u00e3o, como os documentos, per\u00edodos e local de realiza\u00e7\u00e3o das inscri\u00e7\u00f5es, cronograma e etapas do processo.<\/p>\n\n\n\n<p><strong>Novos cursos<\/strong><\/p>\n\n\n\n<p>Entre os programas com vagas abertas para ingresso em 2025.2 est\u00e3o alguns dos&nbsp;<a href=\"https:\/\/www.ufrb.edu.br\/portal\/noticias\/7471-ufrb-tem-sete-novos-cursos-de-mestrado-e-doutorado-aprovados-pela-capes\">novos cursos de p\u00f3s-gradua\u00e7\u00e3o<\/a>&nbsp;aprovados em 2024 pela Coordena\u00e7\u00e3o de Aperfei\u00e7oamento de Pessoal de N\u00edvel Superior (CAPES).<\/p>\n\n\n\n<p>No mestrado, o curso de Engenharia El\u00e9trica e Computa\u00e7\u00e3o, oferecido pelo Centro de Ci\u00eancias Exatas e Tecnol\u00f3gicas (CETEC), em Cruz das Almas, abre sele\u00e7\u00e3o para sua primeira turma.<\/p>\n\n\n\n<p>Para o doutorado, a UFRB disponibiliza os cursos de Arqueologia e Patrim\u00f4nio Cultural e Hist\u00f3ria da \u00c1frica, da Di\u00e1spora e dos Povos Ind\u00edgenas \u2014 ambos ofertados pelo Centro de Artes, Humanidades e Letras (CAHL) \u2014, al\u00e9m dos cursos de Recursos Gen\u00e9ticos Vegetais e Defesa Agropecu\u00e1ria, oferecidos pelo Centro de Ci\u00eancias Agr\u00e1rias, Ambientais e Biol\u00f3gicas (CCAAB), tamb\u00e9m no campus Cruz das Almas.<\/p>\n\n\n\n<p>As inscri\u00e7\u00f5es para todos os novos cursos ter\u00e3o in\u00edcio em 27 de maio.<\/p>\n\n\n\n<p>O calend\u00e1rio de inscri\u00e7\u00f5es e os editais publicados s\u00e3o disponibilizados na p\u00e1gina do&nbsp;<a href=\"https:\/\/sistemas.ufrb.edu.br\/sigaa\/public\/servicos_digitais\/processo_seletivo\/lista.jsf\">Sistema Integrado de Gest\u00e3o de Atividades Acad\u00eamicas (SIGAA)<\/a>.<\/p>\n\n\n\n<p>Confira os detalhes das sele\u00e7\u00f5es:<\/p>\n\n\n\n<figure class=\"wp-block-table\"><table class=\"has-fixed-layout\"><tbody><tr><td><strong>Programa<\/strong><\/td><td><strong>Vagas<\/strong><\/td><td><strong>Inscri\u00e7\u00e3o<\/strong><\/td><td><strong>Edital<\/strong><\/td><\/tr><tr><td>Arqueologia e Patrim\u00f4nio Cultural (Mestrado Acad\u00eamico)<\/td><td>20<\/td><td>at\u00e9 9\/6<\/td><td><a href=\"https:\/\/www.ufrb.edu.br\/ppgap\/processo-seletivo\/2-conteudo\/193-selecao-de-aluna-o-regular-do-mestrado-2025-2\">Acesse<\/a><\/td><\/tr><tr><td>Arqueologia e Patrim\u00f4nio Cultural (Doutorado Acad\u00eamico)<\/td><td>10<\/td><td>at\u00e9 9\/6<\/td><td><a href=\"https:\/\/www.ufrb.edu.br\/ppgap\/processo-seletivo\/2-conteudo\/194-selecao-de-aluna-o-regular-do-doutorado-2025-2\">Acesse<\/a><\/td><\/tr><tr><td>Ci\u00eancias Agr\u00e1rias (Mestrado Acad\u00eamico)<\/td><td>6<\/td><td>at\u00e9 27\/6<\/td><td><a href=\"https:\/\/www.ufrb.edu.br\/pgcienciasagrarias\/?fbclid=PAZXh0bgNhZW0CMTEAAac6GpklvfXicAVMkAzdhwgLVP4CuqW_X7NQwM-EFvAaNdKDhD2bASUsiY8JKg_aem_eIysxhcVu14wiYHPIF-V-w\">Acesse<\/a><\/td><\/tr><tr><td>Ci\u00eancias Agr\u00e1rias (Doutorado Acad\u00eamico)<\/td><td>4<\/td><td>at\u00e9 27\/6<\/td><td><a href=\"https:\/\/www.ufrb.edu.br\/pgcienciasagrarias\/?fbclid=PAZXh0bgNhZW0CMTEAAac6GpklvfXicAVMkAzdhwgLVP4CuqW_X7NQwM-EFvAaNdKDhD2bASUsiY8JKg_aem_eIysxhcVu14wiYHPIF-V-w\">Acesse<\/a><\/td><\/tr><tr><td>Defesa Agropecu\u00e1ria (Doutorado Profissional)<\/td><td>11<\/td><td>at\u00e9 10\/6<\/td><td>Em breve<\/td><\/tr><tr><td>Educa\u00e7\u00e3o Cient\u00edfica, Inclus\u00e3o e Diversidade (Mestrado Profissional)<\/td><td>20<\/td><td>at\u00e9 9\/6<\/td><td><a href=\"https:\/\/ufrb.edu.br\/ppgecid\/noticias\/438-processo-seletivo-alunos-regulares-2025-2\">Acesse<\/a><\/td><\/tr><tr><td>Educa\u00e7\u00e3o do Campo (Mestrado profissional)<\/td><td>10<\/td><td>at\u00e9 11\/6<\/td><td><a href=\"https:\/\/www1.ufrb.edu.br\/ppgeducampo\/editais\">Acesse<\/a><\/td><\/tr><tr><td>Engenharia Agr\u00edcola (Mestrado acad\u00eamico)<\/td><td>7<\/td><td>at\u00e9 9\/6<\/td><td><a href=\"https:\/\/www.ufrb.edu.br\/pgea\/noticias\/302-edital-de-selecao-para-aluno-regular-2025-2\">Acesse<\/a><\/td><\/tr><tr><td>Engenharia Agr\u00edcola (Doutorado acad\u00eamico)<\/td><td>6<\/td><td>at\u00e9 9\/6<\/td><td><a href=\"https:\/\/www.ufrb.edu.br\/pgea\/noticias\/302-edital-de-selecao-para-aluno-regular-2025-2\">Acesse<\/a><\/td><\/tr><tr><td>Engenharia El\u00e9trica e Computa\u00e7\u00e3o (Mestrado Acad\u00eamico)<\/td><td>15<\/td><td>at\u00e9 26\/6<\/td><td><a href=\"https:\/\/sistemas.ufrb.edu.br\/sigaa\/verProducao?idProducao=1806400&amp;key=59c6bc4efd0010caa356289487e26ad2\">Acesse<\/a><\/td><\/tr><tr><td>Hist\u00f3ria da \u00c1frica, da Di\u00e1spora e dos Povos Ind\u00edgenas (Doutorado Profissional)<\/td><td>15<\/td><td>at\u00e9 10\/6<\/td><td><a href=\"https:\/\/www.ufrb.edu.br\/mphistoria\/\">Acesse<\/a><\/td><\/tr><tr><td>Interdisciplinar em Culturas, Linguagens e Territ\u00f3rios (Mestrado Acad\u00eamico)<\/td><td>10<\/td><td>13 a 26\/06<\/td><td>Em breve<\/td><\/tr><tr><td>Recursos Gen\u00e9ticos Vegetais (Mestrado Acad\u00eamico)<\/td><td>15<\/td><td>at\u00e9 18\/6<\/td><td><a href=\"https:\/\/www.ufrb.edu.br\/pgrecvegetais\/\">Acesse<\/a><\/td><\/tr><tr><td>Recursos Gen\u00e9ticos Vegetais (Doutorado Acad\u00eamico)<\/td><td>10<\/td><td>at\u00e9 18\/6<\/td><td><a href=\"https:\/\/www.ufrb.edu.br\/pgrecvegetais\/\">Acesse<\/a><\/td><\/tr><tr><td>Zootecnia (Mestrado acad\u00eamico)<\/td><td>14<\/td><td>at\u00e9 1\/6<\/td><td><a href=\"https:\/\/www2.ufrb.edu.br\/ppiz\/noticias\/71-processo-seletivo-para-alunos-regulares-ppg-integrado-em-zootecnia-semestre-2025-2\">Acesse<\/a><\/td><\/tr><\/tbody><\/table><\/figure>\n","protected":false},"excerpt":{"rendered":"<p>O per\u00edodo de sele\u00e7\u00e3o para ingresso de novos(as) estudantes regulares nos programas de p\u00f3s-gradua\u00e7\u00e3o da Universidade Federal do Rec\u00f4ncavo da Bahia (UFRB) est\u00e1 aberto. S\u00e3o oferecidas 173 vagas distribu\u00eddas em 15 cursos de mestrado e doutorado acad\u00eamicos e profissionais, com in\u00edcio das aulas previsto para o segundo semestre de 2025. As aulas ter\u00e3o in\u00edcio no [&hellip;]<\/p>\n","protected":false},"author":1,"featured_media":42923,"comment_status":"closed","ping_status":"closed","sticky":false,"template":"","format":"standard","meta":{"_acf_changed":false,"footnotes":""},"categories":[8],"tags":[],"class_list":["post-42922","post","type-post","status-publish","format-standard","has-post-thumbnail","hentry","category-noticias"],"acf":[],"_links":{"self":[{"href":"https:\/\/ufrb.edu.br\/portal\/wp-json\/wp\/v2\/posts\/42922","targetHints":{"allow":["GET"]}}],"collection":[{"href":"https:\/\/ufrb.edu.br\/portal\/wp-json\/wp\/v2\/posts"}],"about":[{"href":"https:\/\/ufrb.edu.br\/portal\/wp-json\/wp\/v2\/types\/post"}],"author":[{"embeddable":true,"href":"https:\/\/ufrb.edu.br\/portal\/wp-json\/wp\/v2\/users\/1"}],"replies":[{"embeddable":true,"href":"https:\/\/ufrb.edu.br\/portal\/wp-json\/wp\/v2\/comments?post=42922"}],"version-history":[{"count":0,"href":"https:\/\/ufrb.edu.br\/portal\/wp-json\/wp\/v2\/posts\/42922\/revisions"}],"wp:featuredmedia":[{"embeddable":true,"href":"https:\/\/ufrb.edu.br\/portal\/wp-json\/wp\/v2\/media\/42923"}],"wp:attachment":[{"href":"https:\/\/ufrb.edu.br\/portal\/wp-json\/wp\/v2\/media?parent=42922"}],"wp:term":[{"taxonomy":"category","embeddable":true,"href":"https:\/\/ufrb.edu.br\/portal\/wp-json\/wp\/v2\/categories?post=42922"},{"taxonomy":"post_tag","embeddable":true,"href":"https:\/\/ufrb.edu.br\/portal\/wp-json\/wp\/v2\/tags?post=42922"}],"curies":[{"name":"wp","href":"https:\/\/api.w.org\/{rel}","templated":true}]}}