{"id":43480,"date":"2025-06-26T09:13:38","date_gmt":"2025-06-26T12:13:38","guid":{"rendered":"https:\/\/ufrb.edu.br\/?p=43480"},"modified":"2025-11-03T14:44:09","modified_gmt":"2025-11-03T17:44:09","slug":"ufrb-coordena-pesquisa-inedita-sobre-patrimonio-cultural-economia-e-sustentabilidade-no-brasil","status":"publish","type":"post","link":"https:\/\/ufrb.edu.br\/portal\/noticias\/ufrb-coordena-pesquisa-inedita-sobre-patrimonio-cultural-economia-e-sustentabilidade-no-brasil\/","title":{"rendered":"UFRB coordena pesquisa in\u00e9dita sobre patrim\u00f4nio cultural, economia e sustentabilidade no Brasil"},"content":{"rendered":"\n<p>O Observat\u00f3rio da Economia Criativa (Obec), coordenado pela Universidade Federal do Rec\u00f4ncavo da Bahia (UFRB), deu in\u00edcio \u00e0s investiga\u00e7\u00f5es em campo da \u201cPesquisa Patrim\u00f4nio Cultural, Economia e Sustentabilidade\u201d, uma parceria com o Instituto do Patrim\u00f4nio Hist\u00f3rico e Art\u00edstico Nacional (Iphan).&nbsp;<\/p>\n\n\n\n<p>A iniciativa in\u00e9dita em \u00e2mbito internacional visa identificar as din\u00e2micas econ\u00f4micas associadas ao patrim\u00f4nio cultural brasileiro e como elas contribuem para a sua sustentabilidade, preserva\u00e7\u00e3o, salvaguarda e promo\u00e7\u00e3o.<\/p>\n\n\n\n<p>Viabilizada por um&nbsp;<a href=\"https:\/\/www.gov.br\/iphan\/pt-br\/acesso-a-informacao\/convenios-e-transferencias\/instrumentos-celebrados\/iphan-sede-uasg-343026\/termos-de-execucao-descentralizada\/vigente\/2023\/copy2_of_termo-de-execucao-descentralizada-22-2023-UFRB-IPHAN\">Termo de Execu\u00e7\u00e3o Descentralizada (TED)<\/a>&nbsp;celebrado no final de 2023 entre o Iphan e a UFRB, com vig\u00eancia de tr\u00eas anos e aporte de R$ 1,5 milh\u00e3o, a pesquisa contribui para a supera\u00e7\u00e3o da escassez de dados e informa\u00e7\u00f5es sobre a dimens\u00e3o econ\u00f4mica do patrim\u00f4nio cultural brasileiro, fornecendo subs\u00eddios importantes para pol\u00edticas p\u00fablicas e estudos futuros.<\/p>\n\n\n\n<p>De acordo com a professora da UFRB Daniele Canedo, coordenadora do Obec e da \u201cPesquisa Patrim\u00f4nio Cultural, Economia e Sustentabilidade\u201d, a expectativa \u00e9 que os resultados gerados ajudem a fortalecer as pol\u00edticas p\u00fablicas e as a\u00e7\u00f5es da sociedade civil para a prote\u00e7\u00e3o e salvaguarda do patrim\u00f4nio cultural no Brasil, contribuindo para a gest\u00e3o integrada e sustent\u00e1vel desses bens.&nbsp;<\/p>\n\n\n\n<p>O recorte do estudo \u00e9 composto por 12 bens culturais materiais e imateriais reconhecidos como Patrim\u00f4nio Mundial e da Humanidade pela Unesco: os Centros Hist\u00f3ricos de Olinda (PE), de Salvador (BA), de S\u00e3o Lu\u00eds (MA); a Pra\u00e7a S\u00e3o Francisco, em S\u00e3o Crist\u00f3v\u00e3o (SE); o Parque Nacional Serra da Capivara (PI); as Ru\u00ednas de S\u00e3o Miguel das Miss\u00f5es (RS); o Complexo Cultural do Bumba meu Boi do Maranh\u00e3o (MA); o C\u00edrio de Nossa Senhora de Nazar\u00e9 (PA); a Arte Kusiwa &#8211; Pintura Corporal e Arte Gr\u00e1fica Waj\u00e3pi (AP); o Frevo (PE); o Samba de Roda do Rec\u00f4ncavo Baiano (BA); e a Roda de Capoeira (abrang\u00eancia nacional).<\/p>\n\n\n\n<p>\u201cEstamos investigando quais atividades econ\u00f4micas existem por causa desses bens e como o reconhecimento como patrim\u00f4nio influencia essas din\u00e2micas. Tamb\u00e9m buscamos entender quais os efeitos dessas rela\u00e7\u00f5es para a sustentabilidade econ\u00f4mica dos bens culturais brasileiros\u201d, explica Daniele Canedo, que ressalta ainda a import\u00e2ncia da pesquisa como oportunidade de forma\u00e7\u00e3o para professores, t\u00e9cnicos e estudantes envolvidos.<\/p>\n\n\n\n<p>A equipe de pesquisa \u00e9 composta por 12 integrantes do Obec e por servidores do Iphan e, nesta etapa, est\u00e1 realizando observa\u00e7\u00e3o participante das pr\u00e1ticas econ\u00f4micas envolvidas e entrevistando detentores, moradores, trabalhadores do patrim\u00f4nio e demais agentes vinculados aos bens investigados em oito estados brasileiros.&nbsp;<\/p>\n\n\n\n<p>O primeiro destaque foi o Centro Hist\u00f3rico de Salvador, na Bahia, reconhecido como patrim\u00f4nio mundial. Ao longo de uma semana, a etapa emp\u00edrica da pesquisa coletou dados com agentes desse territ\u00f3rio.<\/p>\n\n\n\n<p><strong>Boletins<\/strong><\/p>\n\n\n\n<p>Ao final do estudo, a pesquisa \u201cPatrim\u00f4nio Cultural, Economia e Sustentabilidade\u201d ter\u00e1 como produtos quatro boletins:&nbsp;<\/p>\n\n\n\n<ol class=\"wp-block-list\">\n<li>Primeiro Boletim: sistematiza\u00e7\u00e3o da revis\u00e3o de literatura sobre conceitos relacionados \u00e0 sustentabilidade econ\u00f4mica do patrim\u00f4nio cultural;<\/li>\n\n\n\n<li>Segundo Boletim: sistematiza\u00e7\u00e3o parcial dos dados, enfatizando aspectos da dimens\u00e3o econ\u00f4mica e da sustentabilidade dos bens investigados;<\/li>\n\n\n\n<li>Terceiro Boletim: sistematiza\u00e7\u00e3o das informa\u00e7\u00f5es considerando a realiza\u00e7\u00e3o da etapa de campo virtual da pesquisa, por meio de entrevistas online com gestores p\u00fablicos e agentes vinculados aos bens;<\/li>\n\n\n\n<li>Relat\u00f3rio Final;<\/li>\n\n\n\n<li>Capacita\u00e7\u00e3o com a equipe interna do Iphan, detentores, trabalhadores da cultura e organiza\u00e7\u00f5es atuantes no campo do patrim\u00f4nio cultural brasileiro.<\/li>\n<\/ol>\n\n\n\n<p>Esta \u00e9 a segunda etapa do projeto. A primeira, j\u00e1 conclu\u00edda e cujo boletim ser\u00e1 publicado em breve, envolveu a contextualiza\u00e7\u00e3o dos bens culturais, a imers\u00e3o nos marcos te\u00f3ricos e a elabora\u00e7\u00e3o da metodologia da pesquisa a partir dos procedimentos de revis\u00e3o de literatura, mapeamento de expectativas e encontro com especialistas.<\/p>\n\n\n\n<p><strong>Sobre o Obec<\/strong><\/p>\n\n\n\n<p>O Observat\u00f3rio da Economia Criativa \u00e9 um grupo de pesquisa multidisciplinar e interinstitucional criado em 2012, a partir de um edital da Secretaria de Economia Criativa do Minist\u00e9rio da Cultura, como parte de uma rede nacional de observat\u00f3rios vinculados a universidades federais para produzir conhecimento e experi\u00eancias sobre a economia criativa local, estadual e nacional. \u00c9 formado por docentes, discentes e pesquisadores da UFRB, da Universidade Federal da Bahia (UFBA) e Universidade do Estado da Bahia (Uneb), al\u00e9m de pesquisadores independentes ou vinculados a outras institui\u00e7\u00f5es p\u00fablicas e privadas.<\/p>\n\n\n\n<p>O objetivo \u00e9 promover atividades de ensino, pesquisa e extens\u00e3o no campo da economia criativa, entendendo a cultura como base para o desenvolvimento integrado e inclusivo. A atua\u00e7\u00e3o do grupo contempla diversas \u00e1reas do conhecimento, incluindo artes, comunica\u00e7\u00e3o, economia, administra\u00e7\u00e3o, estat\u00edstica, gest\u00e3o e produ\u00e7\u00e3o cultural.<\/p>\n\n\n\n<p>Tr\u00eas eixos principais guiam as a\u00e7\u00f5es do Obec:<\/p>\n\n\n\n<ul class=\"wp-block-list\">\n<li>Mapeamento e Pesquisa: investigando territ\u00f3rios, comunidades, redes e circuitos criativos, al\u00e9m de sistematizar dados e indicadores econ\u00f4micos e sociais relacionados \u00e0 economia criativa na Bahia. As linhas de pesquisa abrangem temas como economia criativa e turismo, economia da festa e do espet\u00e1culo, audiovisual, m\u00fasica e tecnologia, cidades criativas, entre outros.<\/li>\n\n\n\n<li>Estudo dos Processos: analisando estrat\u00e9gias de gest\u00e3o da criatividade para solucionar problemas sociais, sustentabilidade mercadol\u00f3gica das iniciativas criativas e articula\u00e7\u00e3o em redes dos setores criativos do estado.<\/li>\n\n\n\n<li>Apresenta\u00e7\u00e3o de Resultados: publicando artigos, ensaios, notas t\u00e9cnicas, v\u00eddeos e realizando eventos gratuitos para discutir temas relevantes e divulgar os resultados das pesquisas, reunindo artistas, produtores, gestores e representantes de organiza\u00e7\u00f5es p\u00fablicas e privadas.<\/li>\n<\/ul>\n\n\n\n<p>Acompanhe as a\u00e7\u00f5es do Obec em&nbsp;<a href=\"http:\/\/www.instagram.com\/obecbahia\">instagram.com\/obecbahia<\/a>.&nbsp;<\/p>\n\n\n\n<p><em>Com informa\u00e7\u00f5es do Iphan<\/em>.<\/p>\n","protected":false},"excerpt":{"rendered":"<p>O Observat\u00f3rio da Economia Criativa (Obec), coordenado pela Universidade Federal do Rec\u00f4ncavo da Bahia (UFRB), deu in\u00edcio \u00e0s investiga\u00e7\u00f5es em campo da \u201cPesquisa Patrim\u00f4nio Cultural, Economia e Sustentabilidade\u201d, uma parceria com o Instituto do Patrim\u00f4nio Hist\u00f3rico e Art\u00edstico Nacional (Iphan).&nbsp; A iniciativa in\u00e9dita em \u00e2mbito internacional visa identificar as din\u00e2micas econ\u00f4micas associadas ao patrim\u00f4nio cultural [&hellip;]<\/p>\n","protected":false},"author":1,"featured_media":43481,"comment_status":"closed","ping_status":"closed","sticky":false,"template":"","format":"standard","meta":{"_acf_changed":false,"footnotes":""},"categories":[8],"tags":[],"class_list":["post-43480","post","type-post","status-publish","format-standard","has-post-thumbnail","hentry","category-noticias"],"acf":[],"_links":{"self":[{"href":"https:\/\/ufrb.edu.br\/portal\/wp-json\/wp\/v2\/posts\/43480","targetHints":{"allow":["GET"]}}],"collection":[{"href":"https:\/\/ufrb.edu.br\/portal\/wp-json\/wp\/v2\/posts"}],"about":[{"href":"https:\/\/ufrb.edu.br\/portal\/wp-json\/wp\/v2\/types\/post"}],"author":[{"embeddable":true,"href":"https:\/\/ufrb.edu.br\/portal\/wp-json\/wp\/v2\/users\/1"}],"replies":[{"embeddable":true,"href":"https:\/\/ufrb.edu.br\/portal\/wp-json\/wp\/v2\/comments?post=43480"}],"version-history":[{"count":1,"href":"https:\/\/ufrb.edu.br\/portal\/wp-json\/wp\/v2\/posts\/43480\/revisions"}],"predecessor-version":[{"id":44288,"href":"https:\/\/ufrb.edu.br\/portal\/wp-json\/wp\/v2\/posts\/43480\/revisions\/44288"}],"wp:featuredmedia":[{"embeddable":true,"href":"https:\/\/ufrb.edu.br\/portal\/wp-json\/wp\/v2\/media\/43481"}],"wp:attachment":[{"href":"https:\/\/ufrb.edu.br\/portal\/wp-json\/wp\/v2\/media?parent=43480"}],"wp:term":[{"taxonomy":"category","embeddable":true,"href":"https:\/\/ufrb.edu.br\/portal\/wp-json\/wp\/v2\/categories?post=43480"},{"taxonomy":"post_tag","embeddable":true,"href":"https:\/\/ufrb.edu.br\/portal\/wp-json\/wp\/v2\/tags?post=43480"}],"curies":[{"name":"wp","href":"https:\/\/api.w.org\/{rel}","templated":true}]}}