{"id":43529,"date":"2025-07-09T14:53:33","date_gmt":"2025-07-09T17:53:33","guid":{"rendered":"https:\/\/ufrb.edu.br\/?p=43529"},"modified":"2025-07-09T14:53:33","modified_gmt":"2025-07-09T17:53:33","slug":"ufrb-oferta-132-vagas-em-15-cursos-de-segundo-ciclo-para-ingresso-em-2025-2","status":"publish","type":"post","link":"https:\/\/ufrb.edu.br\/portal\/noticias\/ufrb-oferta-132-vagas-em-15-cursos-de-segundo-ciclo-para-ingresso-em-2025-2\/","title":{"rendered":"UFRB oferta 132 vagas em 15 cursos de segundo ciclo para ingresso em 2025.2"},"content":{"rendered":"\n<p>A Universidade Federal do Rec\u00f4ncavo da Bahia (UFRB) divulga processo seletivo com 132 vagas em 15 cursos de gradua\u00e7\u00e3o de Segundo Ciclo para ingresso no semestre letivo 2025.2. A inscri\u00e7\u00e3o deve ser feita atrav\u00e9s do formul\u00e1rio dispon\u00edvel no site do&nbsp;<a href=\"https:\/\/www.ufrb.edu.br\/portal\/component\/chronoforms5\/?chronoform=ver-prosel&amp;id=1185\">Processo Seletivo (ProSel)<\/a>, de 14 a 20 de julho.<\/p>\n\n\n\n<p>O p\u00fablico-alvo da sele\u00e7\u00e3o \u00e9 formado por concluintes dos cursos de Bacharelado em Ci\u00eancias Exatas e Tecnol\u00f3gicas (BCET), Bacharelado em Energias e Sustentabilidade (BES), Bacharelado Interdisciplinar em Cultura, Linguagens e Tecnologias Aplicadas (BICULT) e Bacharelado Interdisciplinar em Sa\u00fade (BIS) da UFRB.<\/p>\n\n\n\n<p>O(A) candidato(a) pode escolher at\u00e9 duas op\u00e7\u00f5es de curso para o segundo ciclo. Eles(as) ser\u00e3o classificados(as) de acordo com o \u00cdndice de Acesso ao Segundo Ciclo de Forma\u00e7\u00e3o (IK). A divulga\u00e7\u00e3o do resultado est\u00e1 prevista para 4 de agosto. As aulas ir\u00e3o iniciar no dia 18 de agosto.<\/p>\n\n\n\n<p>Leia o&nbsp;<a href=\"https:\/\/www.ufrb.edu.br\/portal\/components\/com_chronoforms5\/chronoforms\/uploads\/documentoprosel\/20250708173435_Edital_N_23_-_Segundo_Ciclo_2025.2.pdf\">Edital PROGRAD n\u00ba 23\/2025<\/a><\/p>\n\n\n\n<p>Para saber mais, acesse o site de Processos Seletivos da UFRB:&nbsp;<a href=\"http:\/\/www.ufrb.edu.br\/portal\/prosel\">ufrb.edu.br\/prosel<\/a>.<\/p>\n\n\n\n<p>Tire suas d\u00favidas no chat da&nbsp;<a href=\"http:\/\/www.ufrb.edu.br\/portal\/fale-conosco\">Central de Atendimento<\/a>.<\/p>\n","protected":false},"excerpt":{"rendered":"<p>A Universidade Federal do Rec\u00f4ncavo da Bahia (UFRB) divulga processo seletivo com 132 vagas em 15 cursos de gradua\u00e7\u00e3o de Segundo Ciclo para ingresso no semestre letivo 2025.2. A inscri\u00e7\u00e3o deve ser feita atrav\u00e9s do formul\u00e1rio dispon\u00edvel no site do&nbsp;Processo Seletivo (ProSel), de 14 a 20 de julho. O p\u00fablico-alvo da sele\u00e7\u00e3o \u00e9 formado por [&hellip;]<\/p>\n","protected":false},"author":1,"featured_media":43530,"comment_status":"closed","ping_status":"closed","sticky":false,"template":"","format":"standard","meta":{"_acf_changed":false,"footnotes":""},"categories":[8],"tags":[],"class_list":["post-43529","post","type-post","status-publish","format-standard","has-post-thumbnail","hentry","category-noticias"],"acf":[],"_links":{"self":[{"href":"https:\/\/ufrb.edu.br\/portal\/wp-json\/wp\/v2\/posts\/43529","targetHints":{"allow":["GET"]}}],"collection":[{"href":"https:\/\/ufrb.edu.br\/portal\/wp-json\/wp\/v2\/posts"}],"about":[{"href":"https:\/\/ufrb.edu.br\/portal\/wp-json\/wp\/v2\/types\/post"}],"author":[{"embeddable":true,"href":"https:\/\/ufrb.edu.br\/portal\/wp-json\/wp\/v2\/users\/1"}],"replies":[{"embeddable":true,"href":"https:\/\/ufrb.edu.br\/portal\/wp-json\/wp\/v2\/comments?post=43529"}],"version-history":[{"count":0,"href":"https:\/\/ufrb.edu.br\/portal\/wp-json\/wp\/v2\/posts\/43529\/revisions"}],"wp:featuredmedia":[{"embeddable":true,"href":"https:\/\/ufrb.edu.br\/portal\/wp-json\/wp\/v2\/media\/43530"}],"wp:attachment":[{"href":"https:\/\/ufrb.edu.br\/portal\/wp-json\/wp\/v2\/media?parent=43529"}],"wp:term":[{"taxonomy":"category","embeddable":true,"href":"https:\/\/ufrb.edu.br\/portal\/wp-json\/wp\/v2\/categories?post=43529"},{"taxonomy":"post_tag","embeddable":true,"href":"https:\/\/ufrb.edu.br\/portal\/wp-json\/wp\/v2\/tags?post=43529"}],"curies":[{"name":"wp","href":"https:\/\/api.w.org\/{rel}","templated":true}]}}