{"id":43598,"date":"2025-07-23T08:40:12","date_gmt":"2025-07-23T11:40:12","guid":{"rendered":"https:\/\/ufrb.edu.br\/?p=43598"},"modified":"2025-07-23T08:40:12","modified_gmt":"2025-07-23T11:40:12","slug":"ufrb-abre-selecao-para-150-vagas-em-especializacao-ead-em-gestao-escolar","status":"publish","type":"post","link":"https:\/\/ufrb.edu.br\/portal\/noticias\/ufrb-abre-selecao-para-150-vagas-em-especializacao-ead-em-gestao-escolar\/","title":{"rendered":"UFRB abre sele\u00e7\u00e3o para 150 vagas em especializa\u00e7\u00e3o EAD em Gest\u00e3o Escolar"},"content":{"rendered":"\n<p>A Universidade Federal do Rec\u00f4ncavo da Bahia (UFRB), por meio da Pr\u00f3-Reitoria de Pesquisa, P\u00f3s-Gradua\u00e7\u00e3o, Cria\u00e7\u00e3o e Inova\u00e7\u00e3o (PPGCI) e do Centro de Forma\u00e7\u00e3o de Professores (CFP), divulga a oferta de 150 vagas para a Especializa\u00e7\u00e3o em Gest\u00e3o Escolar, na modalidade a dist\u00e2ncia, para o segundo semestre letivo de 2025.&nbsp;<\/p>\n\n\n\n<p>As inscri\u00e7\u00f5es podem ser feitas at\u00e9 30 de julho, de forma gratuita, utilizando o endere\u00e7o do&nbsp;<a href=\"https:\/\/sistemas.ufrb.edu.br\/sigaa\/public\/servicos_digitais\/processo_seletivo\/area_do_candidato\/login.jsf?servico=inscricao-processo-seletivo-lato-sensu&amp;redirect=\/public\/servicos_digitais\/processo_seletivo\/lista.jsf?nivel=L\">Sistema Integrado de Gest\u00e3o de Atividades Acad\u00eamicas (SIGAA).<\/a>&nbsp;Para acesso ao SIGAA \u00e9 obrigat\u00f3rio o cadastro na Plataforma&nbsp;<a href=\"http:\/\/gov.br\/\">Gov.Br<\/a>.<\/p>\n\n\n\n<p>O p\u00fablico-alvo da sele\u00e7\u00e3o s\u00e3o egressos(as) de cursos de Licenciatura que est\u00e3o atuando em escolas de Educa\u00e7\u00e3o B\u00e1sica. No entanto, caso haja vagas dispon\u00edveis e conforme as demandas dos sistemas de ensino e das institui\u00e7\u00f5es formadoras, outros perfis tamb\u00e9m poder\u00e3o ser contemplados.<\/p>\n\n\n\n<p>O curso ser\u00e1 realizado na modalidade a dist\u00e2ncia por meio do Ambiente Virtual de Aprendizagem (AVA), com metodologias que valorizam a intera\u00e7\u00e3o entre estudantes, tutores e professores. A estrutura pedag\u00f3gica inclui f\u00f3runs, atividades ass\u00edncronas e s\u00edncronas, videoaulas e avalia\u00e7\u00f5es ao final de cada componente curricular.<\/p>\n\n\n\n<p>O curso ter\u00e1 dura\u00e7\u00e3o m\u00ednima de 18 meses e carga hor\u00e1ria total de 390 horas.<\/p>\n\n\n\n<p><strong>Polos e vagas<\/strong><\/p>\n\n\n\n<p>As vagas ofertadas s\u00e3o distribu\u00eddas entre os polos da Universidade Aberta do Brasil (UAB) localizados nos munic\u00edpios de Ipir\u00e1, Rio Real, Santa Maria da Vit\u00f3ria, Itaberaba e Feira de Santana, com 30 vagas por polo. A sele\u00e7\u00e3o contempla reserva de vagas para servidores t\u00e9cnico-administrativos da UFRB (10%), candidatos(as) autodeclarados(as) negros(as) (20%), quilombolas, ind\u00edgenas e pessoas trans (15%), e pessoas com defici\u00eancia (5%), conforme a pol\u00edtica de a\u00e7\u00f5es afirmativas da universidade.<\/p>\n\n\n\n<p><strong>Sele\u00e7\u00e3o e resultado<\/strong><\/p>\n\n\n\n<p>O processo seletivo \u00e9 classificat\u00f3rio e envolve an\u00e1lise de carta de inten\u00e7\u00e3o, curr\u00edculo e produ\u00e7\u00f5es acad\u00eamicas.&nbsp;<\/p>\n\n\n\n<p>O resultado final ser\u00e1 divulgado at\u00e9 o dia 13 de agosto de 2025. Os(As) aprovados(as) dever\u00e3o confirmar sua inten\u00e7\u00e3o de matr\u00edcula pelo e-mail&nbsp;<a href=\"mailto:posgestaoescolar@cfp.ufrb.edu.br\">posgestaoescolar@cfp.ufrb.edu.br<\/a>, no prazo de cinco dias \u00fateis ap\u00f3s a convoca\u00e7\u00e3o.<\/p>\n\n\n\n<p>Para d\u00favidas e esclarecimentos, os(as) candidatos(as) podem entrar em contato pelo e-mail:&nbsp;<a href=\"mailto:posgestaoescolar@cfp.ufrb.edu.br.\"><\/a><a href=\"mailto:posgestaoescolar@cfp.ufrb.edu.br\">posgestaoescolar@cfp.ufrb.edu.br<\/a>.<\/p>\n\n\n\n<p>Leia o edital\u00a0<a href=\"https:\/\/ufrb.edu.br\/cfp\/images\/CFP\/documentos\/gestaoescolar\/documentos\/EDITAL_2025_Gesto_Escolar_-_Alunos.pdf\">01\/2025<\/a>\u00a0e saiba mais sobre o processo seletivo.<\/p>\n","protected":false},"excerpt":{"rendered":"<p>A Universidade Federal do Rec\u00f4ncavo da Bahia (UFRB), por meio da Pr\u00f3-Reitoria de Pesquisa, P\u00f3s-Gradua\u00e7\u00e3o, Cria\u00e7\u00e3o e Inova\u00e7\u00e3o (PPGCI) e do Centro de Forma\u00e7\u00e3o de Professores (CFP), divulga a oferta de 150 vagas para a Especializa\u00e7\u00e3o em Gest\u00e3o Escolar, na modalidade a dist\u00e2ncia, para o segundo semestre letivo de 2025.&nbsp; As inscri\u00e7\u00f5es podem ser feitas [&hellip;]<\/p>\n","protected":false},"author":1,"featured_media":43599,"comment_status":"closed","ping_status":"closed","sticky":false,"template":"","format":"standard","meta":{"_acf_changed":false,"footnotes":""},"categories":[8],"tags":[],"class_list":["post-43598","post","type-post","status-publish","format-standard","has-post-thumbnail","hentry","category-noticias"],"acf":[],"_links":{"self":[{"href":"https:\/\/ufrb.edu.br\/portal\/wp-json\/wp\/v2\/posts\/43598","targetHints":{"allow":["GET"]}}],"collection":[{"href":"https:\/\/ufrb.edu.br\/portal\/wp-json\/wp\/v2\/posts"}],"about":[{"href":"https:\/\/ufrb.edu.br\/portal\/wp-json\/wp\/v2\/types\/post"}],"author":[{"embeddable":true,"href":"https:\/\/ufrb.edu.br\/portal\/wp-json\/wp\/v2\/users\/1"}],"replies":[{"embeddable":true,"href":"https:\/\/ufrb.edu.br\/portal\/wp-json\/wp\/v2\/comments?post=43598"}],"version-history":[{"count":0,"href":"https:\/\/ufrb.edu.br\/portal\/wp-json\/wp\/v2\/posts\/43598\/revisions"}],"wp:featuredmedia":[{"embeddable":true,"href":"https:\/\/ufrb.edu.br\/portal\/wp-json\/wp\/v2\/media\/43599"}],"wp:attachment":[{"href":"https:\/\/ufrb.edu.br\/portal\/wp-json\/wp\/v2\/media?parent=43598"}],"wp:term":[{"taxonomy":"category","embeddable":true,"href":"https:\/\/ufrb.edu.br\/portal\/wp-json\/wp\/v2\/categories?post=43598"},{"taxonomy":"post_tag","embeddable":true,"href":"https:\/\/ufrb.edu.br\/portal\/wp-json\/wp\/v2\/tags?post=43598"}],"curies":[{"name":"wp","href":"https:\/\/api.w.org\/{rel}","templated":true}]}}