{"id":43736,"date":"2025-08-18T10:52:58","date_gmt":"2025-08-18T13:52:58","guid":{"rendered":"https:\/\/ufrb.edu.br\/?p=43736"},"modified":"2025-11-03T14:43:54","modified_gmt":"2025-11-03T17:43:54","slug":"ufrb-abre-inscricoes-para-50-vagas-no-edital-de-estagios-obrigatorios-do-semestre-letivo-2025-2","status":"publish","type":"post","link":"https:\/\/ufrb.edu.br\/portal\/noticias\/ufrb-abre-inscricoes-para-50-vagas-no-edital-de-estagios-obrigatorios-do-semestre-letivo-2025-2\/","title":{"rendered":"UFRB abre inscri\u00e7\u00f5es para 50 vagas no edital de Est\u00e1gios Obrigat\u00f3rios do semestre letivo 2025.2"},"content":{"rendered":"\n<p>A Universidade Federal do Rec\u00f4ncavo da Bahia (UFRB), por meio da Pr\u00f3-Reitoria de Gradua\u00e7\u00e3o (PROGRAD), abriu as inscri\u00e7\u00f5es para o preenchimento de vagas de est\u00e1gios obrigat\u00f3rios nos cursos de gradua\u00e7\u00e3o da institui\u00e7\u00e3o. Ao todo, s\u00e3o ofertadas 50 vagas que est\u00e3o distribu\u00eddas nos campi de Cruz das Almas e Feira de Santana, para ingresso no semestre letivo de 2025.2.<\/p>\n\n\n\n<p>As inscri\u00e7\u00f5es devem ser realizadas at\u00e9 o pr\u00f3ximo dia 12 de setembro, exclusivamente pela internet, por meio de&nbsp;<a href=\"https:\/\/forms.gle\/9Pz8bc2Ppj8i64RM8\">formul\u00e1rio online<\/a>&nbsp;dispon\u00edvel na p\u00e1gina eletr\u00f4nica de Est\u00e1gio da UFRB. O preenchimento das vagas ser\u00e1 realizado considerando a matr\u00edcula no componente curricular e o escore acad\u00eamico do(a) discente, em escala decrescente. Se houver empate, ser\u00e3o priorizadas a matr\u00edcula no \u00faltimo semestre do curso e a maior idade.<\/p>\n\n\n\n<p>O resultado final do processo seletivo est\u00e1 previsto para ser divulgado at\u00e9 o dia 06 de outubro e a entrega da documenta\u00e7\u00e3o deve ser feita at\u00e9 o dia 17 de outubro. O N\u00facleo de Gest\u00e3o de Est\u00e1gios da PROGRAD encaminhar\u00e1 os nomes e os dados dos(as) discentes selecionados(as) para os locais de realiza\u00e7\u00e3o dos est\u00e1gios na UFRB. Em caso de n\u00e3o preenchimento das vagas, uma segunda chamada poder\u00e1 ser realizada no dia 24 de outubro, com entrega da documenta\u00e7\u00e3o at\u00e9 7 de novembro.&nbsp;<\/p>\n\n\n\n<p>O est\u00e1gio ser\u00e1 orientado por docente indicado(a) pelo Colegiado do Curso ou pelo(a) respons\u00e1vel deste componente curricular e ser\u00e1 supervisionado por servidores t\u00e9cnico-administrativos ou docentes, com forma\u00e7\u00e3o e\/ou experi\u00eancia na \u00e1rea. O(a) estagi\u00e1rio(a) dever\u00e1 cumprir o pactuado no Plano de Atividades e Termo de Compromisso e entregar relat\u00f3rio final das atividades desenvolvidas no per\u00edodo. A jornada de atividades n\u00e3o dever\u00e1 ultrapassar 6 horas di\u00e1rias e 30 horas semanais.<\/p>\n\n\n\n<p>Confira o&nbsp;<a href=\"https:\/\/ufrb.edu.br\/prograd\/images\/Edital_2025.2.pdf\">Edital PROGRAD N\u00ba 028\/2025<\/a>.<\/p>\n\n\n\n<p>Mais informa\u00e7\u00f5es podem ser obtidas no N\u00facleo de Gest\u00e3o de Est\u00e1gios pelo e-mail&nbsp;<a href=\"mailto:estagios@prograd.ufrb.edu.br\"><\/a><a href=\"mailto:estagios@prograd.ufrb.edu.br\">estagios@prograd.ufrb.edu.br<\/a>&nbsp;ou no site&nbsp;<a href=\"https:\/\/ufrb.edu.br\/prograd\/nugest\">www.ufrb.edu.br\/prograd\/nugest<\/a>.&nbsp;<\/p>\n","protected":false},"excerpt":{"rendered":"<p>A Universidade Federal do Rec\u00f4ncavo da Bahia (UFRB), por meio da Pr\u00f3-Reitoria de Gradua\u00e7\u00e3o (PROGRAD), abriu as inscri\u00e7\u00f5es para o preenchimento de vagas de est\u00e1gios obrigat\u00f3rios nos cursos de gradua\u00e7\u00e3o da institui\u00e7\u00e3o. Ao todo, s\u00e3o ofertadas 50 vagas que est\u00e3o distribu\u00eddas nos campi de Cruz das Almas e Feira de Santana, para ingresso no semestre [&hellip;]<\/p>\n","protected":false},"author":1,"featured_media":43737,"comment_status":"closed","ping_status":"closed","sticky":false,"template":"","format":"standard","meta":{"_acf_changed":false,"footnotes":""},"categories":[8],"tags":[],"class_list":["post-43736","post","type-post","status-publish","format-standard","has-post-thumbnail","hentry","category-noticias"],"acf":[],"_links":{"self":[{"href":"https:\/\/ufrb.edu.br\/portal\/wp-json\/wp\/v2\/posts\/43736","targetHints":{"allow":["GET"]}}],"collection":[{"href":"https:\/\/ufrb.edu.br\/portal\/wp-json\/wp\/v2\/posts"}],"about":[{"href":"https:\/\/ufrb.edu.br\/portal\/wp-json\/wp\/v2\/types\/post"}],"author":[{"embeddable":true,"href":"https:\/\/ufrb.edu.br\/portal\/wp-json\/wp\/v2\/users\/1"}],"replies":[{"embeddable":true,"href":"https:\/\/ufrb.edu.br\/portal\/wp-json\/wp\/v2\/comments?post=43736"}],"version-history":[{"count":1,"href":"https:\/\/ufrb.edu.br\/portal\/wp-json\/wp\/v2\/posts\/43736\/revisions"}],"predecessor-version":[{"id":44280,"href":"https:\/\/ufrb.edu.br\/portal\/wp-json\/wp\/v2\/posts\/43736\/revisions\/44280"}],"wp:featuredmedia":[{"embeddable":true,"href":"https:\/\/ufrb.edu.br\/portal\/wp-json\/wp\/v2\/media\/43737"}],"wp:attachment":[{"href":"https:\/\/ufrb.edu.br\/portal\/wp-json\/wp\/v2\/media?parent=43736"}],"wp:term":[{"taxonomy":"category","embeddable":true,"href":"https:\/\/ufrb.edu.br\/portal\/wp-json\/wp\/v2\/categories?post=43736"},{"taxonomy":"post_tag","embeddable":true,"href":"https:\/\/ufrb.edu.br\/portal\/wp-json\/wp\/v2\/tags?post=43736"}],"curies":[{"name":"wp","href":"https:\/\/api.w.org\/{rel}","templated":true}]}}