{"id":43821,"date":"2025-08-27T08:58:37","date_gmt":"2025-08-27T11:58:37","guid":{"rendered":"https:\/\/ufrb.edu.br\/?p=43821"},"modified":"2025-08-27T08:58:37","modified_gmt":"2025-08-27T11:58:37","slug":"ufrb-manifesta-profundo-pesar-pelo-falecimento-do-professor-fabricio-dalla-vecchia","status":"publish","type":"post","link":"https:\/\/ufrb.edu.br\/portal\/noticias\/ufrb-manifesta-profundo-pesar-pelo-falecimento-do-professor-fabricio-dalla-vecchia\/","title":{"rendered":"UFRB manifesta profundo pesar pelo falecimento do professor Fabr\u00edcio Dalla Vecchia"},"content":{"rendered":"\n<p>A Universidade Federal do Rec\u00f4ncavo da Bahia (UFRB) manifesta profundo pesar e decreta oficialmente tr\u00eas dias de luto pelo falecimento do professor&nbsp;Fabr\u00edcio Dalla Vecchia, ocorrido na noite de ontem, 26 de agosto de 2025, em Salvador, em decorr\u00eancia de um epis\u00f3dio de viol\u00eancia resultante de um desentendimento no tr\u00e2nsito.<\/p>\n\n\n\n<p>Docente da UFRB desde 2015, Fabr\u00edcio atuava no Centro de Cultura, Linguagens e Tecnologias Aplicadas (CECULT), em Santo Amaro, no curso de M\u00fasica Popular Brasileira. Al\u00e9m de trombonista e pesquisador, construiu uma trajet\u00f3ria marcada pelo compromisso com a arte e a educa\u00e7\u00e3o musical.<\/p>\n\n\n<div class=\"wp-block-image\">\n<figure class=\"alignright size-full\"><img loading=\"lazy\" decoding=\"async\" width=\"575\" height=\"626\" src=\"https:\/\/ufrb.edu.br\/portal\/wp-content\/uploads\/2025\/09\/fabricio.jpg\" alt=\"\" class=\"wp-image-43822\" srcset=\"https:\/\/ufrb.edu.br\/portal\/wp-content\/uploads\/sites\/5\/2025\/09\/fabricio.jpg 575w, https:\/\/ufrb.edu.br\/portal\/wp-content\/uploads\/sites\/5\/2025\/09\/fabricio-276x300.jpg 276w\" sizes=\"auto, (max-width: 575px) 100vw, 575px\" \/><\/figure>\n<\/div>\n\n\n<p>Era&nbsp;doutor (2012) e mestre (2008) em Educa\u00e7\u00e3o Musical pela Universidade Federal da Bahia&nbsp;e licenciado em M\u00fasica pela Escola de M\u00fasica e Belas Artes do Paran\u00e1 (2004). Sua experi\u00eancia acad\u00eamica e art\u00edstica abrangia temas como&nbsp;educa\u00e7\u00e3o musical, reg\u00eancia, ensino coletivo, instrumentos de sopro, percuss\u00e3o e m\u00fasica instrumental.<\/p>\n\n\n\n<p>Na UFRB, Fabr\u00edcio coordenava projetos que uniam pr\u00e1tica art\u00edstica e forma\u00e7\u00e3o acad\u00eamica, proporcionando experi\u00eancias transformadoras a estudantes e \u00e0 comunidade. Entre eles, o Laborat\u00f3rio de Pr\u00e1ticas de Ensino Coletivo, voltado \u00e0 forma\u00e7\u00e3o de grupos instrumentais, experimenta\u00e7\u00e3o pr\u00e1tica e elabora\u00e7\u00e3o de materiais did\u00e1ticos; o Coral CECULT UFRB, iniciativa dedicada \u00e0 pr\u00e1tica coral e \u00e0 valoriza\u00e7\u00e3o da diversidade da m\u00fasica popular brasileira; o projeto Leitura de Partitura e Pr\u00e1tica de Conjunto, direcionado \u00e0 inicia\u00e7\u00e3o no solfejo e na leitura de partituras, com foco nos instrumentos de orquestra e nas aulas pr\u00e1ticas; e a pesquisa Repert\u00f3rio Did\u00e1tico para Educa\u00e7\u00e3o Musical atrav\u00e9s da Pr\u00e1tica de Instrumentos de Sopro e Percuss\u00e3o, que investiga, classifica e organiza repert\u00f3rios brasileiros do s\u00e9culo 20, envolvendo tamb\u00e9m parcerias com compositores e arranjadores na cria\u00e7\u00e3o de arranjos inovadores.<\/p>\n\n\n\n<p>Neste momento de dor, a UFRB se solidariza com familiares, amigos e colegas, desejando for\u00e7a e serenidade para enfrentar esta perda irrepar\u00e1vel. Sua mem\u00f3ria e legado permanecer\u00e3o vivos na hist\u00f3ria da institui\u00e7\u00e3o e na vida de todos que com ele conviveram.<\/p>\n\n\n\n<figure class=\"wp-block-embed is-type-video is-provider-youtube wp-block-embed-youtube wp-embed-aspect-16-9 wp-has-aspect-ratio\"><div class=\"wp-block-embed__wrapper\">\n<iframe loading=\"lazy\" title=\"O Papo \u00c9:  Leitura de Partitura e Pr\u00e1tica de Conjunto\" width=\"500\" height=\"281\" src=\"https:\/\/www.youtube.com\/embed\/exPgFK7Sc8Q?feature=oembed\" frameborder=\"0\" allow=\"accelerometer; autoplay; clipboard-write; encrypted-media; gyroscope; picture-in-picture; web-share\" referrerpolicy=\"strict-origin-when-cross-origin\" allowfullscreen><\/iframe>\n<\/div><\/figure>\n","protected":false},"excerpt":{"rendered":"<p>A Universidade Federal do Rec\u00f4ncavo da Bahia (UFRB) manifesta profundo pesar e decreta oficialmente tr\u00eas dias de luto pelo falecimento do professor&nbsp;Fabr\u00edcio Dalla Vecchia, ocorrido na noite de ontem, 26 de agosto de 2025, em Salvador, em decorr\u00eancia de um epis\u00f3dio de viol\u00eancia resultante de um desentendimento no tr\u00e2nsito. Docente da UFRB desde 2015, Fabr\u00edcio [&hellip;]<\/p>\n","protected":false},"author":1,"featured_media":37875,"comment_status":"closed","ping_status":"closed","sticky":false,"template":"","format":"standard","meta":{"_acf_changed":false,"footnotes":""},"categories":[8],"tags":[],"class_list":["post-43821","post","type-post","status-publish","format-standard","has-post-thumbnail","hentry","category-noticias"],"acf":[],"_links":{"self":[{"href":"https:\/\/ufrb.edu.br\/portal\/wp-json\/wp\/v2\/posts\/43821","targetHints":{"allow":["GET"]}}],"collection":[{"href":"https:\/\/ufrb.edu.br\/portal\/wp-json\/wp\/v2\/posts"}],"about":[{"href":"https:\/\/ufrb.edu.br\/portal\/wp-json\/wp\/v2\/types\/post"}],"author":[{"embeddable":true,"href":"https:\/\/ufrb.edu.br\/portal\/wp-json\/wp\/v2\/users\/1"}],"replies":[{"embeddable":true,"href":"https:\/\/ufrb.edu.br\/portal\/wp-json\/wp\/v2\/comments?post=43821"}],"version-history":[{"count":0,"href":"https:\/\/ufrb.edu.br\/portal\/wp-json\/wp\/v2\/posts\/43821\/revisions"}],"wp:featuredmedia":[{"embeddable":true,"href":"https:\/\/ufrb.edu.br\/portal\/wp-json\/wp\/v2\/media\/37875"}],"wp:attachment":[{"href":"https:\/\/ufrb.edu.br\/portal\/wp-json\/wp\/v2\/media?parent=43821"}],"wp:term":[{"taxonomy":"category","embeddable":true,"href":"https:\/\/ufrb.edu.br\/portal\/wp-json\/wp\/v2\/categories?post=43821"},{"taxonomy":"post_tag","embeddable":true,"href":"https:\/\/ufrb.edu.br\/portal\/wp-json\/wp\/v2\/tags?post=43821"}],"curies":[{"name":"wp","href":"https:\/\/api.w.org\/{rel}","templated":true}]}}