{"id":44138,"date":"2025-09-30T14:10:35","date_gmt":"2025-09-30T17:10:35","guid":{"rendered":"https:\/\/ufrb.edu.br\/portal\/?p=44138"},"modified":"2025-11-03T14:11:07","modified_gmt":"2025-11-03T17:11:07","slug":"ufrb-divulga-selecao-para-duas-vagas-de-estagio-remunerado-na-assessoria-de-comunicacao","status":"publish","type":"post","link":"https:\/\/ufrb.edu.br\/portal\/noticias\/ufrb-divulga-selecao-para-duas-vagas-de-estagio-remunerado-na-assessoria-de-comunicacao\/","title":{"rendered":"UFRB divulga sele\u00e7\u00e3o para duas vagas de est\u00e1gio remunerado na Assessoria de Comunica\u00e7\u00e3o"},"content":{"rendered":"\n<p>A Universidade Federal do Rec\u00f4ncavo da Bahia (UFRB) abriu inscri\u00e7\u00f5es para o processo seletivo de est\u00e1gio n\u00e3o-obrigat\u00f3rio em sua Assessoria de Comunica\u00e7\u00e3o (ASCOM), no Campus Cruz das Almas. O&nbsp;<a href=\"https:\/\/www.ufrb.edu.br\/portal\/components\/com_chronoforms5\/chronoforms\/uploads\/documento\/20250929161821_Minuta_de_Edital_-_Estagio_ASCOM_2025_-_Documentos_Google_1_assinado.pdf\">edital<\/a>&nbsp;oferece duas vagas, al\u00e9m da forma\u00e7\u00e3o de cadastro reserva. As inscri\u00e7\u00f5es devem ser feitas at\u00e9 12 de outubro de 2025 por meio de&nbsp;<a href=\"https:\/\/www.ufrb.edu.br\/portal\/component\/chronoforms5\/index.php?option=com_chronoforms5&amp;chronoform=selecao-estagio-inscricao&amp;id=511\">formul\u00e1rio eletr\u00f4nico<\/a>.<\/p>\n\n\n\n<p>Um dos pr\u00e9-requisitos para se candidatar \u00e9 estar entre o 2\u00ba e 6\u00ba semestre de um dos seguintes cursos: Artes Visuais, Cinema, Jornalismo ou Publicidade e Propaganda. Os(As) selecionados(as) ir\u00e3o atuar, entre outras atividades, na capta\u00e7\u00e3o de imagens e edi\u00e7\u00e3o de v\u00eddeos. A jornada de est\u00e1gio \u00e9 de 20 a 30 horas semanais, e os(as) estagi\u00e1rios(as) receber\u00e3o bolsa-aux\u00edlio e aux\u00edlio-transporte.<\/p>\n\n\n\n<p>O processo seletivo ser\u00e1 composto por duas etapas: prova pr\u00e1tica e entrevista. Aqueles(as) que forem aprovados(as) na primeira fase ser\u00e3o convocados(as) para uma entrevista, que ocorrer\u00e1 entre os dias 4 e 10 de novembro de 2025. O resultado final da sele\u00e7\u00e3o ser\u00e1 divulgado no dia 11 de novembro de 2025.<\/p>\n\n\n\n<p>Confira o &nbsp;<a href=\"https:\/\/www.ufrb.edu.br\/portal\/components\/com_chronoforms5\/chronoforms\/uploads\/documento\/20250929161821_Minuta_de_Edital_-_Estagio_ASCOM_2025_-_Documentos_Google_1_assinado.pdf\">Edital n\u00b0 02\/2025<\/a>.<\/p>\n\n\n\n<p>Mais informa\u00e7\u00f5es na&nbsp;<a href=\"https:\/\/www.ufrb.edu.br\/portal\/component\/chronoforms5\/?chronoform=ver-concurso&amp;id=511\">p\u00e1gina do processo seletivo<\/a>.<\/p>\n","protected":false},"excerpt":{"rendered":"<p>A Universidade Federal do Rec\u00f4ncavo da Bahia (UFRB) abriu inscri\u00e7\u00f5es para o processo seletivo de est\u00e1gio n\u00e3o-obrigat\u00f3rio em sua Assessoria de Comunica\u00e7\u00e3o (ASCOM), no Campus Cruz das Almas. O&nbsp;edital&nbsp;oferece duas vagas, al\u00e9m da forma\u00e7\u00e3o de cadastro reserva. As inscri\u00e7\u00f5es devem ser feitas at\u00e9 12 de outubro de 2025 por meio de&nbsp;formul\u00e1rio eletr\u00f4nico. Um dos pr\u00e9-requisitos [&hellip;]<\/p>\n","protected":false},"author":1,"featured_media":44139,"comment_status":"closed","ping_status":"closed","sticky":false,"template":"","format":"standard","meta":{"_acf_changed":false,"footnotes":""},"categories":[8],"tags":[],"class_list":["post-44138","post","type-post","status-publish","format-standard","has-post-thumbnail","hentry","category-noticias"],"acf":[],"_links":{"self":[{"href":"https:\/\/ufrb.edu.br\/portal\/wp-json\/wp\/v2\/posts\/44138","targetHints":{"allow":["GET"]}}],"collection":[{"href":"https:\/\/ufrb.edu.br\/portal\/wp-json\/wp\/v2\/posts"}],"about":[{"href":"https:\/\/ufrb.edu.br\/portal\/wp-json\/wp\/v2\/types\/post"}],"author":[{"embeddable":true,"href":"https:\/\/ufrb.edu.br\/portal\/wp-json\/wp\/v2\/users\/1"}],"replies":[{"embeddable":true,"href":"https:\/\/ufrb.edu.br\/portal\/wp-json\/wp\/v2\/comments?post=44138"}],"version-history":[{"count":1,"href":"https:\/\/ufrb.edu.br\/portal\/wp-json\/wp\/v2\/posts\/44138\/revisions"}],"predecessor-version":[{"id":44140,"href":"https:\/\/ufrb.edu.br\/portal\/wp-json\/wp\/v2\/posts\/44138\/revisions\/44140"}],"wp:featuredmedia":[{"embeddable":true,"href":"https:\/\/ufrb.edu.br\/portal\/wp-json\/wp\/v2\/media\/44139"}],"wp:attachment":[{"href":"https:\/\/ufrb.edu.br\/portal\/wp-json\/wp\/v2\/media?parent=44138"}],"wp:term":[{"taxonomy":"category","embeddable":true,"href":"https:\/\/ufrb.edu.br\/portal\/wp-json\/wp\/v2\/categories?post=44138"},{"taxonomy":"post_tag","embeddable":true,"href":"https:\/\/ufrb.edu.br\/portal\/wp-json\/wp\/v2\/tags?post=44138"}],"curies":[{"name":"wp","href":"https:\/\/api.w.org\/{rel}","templated":true}]}}