{"id":44525,"date":"2025-11-05T15:41:05","date_gmt":"2025-11-05T18:41:05","guid":{"rendered":"https:\/\/ufrb.edu.br\/portal\/?p=44525"},"modified":"2025-11-24T13:19:00","modified_gmt":"2025-11-24T16:19:00","slug":"ufrb-abre-inscricoes-para-o-forum-pro-igualdade-racial-e-inclusao-social-do-reconcavo-2025","status":"publish","type":"post","link":"https:\/\/ufrb.edu.br\/portal\/noticias\/ufrb-abre-inscricoes-para-o-forum-pro-igualdade-racial-e-inclusao-social-do-reconcavo-2025\/","title":{"rendered":"UFRB abre inscri\u00e7\u00f5es para o F\u00f3rum Pr\u00f3-Igualdade Racial e Inclus\u00e3o Social do Rec\u00f4ncavo 2025"},"content":{"rendered":"\n<p>A Universidade Federal do Rec\u00f4ncavo da Bahia (UFRB) abre as inscri\u00e7\u00f5es para o F\u00f3rum Pr\u00f3-Igualdade Racial e Inclus\u00e3o Social do Rec\u00f4ncavo, F\u00f3rum 2025, que ocorrer\u00e1 nos dias 18 e 19 de novembro no campus Cruz das Almas. Este ano, o evento celebra duas d\u00e9cadas de pol\u00edticas de a\u00e7\u00f5es afirmativas na universidade, trazendo como tema &#8220;Dos passos que v\u00eam de longe aos caminhos por vir: 20 anos de a\u00e7\u00f5es afirmativas na UFRB&#8221;.<\/p>\n\n\n\n<p>A abertura oficial est\u00e1 marcada para as 8h do dia 18, com a confer\u00eancia de abertura intitulada &#8220;Justi\u00e7a Racial e Democracia: desafios e esperan\u00e7as no s\u00e9culo XXI&#8221;, apresentada por Silvio Humberto, professor do Instituto Cultural Steve Biko, e Kia Lilly Caldwell, professora da Washington University in St. Louis (EUA).<\/p>\n\n\n\n<p>Al\u00e9m das atividades acad\u00eamicas, o F\u00f3rum contar\u00e1 com feira de sa\u00fade, especialmente voltadas \u00e0 popula\u00e7\u00e3o negra, e uma feira de artesanato com produtores locais, promovendo o di\u00e1logo sobre sa\u00fade e cultura afro-brasileira. Para o p\u00fablico infantojuvenil, haver\u00e1 o &#8220;Forinho&#8221;, um espa\u00e7o dedicado \u00e0 constru\u00e7\u00e3o da identidade, promo\u00e7\u00e3o da igualdade \u00e9tnico-racial e \u00e0 valoriza\u00e7\u00e3o da diversidade cultural.<\/p>\n\n\n\n<p>As inscri\u00e7\u00f5es para participar est\u00e3o abertas e podem ser feitas no site oficial do evento. O F\u00f3rum \u00e9 aberto \u00e0 comunidade acad\u00eamica e ao p\u00fablico interessado, consolidando-se como um espa\u00e7o importante de reflex\u00e3o, mem\u00f3ria e proposi\u00e7\u00e3o para os pr\u00f3ximos passos das pol\u00edticas afirmativas e inclus\u00e3o social na educa\u00e7\u00e3o superior.<\/p>\n\n\n\n<p>Para mais informa\u00e7\u00f5es e inscri\u00e7\u00e3o, acesse&nbsp;<a href=\"https:\/\/www.ufrb.edu.br\/propaae\/forum2025\">ufrb.edu.br\/forum<\/a>.<\/p>\n","protected":false},"excerpt":{"rendered":"<p>A Universidade Federal do Rec\u00f4ncavo da Bahia (UFRB) abre as inscri\u00e7\u00f5es para o F\u00f3rum Pr\u00f3-Igualdade Racial e Inclus\u00e3o Social do Rec\u00f4ncavo, F\u00f3rum 2025, que ocorrer\u00e1 nos dias 18 e 19 de novembro no campus Cruz das Almas. Este ano, o evento celebra duas d\u00e9cadas de pol\u00edticas de a\u00e7\u00f5es afirmativas na universidade, trazendo como tema &#8220;Dos [&hellip;]<\/p>\n","protected":false},"author":1,"featured_media":44526,"comment_status":"closed","ping_status":"closed","sticky":false,"template":"","format":"standard","meta":{"_acf_changed":false,"footnotes":""},"categories":[8],"tags":[],"class_list":["post-44525","post","type-post","status-publish","format-standard","has-post-thumbnail","hentry","category-noticias"],"acf":[],"_links":{"self":[{"href":"https:\/\/ufrb.edu.br\/portal\/wp-json\/wp\/v2\/posts\/44525","targetHints":{"allow":["GET"]}}],"collection":[{"href":"https:\/\/ufrb.edu.br\/portal\/wp-json\/wp\/v2\/posts"}],"about":[{"href":"https:\/\/ufrb.edu.br\/portal\/wp-json\/wp\/v2\/types\/post"}],"author":[{"embeddable":true,"href":"https:\/\/ufrb.edu.br\/portal\/wp-json\/wp\/v2\/users\/1"}],"replies":[{"embeddable":true,"href":"https:\/\/ufrb.edu.br\/portal\/wp-json\/wp\/v2\/comments?post=44525"}],"version-history":[{"count":1,"href":"https:\/\/ufrb.edu.br\/portal\/wp-json\/wp\/v2\/posts\/44525\/revisions"}],"predecessor-version":[{"id":44527,"href":"https:\/\/ufrb.edu.br\/portal\/wp-json\/wp\/v2\/posts\/44525\/revisions\/44527"}],"wp:featuredmedia":[{"embeddable":true,"href":"https:\/\/ufrb.edu.br\/portal\/wp-json\/wp\/v2\/media\/44526"}],"wp:attachment":[{"href":"https:\/\/ufrb.edu.br\/portal\/wp-json\/wp\/v2\/media?parent=44525"}],"wp:term":[{"taxonomy":"category","embeddable":true,"href":"https:\/\/ufrb.edu.br\/portal\/wp-json\/wp\/v2\/categories?post=44525"},{"taxonomy":"post_tag","embeddable":true,"href":"https:\/\/ufrb.edu.br\/portal\/wp-json\/wp\/v2\/tags?post=44525"}],"curies":[{"name":"wp","href":"https:\/\/api.w.org\/{rel}","templated":true}]}}