{"id":45068,"date":"2025-11-26T13:56:49","date_gmt":"2025-11-26T16:56:49","guid":{"rendered":"https:\/\/ufrb.edu.br\/portal\/?p=45068"},"modified":"2025-12-08T10:09:35","modified_gmt":"2025-12-08T13:09:35","slug":"ufrb-divulga-calendarios-academicos-2026-1-e-2026-2-para-graduacao-e-pos-graduacao","status":"publish","type":"post","link":"https:\/\/ufrb.edu.br\/portal\/noticias\/ufrb-divulga-calendarios-academicos-2026-1-e-2026-2-para-graduacao-e-pos-graduacao\/","title":{"rendered":"UFRB divulga calend\u00e1rios acad\u00eamicos 2026.1 e 2026.2 para gradua\u00e7\u00e3o e p\u00f3s-gradua\u00e7\u00e3o"},"content":{"rendered":"\n<p>A Universidade Federal do Rec\u00f4ncavo da Bahia (UFRB) disponibilizou para consulta on-line os novos calend\u00e1rios acad\u00eamicos referentes aos semestres 2026.1 e 2026.2 dos cursos de gradua\u00e7\u00e3o e p\u00f3s-gradua\u00e7\u00e3o stricto sensu e lato sensu. Os documentos j\u00e1 podem ser acessados pela comunidade acad\u00eamica e demais interessados(as).<\/p>\n\n\n\n<p><strong>Gradua\u00e7\u00e3o<\/strong><\/p>\n\n\n\n<p>O&nbsp;<a href=\"https:\/\/www.ufrb.edu.br\/prograd\/calendario-academico\">calend\u00e1rio acad\u00eamico da gradua\u00e7\u00e3o<\/a>&nbsp;foi aprovado pela Resolu\u00e7\u00e3o n\u00ba 161\/2025 do Conselho Acad\u00eamico (CONAC). De acordo com o documento, o semestre 2026.1 ter\u00e1 in\u00edcio em 16 de mar\u00e7o de 2026 e ser\u00e1 encerrado em 23 de julho de 2026. O prazo final para lan\u00e7amento das notas no Sistema Integrado de Gest\u00e3o de Atividades Acad\u00eamicas (SIGAA) est\u00e1 previsto para 27 de julho de 2026.<\/p>\n\n\n\n<p>O semestre 2026.2 come\u00e7ar\u00e1 em 17 de agosto de 2026, com t\u00e9rmino em 17 de dezembro de 2026. As notas finais dever\u00e3o ser registradas no SIGAA at\u00e9 21 de dezembro de 2026.<\/p>\n\n\n\n<p>O documento tamb\u00e9m re\u00fane outras datas importantes, como per\u00edodos de matr\u00edcula web, confirma\u00e7\u00e3o de matr\u00edcula, trancamento de disciplinas, cola\u00e7\u00f5es de grau, divulga\u00e7\u00e3o de editais, eventos institucionais e recesso acad\u00eamico.&nbsp;<\/p>\n\n\n\n<p>O calend\u00e1rio antecipa ainda as datas do semestre 2027.1, previsto para iniciar em 1\u00ba de mar\u00e7o de 2027 e encerrar em 1\u00ba de julho de 2027.<\/p>\n\n\n\n<p><strong>P\u00f3s-gradua\u00e7\u00e3o<\/strong><\/p>\n\n\n\n<p>O&nbsp;<a href=\"https:\/\/ufrb.edu.br\/ppgci\/calendario-academico\">calend\u00e1rio acad\u00eamico da p\u00f3s-gradua\u00e7\u00e3o<\/a>&nbsp;stricto sensu e lato sensu foi aprovado pela Resolu\u00e7\u00e3o n\u00ba 166\/2025 do CONAC. O in\u00edcio do semestre 2026.1 est\u00e1 marcado para 16 de mar\u00e7o de 2026 e o de 2026.2 para 17 de agosto de 2026. Os encerramentos ocorrer\u00e3o em 23 de julho de 2026 e 17 de dezembro de 2026, respectivamente.<\/p>\n\n\n\n<p>O per\u00edodo de inscri\u00e7\u00e3o para o processo seletivo regular de estudantes ser\u00e1 de 16 de setembro a 14 de novembro de 2025 para o primeiro semestre e de 13 de abril a 15 de maio de 2026 para o segundo semestre.<\/p>\n\n\n\n<p>Os prazos para submiss\u00e3o de editais de alunos especiais \u00e0 Pr\u00f3-Reitoria de Pesquisa, P\u00f3s-Gradua\u00e7\u00e3o, Cria\u00e7\u00e3o e Inova\u00e7\u00e3o (PPGCI) encerram-se 2 de fevereiro de 2026 em 2026.1 e 3 de julho de 2026 em 2026.2. O calend\u00e1rio inclui ainda datas de matr\u00edcula, ajustes, trancamento de componentes curriculares e consolida\u00e7\u00e3o das turmas.<\/p>\n\n\n\n<p><strong>Resid\u00eancia em Sa\u00fade<\/strong><\/p>\n\n\n\n<p>O&nbsp;<a href=\"https:\/\/ufrb.edu.br\/soc\/components\/com_chronoforms5\/chronoforms\/uploads\/resolucao\/20251024165605__Resolucao_166_CONAC_calendario_pos_UFRB_2026.pdf\">Anexo II da Resolu\u00e7\u00e3o CONAC n\u00ba 166\/2025<\/a>&nbsp;traz o calend\u00e1rio das Resid\u00eancias em Sa\u00fade para 2026. As atividades letivas das Resid\u00eancias Uniprofissional e Multiprofissional em Sa\u00fade (R1 e R2) ter\u00e3o in\u00edcio em 2 de mar\u00e7o de 2026. Para a Resid\u00eancia M\u00e9dica, o in\u00edcio ocorrer\u00e1 em 2 de mar\u00e7o de 2026 para turmas do primeiro semestre e em 1\u00ba de setembro de 2026 para ingressantes do segundo semestre.<\/p>\n\n\n\n<p>As inscri\u00e7\u00f5es para o processo seletivo das Resid\u00eancias Uniprofissional e Multiprofissional de 2026 ser\u00e3o realizadas entre 17 de setembro e 31 de outubro de 2025 e para a Resid\u00eancia M\u00e9dica entre 6 de outubro e 28 de novembro de 2025 referente ao primeiro semestre e entre 7 de abril a 21 de maio de 2026 para ingresso no segundo semestre.<\/p>\n\n\n\n<p>O encerramento das atividades est\u00e1 previsto para 26 de fevereiro de 2027 para as Resid\u00eancias Uniprofissional e Multiprofissional (R1 e R2) e para 30 de agosto de 2027 no caso da Resid\u00eancia M\u00e9dica (ingressantes do segundo semestre).<\/p>\n\n\n\n<p>O calend\u00e1rio tamb\u00e9m contempla prazos de matr\u00edcula, ajustes, defesas dos Trabalhos de Conclus\u00e3o de Resid\u00eancia (TCR) e elabora\u00e7\u00e3o do calend\u00e1rio de 2027.<\/p>\n\n\n\n<p><strong>Educa\u00e7\u00e3o do Campo<\/strong><\/p>\n\n\n\n<p>O&nbsp;<a href=\"https:\/\/ufrb.edu.br\/soc\/components\/com_chronoforms5\/chronoforms\/uploads\/resolucao\/20251105081952_Minuta_Resolucao_167_CONAC_calendario_especial_pos_2025.2_e_2026.1_1_assinado.pdf\">Calend\u00e1rio Acad\u00eamico Especial<\/a>&nbsp;dos cursos de Especializa\u00e7\u00e3o em Educa\u00e7\u00e3o do Campo: Trabalho Educativo e Ensino \u2013 Programa Escola da Terra, vinculado ao Centro de Forma\u00e7\u00e3o de Professores (CFP), e de Especializa\u00e7\u00e3o em Participa\u00e7\u00e3o Social e Desenvolvimento Territorial, do Centro de Ci\u00eancias Agr\u00e1rias, Ambientais e Biol\u00f3gicas (CCAAB), foi aprovado pela Resolu\u00e7\u00e3o CONAC n\u00ba 166\/2025.<\/p>\n\n\n\n<p>De acordo com o documento, o semestre 2025.2 ter\u00e1 in\u00edcio em 28 de novembro de 2025 e encerramento em 4 de abril de 2026. J\u00e1 o semestre 2026.1 come\u00e7ar\u00e1 em 10 de abril de 2026, com t\u00e9rmino previsto para 25 de julho de 2026. O calend\u00e1rio estabelece ainda que o semestre subsequente ter\u00e1 in\u00edcio em 17 de agosto de 2026.<\/p>\n\n\n\n<p>Confira:<\/p>\n\n\n\n<p><a href=\"https:\/\/ufrb.edu.br\/soc\/components\/com_chronoforms5\/chronoforms\/uploads\/resolucao\/20250904161546_reSOLUO_161_2025__Calendrio_Acadmico_2026.pdf\">Calend\u00e1rio acad\u00eamico da gradua\u00e7\u00e3o<\/a>&nbsp;(Resolu\u00e7\u00e3o CONAC n\u00ba 161\/2025).<\/p>\n\n\n\n<p><a href=\"https:\/\/ufrb.edu.br\/soc\/components\/com_chronoforms5\/chronoforms\/uploads\/resolucao\/20251024165605__Resolucao_166_CONAC_calendario_pos_UFRB_2026.pdf\">Calend\u00e1rio acad\u00eamico da p\u00f3s-gradua\u00e7\u00e3o<\/a>&nbsp;(Resolu\u00e7\u00e3o CONAC n\u00ba 166\/2025).<\/p>\n\n\n\n<p><a href=\"https:\/\/ufrb.edu.br\/soc\/components\/com_chronoforms5\/chronoforms\/uploads\/resolucao\/20251105081952_Minuta_Resolucao_167_CONAC_calendario_especial_pos_2025.2_e_2026.1_1_assinado.pdf\">Calend\u00e1rio especial da Educa\u00e7\u00e3o do Campo<\/a>&nbsp;(Resolu\u00e7\u00e3o CONAC n\u00ba 167\/2025).<\/p>\n","protected":false},"excerpt":{"rendered":"<p>A Universidade Federal do Rec\u00f4ncavo da Bahia (UFRB) disponibilizou para consulta on-line os novos calend\u00e1rios acad\u00eamicos referentes aos semestres 2026.1 e 2026.2 dos cursos de gradua\u00e7\u00e3o e p\u00f3s-gradua\u00e7\u00e3o stricto sensu e lato sensu. Os documentos j\u00e1 podem ser acessados pela comunidade acad\u00eamica e demais interessados(as). Gradua\u00e7\u00e3o O&nbsp;calend\u00e1rio acad\u00eamico da gradua\u00e7\u00e3o&nbsp;foi aprovado pela Resolu\u00e7\u00e3o n\u00ba 161\/2025 [&hellip;]<\/p>\n","protected":false},"author":1,"featured_media":45069,"comment_status":"closed","ping_status":"closed","sticky":false,"template":"","format":"standard","meta":{"_acf_changed":false,"footnotes":""},"categories":[8],"tags":[],"class_list":["post-45068","post","type-post","status-publish","format-standard","has-post-thumbnail","hentry","category-noticias"],"acf":[],"_links":{"self":[{"href":"https:\/\/ufrb.edu.br\/portal\/wp-json\/wp\/v2\/posts\/45068","targetHints":{"allow":["GET"]}}],"collection":[{"href":"https:\/\/ufrb.edu.br\/portal\/wp-json\/wp\/v2\/posts"}],"about":[{"href":"https:\/\/ufrb.edu.br\/portal\/wp-json\/wp\/v2\/types\/post"}],"author":[{"embeddable":true,"href":"https:\/\/ufrb.edu.br\/portal\/wp-json\/wp\/v2\/users\/1"}],"replies":[{"embeddable":true,"href":"https:\/\/ufrb.edu.br\/portal\/wp-json\/wp\/v2\/comments?post=45068"}],"version-history":[{"count":1,"href":"https:\/\/ufrb.edu.br\/portal\/wp-json\/wp\/v2\/posts\/45068\/revisions"}],"predecessor-version":[{"id":45070,"href":"https:\/\/ufrb.edu.br\/portal\/wp-json\/wp\/v2\/posts\/45068\/revisions\/45070"}],"wp:featuredmedia":[{"embeddable":true,"href":"https:\/\/ufrb.edu.br\/portal\/wp-json\/wp\/v2\/media\/45069"}],"wp:attachment":[{"href":"https:\/\/ufrb.edu.br\/portal\/wp-json\/wp\/v2\/media?parent=45068"}],"wp:term":[{"taxonomy":"category","embeddable":true,"href":"https:\/\/ufrb.edu.br\/portal\/wp-json\/wp\/v2\/categories?post=45068"},{"taxonomy":"post_tag","embeddable":true,"href":"https:\/\/ufrb.edu.br\/portal\/wp-json\/wp\/v2\/tags?post=45068"}],"curies":[{"name":"wp","href":"https:\/\/api.w.org\/{rel}","templated":true}]}}