{"id":45174,"date":"2026-01-12T08:20:02","date_gmt":"2026-01-12T11:20:02","guid":{"rendered":"https:\/\/ufrb.edu.br\/portal\/?p=45174"},"modified":"2026-01-16T08:21:52","modified_gmt":"2026-01-16T11:21:52","slug":"ufrb-oferta-2-744-vagas-em-55-cursos-de-graduacao-no-sisu-2026-inscricoes-de-19-a-23-de-janeiro","status":"publish","type":"post","link":"https:\/\/ufrb.edu.br\/portal\/noticias\/ufrb-oferta-2-744-vagas-em-55-cursos-de-graduacao-no-sisu-2026-inscricoes-de-19-a-23-de-janeiro\/","title":{"rendered":"UFRB oferta 2.744 vagas em 55 cursos de gradua\u00e7\u00e3o no Sisu 2026; inscri\u00e7\u00f5es de 19 a 23 de janeiro"},"content":{"rendered":"\n<p>A Universidade Federal do Rec\u00f4ncavo da Bahia (UFRB) vai ofertar 2.744 vagas em 55 cursos de gradua\u00e7\u00e3o por meio do Sistema de Sele\u00e7\u00e3o Unificada (Sisu) 2026. As oportunidades s\u00e3o para ingresso no primeiro e no segundo semestres letivos, distribu\u00eddas entre ampla concorr\u00eancia (1.155 vagas) e as reservas previstas na Lei n\u00ba 12.711\/2012 (Lei de Cotas) e nas modalidades de a\u00e7\u00f5es afirmativas adotadas pela UFRB (1.589 vagas).<\/p>\n\n\n\n<p>Podem concorrer \u00e0s vagas candidatos(as) que tenham conclu\u00eddo o ensino m\u00e9dio ou curso equivalente, participado de uma ou mais edi\u00e7\u00f5es do Enem nos anos de 2023, 2024 ou 2025 e que n\u00e3o tenham obtido nota zero na reda\u00e7\u00e3o. As inscri\u00e7\u00f5es s\u00e3o gratuitas e devem ser realizadas exclusivamente pelo&nbsp;<a href=\"https:\/\/acessounico.mec.gov.br\/sisu\">portal do Sisu<\/a>, no per\u00edodo de 19 a 23 de janeiro de 2026.&nbsp;<\/p>\n\n\n\n<p>No ato da inscri\u00e7\u00e3o, o(a) candidato(a) dever\u00e1 escolher em ordem de prefer\u00eancia, pelos cursos ofertados pela UFRB, nos seus respectivos turnos e locais de oferta, al\u00e9m de preencher o cadastro socioecon\u00f4mico e selecionar, quando for o caso, as modalidades de reserva de vagas previstas na Lei n\u00ba 12.711\/2012 (Lei de Cotas) e nas a\u00e7\u00f5es afirmativas adotadas pela Universidade.<\/p>\n\n\n\n<p>Para os cursos que oferecem vagas nos dois per\u00edodos letivos (2026.1 e 2026.2) para o mesmo turno, n\u00e3o ser\u00e1 permitida a escolha do semestre de ingresso. A defini\u00e7\u00e3o obedecer\u00e1 rigorosamente a ordem de classifica\u00e7\u00e3o dos(as) candidatos(as), em cada uma das modalidades de vagas previstas. A UFRB poder\u00e1, ainda, remanejar candidatos(as) aptos(as) ao segundo semestre para o primeiro, respeitando a classifica\u00e7\u00e3o.<\/p>\n\n\n\n<p>O processo seletivo do Sisu 2026 contar\u00e1 com uma \u00fanica Chamada Regular, a ser realizada pelo Minist\u00e9rio da Educa\u00e7\u00e3o (MEC). A publica\u00e7\u00e3o do resultado final e a convoca\u00e7\u00e3o dos(as) candidatos(as) ocorrer\u00e1 em 29 de janeiro de 2026. Os(as) convocados(as) dever\u00e3o realizar a pr\u00e9-matr\u00edcula entre os dias 30 de janeiro e 3 de fevereiro de 2026.<\/p>\n\n\n\n<p>O in\u00edcio das aulas est\u00e1 previsto para 16 de mar\u00e7o de 2026, no primeiro semestre letivo, e para 17 de agosto de 2026, no segundo semestre. Os cursos da UFRB s\u00e3o ofertados nos Centros de Ensino localizados nas cidades de Amargosa, Cachoeira, S\u00e3o F\u00e9lix, Cruz das Almas, Feira de Santana, Santo Amaro e Santo Ant\u00f4nio de Jesus.<\/p>\n\n\n\n<p><strong>Lista de Espera<\/strong><\/p>\n\n\n\n<p>Os(as) candidatos(as) que n\u00e3o forem convocados(as) na Chamada Regular poder\u00e3o participar da Lista de Espera do Sisu\/UFRB 2026. A manifesta\u00e7\u00e3o de interesse dever\u00e1 ser feita no&nbsp;<a href=\"https:\/\/acessounico.mec.gov.br\/sisu\">portal do Sisu<\/a>, no per\u00edodo de 29 de janeiro a 2 de fevereiro de 2026.<\/p>\n\n\n\n<p>Cada candidato(a) poder\u00e1 manifestar interesse em apenas um dos cursos escolhidos no momento da inscri\u00e7\u00e3o. A UFRB utilizar\u00e1 a Lista de Espera para o preenchimento das vagas remanescentes, tanto para o primeiro quanto para o segundo semestre letivo, respeitando a ordem decrescente da m\u00e9dia das notas do Enem.<\/p>\n\n\n\n<p>A publica\u00e7\u00e3o do resultado final da Lista de Espera e a 1\u00aa chamada para pr\u00e9-matr\u00edcula est\u00e1 prevista para 6 de fevereiro de 2026. Novas convoca\u00e7\u00f5es poder\u00e3o ocorrer, caso persistam vagas n\u00e3o preenchidas, respeitando o limite de at\u00e9 25% do semestre letivo em curso.<\/p>\n\n\n\n<p>Todas as informa\u00e7\u00f5es referentes ao Sisu 2026 e o edital completo est\u00e3o dispon\u00edveis no endere\u00e7o:&nbsp;<a href=\"https:\/\/www.ufrb.edu.br\/portal\/sisu\">ufrb.edu.br\/portal\/sisu<\/a>.<\/p>\n\n\n\n<p><strong>Quadro de Vagas<\/strong><\/p>\n\n\n\n<figure class=\"wp-block-table\"><table class=\"has-fixed-layout\"><thead><tr><td><strong>Campus<\/strong><\/td><td><strong>Curso Ofertado<\/strong><\/td><td><strong>Forma\u00e7\u00e3o<\/strong><\/td><td><strong>Turno<\/strong><\/td><td><strong>Vagas<\/strong><\/td><td><strong>Semestre de Ingresso<\/strong><\/td><\/tr><\/thead><tbody><tr><td>Amargosa<\/td><td><a href=\"http:\/\/www.ufrb.edu.br\/portal\/component\/chronoforms5\/?chronoform=ver-graduacao&amp;id=16\">Educa\u00e7\u00e3o F\u00edsica<\/a><\/td><td><strong>Licenciatura<\/strong><\/td><td><strong>Noturno<\/strong><\/td><td>50<\/td><td>1\u00ba<\/td><\/tr><tr><td>Amargosa<\/td><td><a href=\"http:\/\/www.ufrb.edu.br\/portal\/component\/chronoforms5\/?chronoform=ver-graduacao&amp;id=24\">Filosofia<\/a><\/td><td><strong>Licenciatura<\/strong><\/td><td><strong>Noturno<\/strong><\/td><td>60<\/td><td>1\u00ba<\/td><\/tr><tr><td>Amargosa<\/td><td><a href=\"http:\/\/www.ufrb.edu.br\/portal\/component\/chronoforms5\/?chronoform=ver-graduacao&amp;id=25\">F\u00edsica<\/a><\/td><td><strong>Licenciatura<\/strong><\/td><td><strong>Integral<\/strong><\/td><td>50<\/td><td>1\u00ba<\/td><\/tr><tr><td>Amargosa<\/td><td><a href=\"http:\/\/www.ufrb.edu.br\/portal\/component\/chronoforms5\/?chronoform=ver-graduacao&amp;id=29\">Letras (LIBRAS\/L\u00edngua Estrangeira)<\/a><\/td><td><strong>Licenciatura<\/strong><\/td><td><strong>Vespertino<\/strong><\/td><td>50<\/td><td>1\u00ba<\/td><\/tr><tr><td>Amargosa<\/td><td><a href=\"http:\/\/www.ufrb.edu.br\/portal\/component\/chronoforms5\/?chronoform=ver-graduacao&amp;id=29\">Letras (LIBRAS\/L\u00edngua Estrangeira)<\/a><\/td><td><strong>Licenciatura<\/strong><\/td><td><strong>Noturno<\/strong><\/td><td>50<\/td><td>2\u00ba<\/td><\/tr><tr><td>Amargosa<\/td><td><a href=\"http:\/\/www.ufrb.edu.br\/portal\/component\/chronoforms5\/?chronoform=ver-graduacao&amp;id=33\">Matem\u00e1tica<\/a><\/td><td><strong>Licenciatura<\/strong><\/td><td><strong>Integral<\/strong><\/td><td>50<\/td><td>1\u00ba<\/td><\/tr><tr><td>Amargosa<\/td><td><a href=\"http:\/\/www.ufrb.edu.br\/portal\/component\/chronoforms5\/?chronoform=ver-graduacao&amp;id=38\">Pedagogia<\/a><\/td><td><strong>Licenciatura<\/strong><\/td><td><strong>Noturno<\/strong><\/td><td>50<\/td><td>1\u00ba<\/td><\/tr><tr><td>Amargosa<\/td><td><a href=\"http:\/\/www.ufrb.edu.br\/portal\/component\/chronoforms5\/?chronoform=ver-graduacao&amp;id=38\">Pedagogia<\/a><\/td><td><strong>Licenciatura<\/strong><\/td><td><strong>Matutino<\/strong><\/td><td>50<\/td><td>2\u00ba<\/td><\/tr><tr><td>Amargosa<\/td><td><a href=\"http:\/\/www.ufrb.edu.br\/portal\/component\/chronoforms5\/?chronoform=ver-graduacao&amp;id=41\">Qu\u00edmica<\/a><\/td><td><strong>Licenciatura<\/strong><\/td><td><strong>Integral<\/strong><\/td><td>50<\/td><td>1\u00ba<\/td><\/tr><tr><td>Cachoeira\/S\u00e3o F\u00e9lix<\/td><td><a href=\"http:\/\/www.ufrb.edu.br\/portal\/component\/chronoforms5\/?chronoform=ver-graduacao&amp;id=4\">Artes Visuais<\/a><\/td><td><strong>Bacharelado<\/strong><\/td><td><strong>Noturno<\/strong><\/td><td>25<\/td><td>1\u00ba<\/td><\/tr><tr><td>Cachoeira\/S\u00e3o F\u00e9lix<\/td><td><a href=\"http:\/\/www.ufrb.edu.br\/portal\/component\/chronoforms5\/?chronoform=ver-graduacao&amp;id=54\">Artes Visuais<\/a><\/td><td><strong>Licenciatura<\/strong><\/td><td><strong>Integral<\/strong><\/td><td>25<\/td><td>1\u00ba<\/td><\/tr><tr><td>Cachoeira\/S\u00e3o F\u00e9lix<\/td><td><a href=\"http:\/\/www.ufrb.edu.br\/portal\/component\/chronoforms5\/?chronoform=ver-graduacao&amp;id=12\">Ci\u00eancias Sociais<\/a><\/td><td><strong>Bacharelado<\/strong><\/td><td><strong>Integral<\/strong><\/td><td>25<\/td><td>1\u00ba<\/td><\/tr><tr><td>Cachoeira\/S\u00e3o F\u00e9lix<\/td><td><a href=\"http:\/\/www.ufrb.edu.br\/portal\/component\/chronoforms5\/?chronoform=ver-graduacao&amp;id=13\">Ci\u00eancias Sociais<\/a><\/td><td><strong>Licenciatura<\/strong><\/td><td><strong>Integral<\/strong><\/td><td>25<\/td><td>1\u00ba<\/td><\/tr><tr><td>Cachoeira\/S\u00e3o F\u00e9lix<\/td><td><a href=\"http:\/\/www.ufrb.edu.br\/portal\/component\/chronoforms5\/?chronoform=ver-graduacao&amp;id=14\">Cinema e Audiovisual<\/a><\/td><td><strong>Bacharelado<\/strong><\/td><td><strong>Integral<\/strong><\/td><td>40<\/td><td>1\u00ba<\/td><\/tr><tr><td>Cachoeira\/S\u00e3o F\u00e9lix<\/td><td><a href=\"http:\/\/www.ufrb.edu.br\/portal\/component\/chronoforms5\/?chronoform=ver-graduacao&amp;id=15\">Comunica\u00e7\u00e3o Social &#8211; Jornalismo<\/a><\/td><td><strong>Bacharelado<\/strong><\/td><td><strong>Integral<\/strong><\/td><td>40<\/td><td>1\u00ba<\/td><\/tr><tr><td>Cachoeira\/S\u00e3o F\u00e9lix<\/td><td><a href=\"http:\/\/www.ufrb.edu.br\/portal\/component\/chronoforms5\/?chronoform=ver-graduacao&amp;id=27\">Gest\u00e3o P\u00fablica<\/a><\/td><td><strong>Bacharelado<\/strong><\/td><td><strong>Noturno<\/strong><\/td><td>50<\/td><td>1\u00ba<\/td><\/tr><tr><td>Cachoeira\/S\u00e3o F\u00e9lix<\/td><td><a href=\"http:\/\/www.ufrb.edu.br\/portal\/component\/chronoforms5\/?chronoform=ver-graduacao&amp;id=28\">Hist\u00f3ria<\/a><\/td><td><strong>Licenciatura<\/strong><\/td><td><strong>Noturno<\/strong><\/td><td>50<\/td><td>1\u00ba<\/td><\/tr><tr><td>Cachoeira\/S\u00e3o F\u00e9lix<\/td><td><a href=\"http:\/\/www.ufrb.edu.br\/portal\/component\/chronoforms5\/?chronoform=ver-graduacao&amp;id=36\">Museologia<\/a><\/td><td><strong>Bacharelado<\/strong><\/td><td><strong>Integral<\/strong><\/td><td>50<\/td><td>1\u00ba<\/td><\/tr><tr><td>Cachoeira\/S\u00e3o F\u00e9lix<\/td><td><a href=\"http:\/\/www.ufrb.edu.br\/portal\/component\/chronoforms5\/?chronoform=ver-graduacao&amp;id=40\">Publicidade e Propaganda<\/a><\/td><td><strong>Bacharelado<\/strong><\/td><td><strong>Matutino<\/strong><\/td><td>30<\/td><td>1\u00ba<\/td><\/tr><tr><td>Cachoeira\/S\u00e3o F\u00e9lix<\/td><td><a href=\"http:\/\/www.ufrb.edu.br\/portal\/component\/chronoforms5\/?chronoform=ver-graduacao&amp;id=42\">Servi\u00e7o Social<\/a><\/td><td><strong>Bacharelado<\/strong><\/td><td><strong>Noturno<\/strong><\/td><td>50<\/td><td>1\u00ba<\/td><\/tr><tr><td>Cachoeira\/S\u00e3o F\u00e9lix<\/td><td><a href=\"http:\/\/www.ufrb.edu.br\/portal\/component\/chronoforms5\/?chronoform=ver-graduacao&amp;id=42\">Servi\u00e7o Social<\/a><\/td><td><strong>Bacharelado<\/strong><\/td><td><strong>Integral<\/strong><\/td><td>50<\/td><td>2\u00ba<\/td><\/tr><tr><td>Cruz das Almas<\/td><td><a href=\"http:\/\/www.ufrb.edu.br\/portal\/component\/chronoforms5\/?chronoform=ver-graduacao&amp;id=1\">Agroecologia<\/a><\/td><td><strong>Tecn\u00f3logo<\/strong><\/td><td><strong>Matutino<\/strong><\/td><td>60<\/td><td>1\u00ba<\/td><\/tr><tr><td>Cruz das Almas<\/td><td><a href=\"http:\/\/www.ufrb.edu.br\/portal\/component\/chronoforms5\/?chronoform=ver-graduacao&amp;id=3\">Agronomia<\/a><\/td><td><strong>Bacharelado<\/strong><\/td><td><strong>Integral<\/strong><\/td><td>100<\/td><td>1\u00ba e 2\u00ba<\/td><\/tr><tr><td>Cruz das Almas<\/td><td><a href=\"http:\/\/www.ufrb.edu.br\/portal\/component\/chronoforms5\/?chronoform=ver-graduacao&amp;id=9\">Biologia<\/a><\/td><td><strong>Bacharelado<\/strong><\/td><td><strong>Integral<\/strong><\/td><td>60<\/td><td>1\u00ba<\/td><\/tr><tr><td>Cruz das Almas<\/td><td><a href=\"http:\/\/www.ufrb.edu.br\/portal\/component\/chronoforms5\/?chronoform=ver-graduacao&amp;id=10\">Biologia<\/a><\/td><td><strong>Licenciatura<\/strong><\/td><td><strong>Noturno<\/strong><\/td><td>80<\/td><td>1\u00ba e 2\u00ba<\/td><\/tr><tr><td>Cruz das Almas<\/td><td><a href=\"http:\/\/www.ufrb.edu.br\/portal\/component\/chronoforms5\/?chronoform=ver-graduacao&amp;id=5\">Ci\u00eancias Exatas e Tecnol\u00f3gicas (BCET)<\/a><\/td><td><strong>Bacharelado<\/strong><\/td><td><strong>Integral<\/strong><\/td><td>160<\/td><td>1\u00ba e 2\u00ba<\/td><\/tr><tr><td>Cruz das Almas<\/td><td><a href=\"http:\/\/www.ufrb.edu.br\/portal\/component\/chronoforms5\/?chronoform=ver-graduacao&amp;id=20\">Engenharia de Pesca<\/a><\/td><td><strong>Bacharelado<\/strong><\/td><td><strong>Integral<\/strong><\/td><td>60<\/td><td>1\u00ba<\/td><\/tr><tr><td>Cruz das Almas<\/td><td><a href=\"http:\/\/www.ufrb.edu.br\/portal\/component\/chronoforms5\/?chronoform=ver-graduacao&amp;id=21\">Engenharia Florestal<\/a><\/td><td><strong>Bacharelado<\/strong><\/td><td><strong>Integral<\/strong><\/td><td>70<\/td><td>1\u00ba<\/td><\/tr><tr><td>Cruz das Almas<\/td><td><a href=\"http:\/\/www.ufrb.edu.br\/portal\/component\/chronoforms5\/?chronoform=ver-graduacao&amp;id=18\">Engenharia Civil<\/a><\/td><td><strong>Bacharelado<\/strong><\/td><td><strong>Integral<\/strong><\/td><td>14<\/td><td>1\u00ba e 2\u00ba<\/td><\/tr><tr><td>Cruz das Almas<\/td><td><a href=\"http:\/\/www.ufrb.edu.br\/portal\/component\/chronoforms5\/?chronoform=ver-graduacao&amp;id=19\">Engenharia da Computa\u00e7\u00e3o<\/a><\/td><td><strong>Bacharelado<\/strong><\/td><td><strong>Integral<\/strong><\/td><td>25<\/td><td>1\u00ba e 2\u00ba<\/td><\/tr><tr><td>Cruz das Almas<\/td><td><a href=\"http:\/\/www.ufrb.edu.br\/portal\/component\/chronoforms5\/?chronoform=ver-graduacao&amp;id=44\">Engenharia El\u00e9trica<\/a><\/td><td><strong>Bacharelado<\/strong><\/td><td><strong>Integral<\/strong><\/td><td>25<\/td><td>1\u00ba e 2\u00ba<\/td><\/tr><tr><td>Cruz das Almas<\/td><td><a href=\"http:\/\/www.ufrb.edu.br\/portal\/component\/chronoforms5\/?chronoform=ver-graduacao&amp;id=22\">Engenharia Mec\u00e2nica<\/a><\/td><td><strong>Bacharelado<\/strong><\/td><td><strong>Integral<\/strong><\/td><td>30<\/td><td>1\u00ba e 2\u00ba<\/td><\/tr><tr><td>Cruz das Almas<\/td><td><a href=\"http:\/\/www.ufrb.edu.br\/portal\/component\/chronoforms5\/?chronoform=ver-graduacao&amp;id=23\">Engenharia Sanit\u00e1ria e Ambiental<\/a><\/td><td><strong>Bacharelado<\/strong><\/td><td><strong>Integral<\/strong><\/td><td>80<\/td><td>1\u00ba e 2\u00ba<\/td><\/tr><tr><td>Cruz das Almas<\/td><td><a href=\"http:\/\/www.ufrb.edu.br\/portal\/component\/chronoforms5\/?chronoform=ver-graduacao&amp;id=48\">F\u00edsica<\/a><\/td><td><strong>Bacharelado<\/strong><\/td><td><strong>Integral<\/strong><\/td><td>25<\/td><td>1\u00ba e 2\u00ba<\/td><\/tr><tr><td>Cruz das Almas<\/td><td><a href=\"http:\/\/www.ufrb.edu.br\/portal\/component\/chronoforms5\/?chronoform=ver-graduacao&amp;id=26\">Gest\u00e3o de Cooperativas<\/a><\/td><td><strong>Tecn\u00f3logo<\/strong><\/td><td><strong>Noturno<\/strong><\/td><td>70<\/td><td>1\u00ba<\/td><\/tr><tr><td>Cruz das Almas<\/td><td><a href=\"http:\/\/www.ufrb.edu.br\/portal\/component\/chronoforms5\/?chronoform=ver-graduacao&amp;id=49\">Interdisciplinar em Ci\u00eancias Ambientais<\/a><\/td><td><strong>Bacharelado<\/strong><\/td><td><strong>Matutino<\/strong><\/td><td>50<\/td><td>1\u00ba<\/td><\/tr><tr><td>Cruz das Almas<\/td><td><a href=\"http:\/\/www.ufrb.edu.br\/portal\/component\/chronoforms5\/?chronoform=ver-graduacao&amp;id=32\">Matem\u00e1tica<\/a><\/td><td><strong>Bacharelado<\/strong><\/td><td><strong>Integral<\/strong><\/td><td>25<\/td><td>1\u00ba e 2\u00ba<\/td><\/tr><tr><td>Cruz das Almas<\/td><td><a href=\"http:\/\/www.ufrb.edu.br\/portal\/component\/chronoforms5\/?chronoform=ver-graduacao&amp;id=35\">Medicina Veterin\u00e1ria<\/a><\/td><td><strong>Bacharelado<\/strong><\/td><td><strong>Integral<\/strong><\/td><td>80<\/td><td>1\u00ba e 2\u00ba<\/td><\/tr><tr><td>Cruz das Almas<\/td><td><a href=\"http:\/\/www.ufrb.edu.br\/portal\/component\/chronoforms5\/?chronoform=ver-graduacao&amp;id=43\">Zootecnia<\/a><\/td><td><strong>Bacharelado<\/strong><\/td><td><strong>Integral<\/strong><\/td><td>70<\/td><td>1\u00ba<\/td><\/tr><tr><td>Feira de Santana<\/td><td><a href=\"http:\/\/www.ufrb.edu.br\/portal\/component\/chronoforms5\/?chronoform=ver-graduacao&amp;id=51\">Engenharia de Energias<\/a><\/td><td><strong>Bacharelado<\/strong><\/td><td><strong>Integral<\/strong><\/td><td>40<\/td><td>1\u00ba e 2\u00ba<\/td><\/tr><tr><td>Feira de Santana<\/td><td><a href=\"http:\/\/www.ufrb.edu.br\/portal\/component\/chronoforms5\/?chronoform=ver-graduacao&amp;id=57\">Engenharia de Materiais<\/a><\/td><td><strong>Bacharelado<\/strong><\/td><td><strong>Integral<\/strong><\/td><td>40<\/td><td>1\u00ba e 2\u00ba<\/td><\/tr><tr><td>Feira de Santana<\/td><td><a href=\"http:\/\/www.ufrb.edu.br\/portal\/component\/chronoforms5\/?chronoform=ver-graduacao&amp;id=52\">Engenharia de Produ\u00e7\u00e3o<\/a><\/td><td><strong>Bacharelado<\/strong><\/td><td><strong>Integral<\/strong><\/td><td>40<\/td><td>1\u00ba e 2\u00ba<\/td><\/tr><tr><td>Feira de Santana<\/td><td><a href=\"http:\/\/www.ufrb.edu.br\/portal\/component\/chronoforms5\/?chronoform=ver-graduacao&amp;id=58\">Engenharia de Tecnologia Assistiva<\/a><\/td><td><strong>Bacharelado<\/strong><\/td><td><strong>Integral<\/strong><\/td><td>40<\/td><td>1\u00ba e 2\u00ba<\/td><\/tr><tr><td>Feira de Santana<\/td><td><a href=\"http:\/\/www.ufrb.edu.br\/portal\/component\/chronoforms5\/?chronoform=ver-graduacao&amp;id=7\">Interdisciplinar em Energia e Sustentabilidade (BES)<\/a><\/td><td><strong>Bacharelado<\/strong><\/td><td><strong>Integral<\/strong><\/td><td>80<\/td><td>1\u00ba e 2\u00ba<\/td><\/tr><tr><td>Santo Amaro<\/td><td><a href=\"http:\/\/www.ufrb.edu.br\/portal\/component\/chronoforms5\/?chronoform=ver-graduacao&amp;id=56\">Artes do Espet\u00e1culo<\/a><\/td><td><strong>Tecn\u00f3logo<\/strong><\/td><td><strong>Vespertino<\/strong><\/td><td>30<\/td><td>1\u00ba<\/td><\/tr><tr><td>Santo Amaro<\/td><td><a href=\"http:\/\/www.ufrb.edu.br\/portal\/component\/chronoforms5\/?chronoform=ver-graduacao&amp;id=6\">Inter. Cultura, Linguagens e Tecnologias Aplicadas<\/a><\/td><td><strong>Bacharelado<\/strong><\/td><td><strong>Vespertino<\/strong><\/td><td>40<\/td><td>1\u00ba<\/td><\/tr><tr><td>Santo Amaro<\/td><td><a href=\"http:\/\/www.ufrb.edu.br\/portal\/component\/chronoforms5\/?chronoform=ver-graduacao&amp;id=6\">Inter. Cultura, Linguagens e Tecnologias Aplicadas<\/a><\/td><td><strong>Bacharelado<\/strong><\/td><td><strong>Noturno<\/strong><\/td><td>40<\/td><td>1\u00ba<\/td><\/tr><tr><td>Santo Amaro<\/td><td><a href=\"http:\/\/www.ufrb.edu.br\/portal\/component\/chronoforms5\/?chronoform=ver-graduacao&amp;id=53\">Interdisciplinar em Artes<\/a><\/td><td><strong>Licenciatura<\/strong><\/td><td><strong>Vespertino<\/strong><\/td><td>40<\/td><td>1\u00ba<\/td><\/tr><tr><td>Santo Amaro<\/td><td><a href=\"http:\/\/www.ufrb.edu.br\/portal\/component\/chronoforms5\/?chronoform=ver-graduacao&amp;id=50\">M\u00fasica Popular Brasileira<\/a><\/td><td><strong>Licenciatura<\/strong><\/td><td><strong>Vespertino<\/strong><\/td><td>30<\/td><td>1\u00ba<\/td><\/tr><tr><td>Santo Amaro<\/td><td><a href=\"http:\/\/www.ufrb.edu.br\/portal\/component\/chronoforms5\/?chronoform=ver-graduacao&amp;id=67\">Pol\u00edticas e Gest\u00e3o Cultural<\/a><\/td><td><strong>Tecn\u00f3logo<\/strong><\/td><td><strong>Vespertino<\/strong><\/td><td>30<\/td><td>1\u00ba<\/td><\/tr><tr><td>Santo Amaro<\/td><td><a href=\"http:\/\/www.ufrb.edu.br\/portal\/component\/chronoforms5\/?chronoform=ver-graduacao&amp;id=55\">Produ\u00e7\u00e3o Musical<\/a><\/td><td><strong>Tecn\u00f3logo<\/strong><\/td><td><strong>Vespertino<\/strong><\/td><td>30<\/td><td>1\u00ba<\/td><\/tr><tr><td>Santo Ant\u00f4nio de Jesus<\/td><td><a href=\"http:\/\/www.ufrb.edu.br\/portal\/component\/chronoforms5\/?chronoform=ver-graduacao&amp;id=17\">Enfermagem<\/a><\/td><td><strong>Bacharelado<\/strong><\/td><td><strong>Integral<\/strong><\/td><td>60<\/td><td>1\u00ba e 2\u00ba<\/td><\/tr><tr><td>Santo Ant\u00f4nio de Jesus<\/td><td><a href=\"http:\/\/www.ufrb.edu.br\/portal\/component\/chronoforms5\/?chronoform=ver-graduacao&amp;id=34\">Medicina<\/a><\/td><td><strong>Bacharelado<\/strong><\/td><td><strong>Integral<\/strong><\/td><td>60<\/td><td>1\u00ba e 2\u00ba<\/td><\/tr><tr><td>Santo Ant\u00f4nio de Jesus<\/td><td><a href=\"http:\/\/www.ufrb.edu.br\/portal\/component\/chronoforms5\/?chronoform=ver-graduacao&amp;id=37\">Nutri\u00e7\u00e3o<\/a><\/td><td><strong>Bacharelado<\/strong><\/td><td><strong>Integral<\/strong><\/td><td>60<\/td><td>1\u00ba e 2\u00ba<\/td><\/tr><tr><td>Santo Ant\u00f4nio de Jesus<\/td><td><a href=\"http:\/\/www.ufrb.edu.br\/portal\/component\/chronoforms5\/?chronoform=ver-graduacao&amp;id=39\">Psicologia<\/a><\/td><td><strong>Bacharelado<\/strong><\/td><td><strong>Integral<\/strong><\/td><td>80<\/td><td>1\u00ba e 2\u00ba<\/td><\/tr><\/tbody><\/table><\/figure>\n\n\n\n<p><strong>Informe-se<\/strong><\/p>\n\n\n\n<p>Leia o&nbsp;<a href=\"https:\/\/www.ufrb.edu.br\/portal\/components\/com_chronoforms5\/chronoforms\/uploads\/documentoprosel\/20260107135217_SISU_E_LISTA_DE_ESPERA_-_Edital_002_2026_1.pdf\">Edital PROGRAD N\u00ba 02 &#8211; SiSU\/Lista de Espera 2026<\/a>.<\/p>\n\n\n\n<p>Confira o&nbsp;<a href=\"https:\/\/www.ufrb.edu.br\/portal\/components\/com_chronoforms5\/chronoforms\/uploads\/documentoprosel\/20260107140159_Quadro_de_Vagas_SiSU_2026_-_QV_para_edital.pdf\">Quadro de Vagas SISU 2026<\/a>.<\/p>\n\n\n\n<p>Saiba mais sobre os&nbsp;<a href=\"https:\/\/ufrb.edu.br\/portal\/cursos-de-graduacao\">cursos de gradua\u00e7\u00e3o da UFRB<\/a>.<\/p>\n\n\n\n<p>Para ficar sempre informado(a), acesse:&nbsp;<a href=\"https:\/\/www.ufrb.edu.br\/portal\/sisu\">ufrb.edu.br\/portal\/sisu<\/a>.<\/p>\n\n\n\n<p>Receba as novidades do Sisu 2026 da UFRB no seu celular acessando o canal do Prosel no Telegram:&nbsp;<a href=\"https:\/\/t.me\/proselufrb\">t.me\/proselufrb<\/a>.&nbsp;<\/p>\n\n\n\n<p>Tire suas d\u00favidas via chat na&nbsp;<a href=\"https:\/\/ufrb.edu.br\/atendimento\">Central de Atendimento<\/a>.<\/p>\n\n\n\n<p><\/p>\n","protected":false},"excerpt":{"rendered":"<p>A Universidade Federal do Rec\u00f4ncavo da Bahia (UFRB) vai ofertar 2.744 vagas em 55 cursos de gradua\u00e7\u00e3o por meio do Sistema de Sele\u00e7\u00e3o Unificada (Sisu) 2026. As oportunidades s\u00e3o para ingresso no primeiro e no segundo semestres letivos, distribu\u00eddas entre ampla concorr\u00eancia (1.155 vagas) e as reservas previstas na Lei n\u00ba 12.711\/2012 (Lei de Cotas) [&hellip;]<\/p>\n","protected":false},"author":1,"featured_media":45175,"comment_status":"closed","ping_status":"closed","sticky":false,"template":"","format":"standard","meta":{"_acf_changed":false,"footnotes":""},"categories":[8],"tags":[],"class_list":["post-45174","post","type-post","status-publish","format-standard","has-post-thumbnail","hentry","category-noticias"],"acf":[],"_links":{"self":[{"href":"https:\/\/ufrb.edu.br\/portal\/wp-json\/wp\/v2\/posts\/45174","targetHints":{"allow":["GET"]}}],"collection":[{"href":"https:\/\/ufrb.edu.br\/portal\/wp-json\/wp\/v2\/posts"}],"about":[{"href":"https:\/\/ufrb.edu.br\/portal\/wp-json\/wp\/v2\/types\/post"}],"author":[{"embeddable":true,"href":"https:\/\/ufrb.edu.br\/portal\/wp-json\/wp\/v2\/users\/1"}],"replies":[{"embeddable":true,"href":"https:\/\/ufrb.edu.br\/portal\/wp-json\/wp\/v2\/comments?post=45174"}],"version-history":[{"count":2,"href":"https:\/\/ufrb.edu.br\/portal\/wp-json\/wp\/v2\/posts\/45174\/revisions"}],"predecessor-version":[{"id":45177,"href":"https:\/\/ufrb.edu.br\/portal\/wp-json\/wp\/v2\/posts\/45174\/revisions\/45177"}],"wp:featuredmedia":[{"embeddable":true,"href":"https:\/\/ufrb.edu.br\/portal\/wp-json\/wp\/v2\/media\/45175"}],"wp:attachment":[{"href":"https:\/\/ufrb.edu.br\/portal\/wp-json\/wp\/v2\/media?parent=45174"}],"wp:term":[{"taxonomy":"category","embeddable":true,"href":"https:\/\/ufrb.edu.br\/portal\/wp-json\/wp\/v2\/categories?post=45174"},{"taxonomy":"post_tag","embeddable":true,"href":"https:\/\/ufrb.edu.br\/portal\/wp-json\/wp\/v2\/tags?post=45174"}],"curies":[{"name":"wp","href":"https:\/\/api.w.org\/{rel}","templated":true}]}}