{"id":45209,"date":"2026-01-16T10:39:25","date_gmt":"2026-01-16T13:39:25","guid":{"rendered":"https:\/\/ufrb.edu.br\/portal\/?p=45209"},"modified":"2026-01-28T10:40:18","modified_gmt":"2026-01-28T13:40:18","slug":"ufrb-credencia-instituicoes-para-oferecer-acao-curricular-de-extensao-em-gestao-de-cooperativas","status":"publish","type":"post","link":"https:\/\/ufrb.edu.br\/portal\/noticias\/ufrb-credencia-instituicoes-para-oferecer-acao-curricular-de-extensao-em-gestao-de-cooperativas\/","title":{"rendered":"UFRB credencia institui\u00e7\u00f5es para oferecer A\u00e7\u00e3o Curricular de Extens\u00e3o em Gest\u00e3o de Cooperativas"},"content":{"rendered":"\n<p>A Universidade Federal do Rec\u00f4ncavo da Bahia (UFRB) lan\u00e7ou&nbsp;<a href=\"https:\/\/ufrb.edu.br\/coopc\/component\/chronoforms5\/?chronoform=ver-edital&amp;id=1129\">chamada p\u00fablica<\/a>&nbsp;para o credenciamento de pessoas jur\u00eddicas de direito privado, com ou sem fins lucrativos, interessadas em estabelecer parceria institucional, por meio de Acordo de Coopera\u00e7\u00e3o T\u00e9cnica, visando \u00e0 oferta da A\u00e7\u00e3o Curricular de Extens\u00e3o em Gest\u00e3o de Cooperativas (CCA 1271), vinculada ao Curso de Tecnologia em Gest\u00e3o de Cooperativas.<\/p>\n\n\n\n<p>O per\u00edodo para envio das propostas j\u00e1 est\u00e1 aberto e segue at\u00e9 as 23h59 do dia 14 de janeiro de 2028. As institui\u00e7\u00f5es interessadas devem encaminhar a documenta\u00e7\u00e3o exigida exclusivamente para o e-mail&nbsp;<a href=\"mailto:cogec@ccaab.ufrb.edu.br\"><\/a><a href=\"mailto:cogec@ccaab.ufrb.edu.br\">cogec@ccaab.ufrb.edu.br<\/a>.&nbsp;<\/p>\n\n\n\n<p>A chamada p\u00fablica tem como objetivo credenciar organiza\u00e7\u00f5es que ofere\u00e7am condi\u00e7\u00f5es estruturais adequadas para receber estudantes da UFRB, possibilitando a realiza\u00e7\u00e3o de viv\u00eancias pr\u00e1ticas necess\u00e1rias ao cumprimento da curriculariza\u00e7\u00e3o da extens\u00e3o, conforme as diretrizes do curso de Tecnologia em Gest\u00e3o de Cooperativas. A A\u00e7\u00e3o Curricular de Extens\u00e3o possui carga hor\u00e1ria de 120 horas, a ser cumprida pelos discentes diretamente nas organiza\u00e7\u00f5es parceiras.<\/p>\n\n\n\n<p>A atividade ser\u00e1 desenvolvida no \u00e2mbito do Programa Cooperativa Escola, que articula a\u00e7\u00f5es te\u00f3ricas e pr\u00e1ticas, especialmente nas disciplinas do eixo de gest\u00e3o do curso, como contabilidade, finan\u00e7as, comercializa\u00e7\u00e3o, produ\u00e7\u00e3o, log\u00edstica, recursos humanos e marketing. O p\u00fablico-alvo da chamada inclui cooperativas, associa\u00e7\u00f5es rurais e empreendimentos da economia solid\u00e1ria, ou seja, organiza\u00e7\u00f5es privadas com ou sem fins lucrativos.<\/p>\n\n\n\n<p>Para a formaliza\u00e7\u00e3o da parceria, n\u00e3o haver\u00e1 repasse de recursos financeiros entre os part\u00edcipes. As institui\u00e7\u00f5es interessadas dever\u00e3o preencher e encaminhar a Minuta do Plano de Trabalho do Acordo de Coopera\u00e7\u00e3o (anexa ao&nbsp;<a href=\"https:\/\/ufrb.edu.br\/coopc\/component\/chronoforms5\/?chronoform=ver-edital&amp;id=1129\">edital<\/a>), al\u00e9m de apresentar a documenta\u00e7\u00e3o obrigat\u00f3ria: ato constitutivo e altera\u00e7\u00f5es vigentes, ata de elei\u00e7\u00e3o ou documento de nomea\u00e7\u00e3o dos dirigentes, comprovante de inscri\u00e7\u00e3o no CNPJ e c\u00f3pia dos documentos do respons\u00e1vel legal (RG, CPF e comprovante de resid\u00eancia).<\/p>\n\n\n\n<p>Todas as institui\u00e7\u00f5es que atenderem aos crit\u00e9rios estabelecidos no edital ser\u00e3o credenciadas. Ap\u00f3s a an\u00e1lise e aprova\u00e7\u00e3o da documenta\u00e7\u00e3o, as proponentes receber\u00e3o por e-mail o Termo do Acordo de Coopera\u00e7\u00e3o para assinatura digital, com a indica\u00e7\u00e3o do prazo para devolu\u00e7\u00e3o. O extrato do acordo firmado ser\u00e1 publicado no Di\u00e1rio Oficial da Uni\u00e3o e na&nbsp;<a href=\"https:\/\/ufrb.edu.br\/coopc\/editais\">p\u00e1gina oficial do chamamento p\u00fablico<\/a>&nbsp;da UFRB.<\/p>\n\n\n\n<p>Acompanhe em:&nbsp;<a href=\"http:\/\/ufrb.edu.br\/coopc\/editais\">ufrb.edu.br\/coopc\/editais<\/a>.&nbsp;<\/p>\n","protected":false},"excerpt":{"rendered":"<p>A Universidade Federal do Rec\u00f4ncavo da Bahia (UFRB) lan\u00e7ou&nbsp;chamada p\u00fablica&nbsp;para o credenciamento de pessoas jur\u00eddicas de direito privado, com ou sem fins lucrativos, interessadas em estabelecer parceria institucional, por meio de Acordo de Coopera\u00e7\u00e3o T\u00e9cnica, visando \u00e0 oferta da A\u00e7\u00e3o Curricular de Extens\u00e3o em Gest\u00e3o de Cooperativas (CCA 1271), vinculada ao Curso de Tecnologia em [&hellip;]<\/p>\n","protected":false},"author":1,"featured_media":45210,"comment_status":"closed","ping_status":"closed","sticky":false,"template":"","format":"standard","meta":{"_acf_changed":false,"footnotes":""},"categories":[8],"tags":[],"class_list":["post-45209","post","type-post","status-publish","format-standard","has-post-thumbnail","hentry","category-noticias"],"acf":[],"_links":{"self":[{"href":"https:\/\/ufrb.edu.br\/portal\/wp-json\/wp\/v2\/posts\/45209","targetHints":{"allow":["GET"]}}],"collection":[{"href":"https:\/\/ufrb.edu.br\/portal\/wp-json\/wp\/v2\/posts"}],"about":[{"href":"https:\/\/ufrb.edu.br\/portal\/wp-json\/wp\/v2\/types\/post"}],"author":[{"embeddable":true,"href":"https:\/\/ufrb.edu.br\/portal\/wp-json\/wp\/v2\/users\/1"}],"replies":[{"embeddable":true,"href":"https:\/\/ufrb.edu.br\/portal\/wp-json\/wp\/v2\/comments?post=45209"}],"version-history":[{"count":1,"href":"https:\/\/ufrb.edu.br\/portal\/wp-json\/wp\/v2\/posts\/45209\/revisions"}],"predecessor-version":[{"id":45211,"href":"https:\/\/ufrb.edu.br\/portal\/wp-json\/wp\/v2\/posts\/45209\/revisions\/45211"}],"wp:featuredmedia":[{"embeddable":true,"href":"https:\/\/ufrb.edu.br\/portal\/wp-json\/wp\/v2\/media\/45210"}],"wp:attachment":[{"href":"https:\/\/ufrb.edu.br\/portal\/wp-json\/wp\/v2\/media?parent=45209"}],"wp:term":[{"taxonomy":"category","embeddable":true,"href":"https:\/\/ufrb.edu.br\/portal\/wp-json\/wp\/v2\/categories?post=45209"},{"taxonomy":"post_tag","embeddable":true,"href":"https:\/\/ufrb.edu.br\/portal\/wp-json\/wp\/v2\/tags?post=45209"}],"curies":[{"name":"wp","href":"https:\/\/api.w.org\/{rel}","templated":true}]}}