{"id":45238,"date":"2026-01-29T11:56:15","date_gmt":"2026-01-29T14:56:15","guid":{"rendered":"https:\/\/ufrb.edu.br\/portal\/?p=45238"},"modified":"2026-02-09T13:40:07","modified_gmt":"2026-02-09T16:40:07","slug":"ufrb-conquista-10-novos-programas-de-residencia-e-amplia-formacao-na-area-da-saude","status":"publish","type":"post","link":"https:\/\/ufrb.edu.br\/portal\/noticias\/ufrb-conquista-10-novos-programas-de-residencia-e-amplia-formacao-na-area-da-saude\/","title":{"rendered":"UFRB conquista 10 novos Programas de Resid\u00eancia e amplia forma\u00e7\u00e3o na \u00e1rea da sa\u00fade"},"content":{"rendered":"\n<p>A Universidade Federal do Rec\u00f4ncavo da Bahia (UFRB) obteve a aprova\u00e7\u00e3o de 10 novos Programas de Especializa\u00e7\u00e3o na modalidade de Resid\u00eancias na \u00e1rea da sa\u00fade, com financiamento de bolsas pelo Minist\u00e9rio da Sa\u00fade e in\u00edcio previsto para 2026. Com a amplia\u00e7\u00e3o, a UFRB passa a contar com 15 Programas de Resid\u00eancias, ofertados pelo Centro de Ci\u00eancias da Sa\u00fade (CCS), campus de Santo Ant\u00f4nio de Jesus, e pelo Centro de Ci\u00eancias Agr\u00e1rias, Ambientais e Biol\u00f3gicas (CCAAB), campus de Cruz das Almas.<\/p>\n\n\n\n<p>Ao todo, ser\u00e3o disponibilizadas 36 novas vagas, totalizando 64 vagas em todos os Programas de Resid\u00eancia da UFRB. O ingresso de novos residentes ocorre por meio do&nbsp;<a href=\"https:\/\/www.gov.br\/ebserh\/pt-br\/ensino-e-pesquisa\/exame-nacional-de-residencia-enare\">Exame Nacional de Resid\u00eancia (ENARE)<\/a>&nbsp;para os cursos do CCAAB e por sele\u00e7\u00f5es pr\u00f3prias realizadas pela Universidade para os cursos do CCS.<\/p>\n\n\n\n<p>O pr\u00f3ximo per\u00edodo de admiss\u00e3o pelo ENARE acontece nos dias 2 e 3 de fevereiro, com divulga\u00e7\u00e3o do resultado final no dia 5 de fevereiro, incluindo a classifica\u00e7\u00e3o dos candidatos e o cadastro de reserva. Os interessados devem acompanhar o calend\u00e1rio oficial no&nbsp;<a href=\"https:\/\/enare2025-ebserh.conhecimento.fgv.br\/\">site do ENARE<\/a>. J\u00e1 as sele\u00e7\u00f5es conduzidas pela UFRB ser\u00e3o divulgadas no&nbsp;<a href=\"https:\/\/www.ufrb.edu.br\/ccs\/\">site do Centro de Ci\u00eancias da Sa\u00fade<\/a>.<\/p>\n\n\n\n<p>Os novos programas aprovados no CCS s\u00e3o: Enfermagem obst\u00e9trica, Aten\u00e7\u00e3o ao C\u00e2ncer e Multiprofissional em sa\u00fade da Fam\u00edlia, com \u00eanfase em Popula\u00e7\u00e3o Negra, Quilombola e das \u00c1guas. Este Centro j\u00e1 oferta as resid\u00eancias em: Nutri\u00e7\u00e3o cl\u00ednica com \u00eanfase em pediatria e terapia intensiva, Enfermagem com \u00eanfase em cardiologia, Resid\u00eancia m\u00e9dica com \u00eanfase em medicina de fam\u00edlia e comunidade e Multiprofissional em sa\u00fade da fam\u00edlia interiorizada.&nbsp;<\/p>\n\n\n\n<p>Para a professora Rosa Cordeiro, diretora do CCS, a aprova\u00e7\u00e3o das novas resid\u00eancias representa uma iniciativa de extrema relev\u00e2ncia para o Rec\u00f4ncavo da Bahia. &#8220;Esses programas fortalecem a forma\u00e7\u00e3o qualificada de profissionais de sa\u00fade comprometidos com os princ\u00edpios do Sistema \u00danico de Sa\u00fade (SUS), com a equidade, a integralidade do cuidado e o enfrentamento das desigualdades sociais e raciais que historicamente marcam a regi\u00e3o&#8221;, afirma.<\/p>\n\n\n\n<p>&#8220;Al\u00e9m disso, contribuem de forma decisiva para a amplia\u00e7\u00e3o e qualifica\u00e7\u00e3o da assist\u00eancia \u00e0 sa\u00fade, especialmente em territ\u00f3rios vulnerabilizados, reafirmando o papel estrat\u00e9gico da UFRB e do CCS no desenvolvimento regional e na consolida\u00e7\u00e3o das pol\u00edticas p\u00fablicas de sa\u00fade&#8221;, complementa a diretora.<\/p>\n\n\n\n<figure class=\"wp-block-image size-large\"><img loading=\"lazy\" decoding=\"async\" width=\"1024\" height=\"683\" src=\"https:\/\/ufrb.edu.br\/portal\/wp-content\/uploads\/sites\/5\/2026\/02\/20260129_residencia_interna3-1024x683.png\" alt=\"\" class=\"wp-image-45240\" srcset=\"https:\/\/ufrb.edu.br\/portal\/wp-content\/uploads\/sites\/5\/2026\/02\/20260129_residencia_interna3-1024x683.png 1024w, https:\/\/ufrb.edu.br\/portal\/wp-content\/uploads\/sites\/5\/2026\/02\/20260129_residencia_interna3-300x200.png 300w, https:\/\/ufrb.edu.br\/portal\/wp-content\/uploads\/sites\/5\/2026\/02\/20260129_residencia_interna3-768x512.png 768w, https:\/\/ufrb.edu.br\/portal\/wp-content\/uploads\/sites\/5\/2026\/02\/20260129_residencia_interna3.png 1200w\" sizes=\"auto, (max-width: 1024px) 100vw, 1024px\" \/><figcaption class=\"wp-element-caption\">Novas resid\u00eancias em sa\u00fade na UFRB.<\/figcaption><\/figure>\n\n\n\n<p>No CCAAB, os novos cursos aprovados s\u00e3o: Anestesiologia veterin\u00e1ria, Cl\u00ednica cir\u00fargica de animais de companhia, Cl\u00ednica m\u00e9dica de animais de companhia, Cl\u00ednica m\u00e9dica e cir\u00fargica de grandes animais, Diagn\u00f3stico por imagem em medicina veterin\u00e1ria, Patologia animal e Patologia cl\u00ednica veterin\u00e1ria. Eles se somam ao curso de Sa\u00fade Animal integrada \u00e0 sa\u00fade p\u00fablica, passando a compor o Programa de Resid\u00eancia Integrada em Medicina Veterin\u00e1ria da UFRB, que agora integra oito \u00e1reas de concentra\u00e7\u00e3o.<\/p>\n\n\n\n<p>\u201cA nossa Resid\u00eancia \u00e9 uma modalidade de treinamento em servi\u00e7o que adota a concep\u00e7\u00e3o de forma\u00e7\u00e3o multidisciplinar continuada para promover o aprimoramento de conhecimentos, habilidades e atitudes indispens\u00e1veis ao exerc\u00edcio da Medicina Veterin\u00e1ria, capacitando o(a) residente para a atua\u00e7\u00e3o em sa\u00fade animal, no SUS e nas demandas da sociedade no contexto de Uma s\u00f3 Sa\u00fade\u201d, explica o professor Robson Bahia, vice-coordenador do Programa de Resid\u00eancia Integrado em Medicina Veterin\u00e1ria da UFRB.<\/p>\n\n\n\n<p>Segundo o professor, cada \u00e1rea ter\u00e1 um eixo espec\u00edfico, atuando de forma integrada por meio de projetos de interven\u00e7\u00e3o desenvolvidos junto ao Hospital Universit\u00e1rio de Medicina Veterin\u00e1ria da UFRB e em parceria com as Secretarias Municipais de Cruz das Almas e de outros munic\u00edpios do Rec\u00f4ncavo da Bahia.<\/p>\n\n\n\n<figure class=\"wp-block-image size-large\"><img loading=\"lazy\" decoding=\"async\" width=\"1024\" height=\"683\" src=\"https:\/\/ufrb.edu.br\/portal\/wp-content\/uploads\/sites\/5\/2026\/02\/20260129_residencias_interna-1024x683.png\" alt=\"\" class=\"wp-image-45241\" srcset=\"https:\/\/ufrb.edu.br\/portal\/wp-content\/uploads\/sites\/5\/2026\/02\/20260129_residencias_interna-1024x683.png 1024w, https:\/\/ufrb.edu.br\/portal\/wp-content\/uploads\/sites\/5\/2026\/02\/20260129_residencias_interna-300x200.png 300w, https:\/\/ufrb.edu.br\/portal\/wp-content\/uploads\/sites\/5\/2026\/02\/20260129_residencias_interna-768x512.png 768w, https:\/\/ufrb.edu.br\/portal\/wp-content\/uploads\/sites\/5\/2026\/02\/20260129_residencias_interna.png 1200w\" sizes=\"auto, (max-width: 1024px) 100vw, 1024px\" \/><figcaption class=\"wp-element-caption\">Programa de Resid\u00eancia Integrada em Medicina Veterin\u00e1ria.<\/figcaption><\/figure>\n\n\n\n<p><strong>Sobre as Resid\u00eancia da UFRB<\/strong><\/p>\n\n\n\n<p>As Resid\u00eancias da UFRB t\u00eam dura\u00e7\u00e3o de dois anos e se caracterizam por uma forma\u00e7\u00e3o intensa e qualificada em servi\u00e7o, contribuindo diretamente para a forma\u00e7\u00e3o de profissionais e para o fortalecimento do Sistema \u00danico de Sa\u00fade (SUS). Os cen\u00e1rios de pr\u00e1tica incluem o Hospital Veterin\u00e1rio da UFRB, as Secretarias Municipais de Sa\u00fade de Cruz das Almas, Santo Ant\u00f4nio de Jesus, Cachoeira, Nazar\u00e9 e de outros munic\u00edpios baianos, a Santa Casa de Miseric\u00f3rdia de Santo Ant\u00f4nio de Jesus, a Funda\u00e7\u00e3o Hospitalar de Feira de Santana, a Unidade de Alta Complexidade em Oncologia (UNACON) e outros hospitais e servi\u00e7os de sa\u00fade da Secretaria da Sa\u00fade do Estado da Bahia (Sesab).<\/p>\n\n\n\n<p>Para Am\u00e1lia Sacramento, chefe do N\u00facleo de Desenvolvimento de Programas Lato sensu da UFRB, a aprova\u00e7\u00e3o dos novos programas reflete o empenho de diversos setores da institui\u00e7\u00e3o. \u201cEsta conquista \u00e9 resultado do trabalho conjunto dos docentes dos Centros de Ensino, da Comiss\u00e3o de Resid\u00eancia Multiprofissional (Coremu), da Comiss\u00e3o de Resid\u00eancia M\u00e9dica (Coreme), da Pr\u00f3-Reitoria de Pesquisa, P\u00f3s-Gradua\u00e7\u00e3o, Cria\u00e7\u00e3o e Inova\u00e7\u00e3o (PPGCI) e da Reitoria da UFRB, em todas as etapas de aprova\u00e7\u00e3o dos cursos e na garantia das bolsas para os futuros residentes, assegurando o pleno funcionamento dos programas\u201d, destaca.&nbsp;<\/p>\n\n\n\n<p>Para mais informa\u00e7\u00f5es sobre as Resid\u00eancias, acesse&nbsp;<a href=\"http:\/\/ufrb.edu.br\/ccs\">ufrb.edu.br\/ccs<\/a>&nbsp;,&nbsp;<a href=\"https:\/\/www.instagram.com\/saisp.ufrb\/\">@saisp.ufrb<\/a>&nbsp;e&nbsp;<a href=\"https:\/\/www.instagram.com\/residenciamedvet_ufrb\/\">@residenciamedvet_ufrb<\/a>.&nbsp;<\/p>\n","protected":false},"excerpt":{"rendered":"<p>A Universidade Federal do Rec\u00f4ncavo da Bahia (UFRB) obteve a aprova\u00e7\u00e3o de 10 novos Programas de Especializa\u00e7\u00e3o na modalidade de Resid\u00eancias na \u00e1rea da sa\u00fade, com financiamento de bolsas pelo Minist\u00e9rio da Sa\u00fade e in\u00edcio previsto para 2026. Com a amplia\u00e7\u00e3o, a UFRB passa a contar com 15 Programas de Resid\u00eancias, ofertados pelo Centro de [&hellip;]<\/p>\n","protected":false},"author":1,"featured_media":45239,"comment_status":"closed","ping_status":"closed","sticky":false,"template":"","format":"standard","meta":{"_acf_changed":false,"footnotes":""},"categories":[8],"tags":[],"class_list":["post-45238","post","type-post","status-publish","format-standard","has-post-thumbnail","hentry","category-noticias"],"acf":[],"_links":{"self":[{"href":"https:\/\/ufrb.edu.br\/portal\/wp-json\/wp\/v2\/posts\/45238","targetHints":{"allow":["GET"]}}],"collection":[{"href":"https:\/\/ufrb.edu.br\/portal\/wp-json\/wp\/v2\/posts"}],"about":[{"href":"https:\/\/ufrb.edu.br\/portal\/wp-json\/wp\/v2\/types\/post"}],"author":[{"embeddable":true,"href":"https:\/\/ufrb.edu.br\/portal\/wp-json\/wp\/v2\/users\/1"}],"replies":[{"embeddable":true,"href":"https:\/\/ufrb.edu.br\/portal\/wp-json\/wp\/v2\/comments?post=45238"}],"version-history":[{"count":1,"href":"https:\/\/ufrb.edu.br\/portal\/wp-json\/wp\/v2\/posts\/45238\/revisions"}],"predecessor-version":[{"id":45242,"href":"https:\/\/ufrb.edu.br\/portal\/wp-json\/wp\/v2\/posts\/45238\/revisions\/45242"}],"wp:featuredmedia":[{"embeddable":true,"href":"https:\/\/ufrb.edu.br\/portal\/wp-json\/wp\/v2\/media\/45239"}],"wp:attachment":[{"href":"https:\/\/ufrb.edu.br\/portal\/wp-json\/wp\/v2\/media?parent=45238"}],"wp:term":[{"taxonomy":"category","embeddable":true,"href":"https:\/\/ufrb.edu.br\/portal\/wp-json\/wp\/v2\/categories?post=45238"},{"taxonomy":"post_tag","embeddable":true,"href":"https:\/\/ufrb.edu.br\/portal\/wp-json\/wp\/v2\/tags?post=45238"}],"curies":[{"name":"wp","href":"https:\/\/api.w.org\/{rel}","templated":true}]}}