{"id":45436,"date":"2026-02-25T12:08:00","date_gmt":"2026-02-25T15:08:00","guid":{"rendered":"https:\/\/ufrb.edu.br\/portal\/?p=45436"},"modified":"2026-04-09T09:06:33","modified_gmt":"2026-04-09T12:06:33","slug":"projeto-da-ufrb-e-uma-das-iniciativas-presentes-no-mapa-brasileiro-de-educacao-midiatica","status":"publish","type":"post","link":"https:\/\/ufrb.edu.br\/portal\/noticias\/projeto-da-ufrb-e-uma-das-iniciativas-presentes-no-mapa-brasileiro-de-educacao-midiatica\/","title":{"rendered":"Projeto da UFRB \u00e9 uma das iniciativas presentes no Mapa Brasileiro de Educa\u00e7\u00e3o Midi\u00e1tica\u00a0"},"content":{"rendered":"\n<p>Em um mundo marcado pela intensa circula\u00e7\u00e3o de informa\u00e7\u00f5es on-line, o Governo Federal lan\u00e7ou o <a href=\"https:\/\/www.gov.br\/secom\/pt-br\/assuntos\/educacao-midiatica\/mapa\" data-type=\"link\" data-id=\"https:\/\/www.gov.br\/secom\/pt-br\/assuntos\/educacao-midiatica\/mapa\">Mapa Brasileiro da Educa\u00e7\u00e3o Midi\u00e1tica<\/a>, reunindo 225 iniciativas de todo o pa\u00eds que promovem o desenvolvimento de compet\u00eancias midi\u00e1ticas e informacionais. A Universidade Federal do Rec\u00f4ncavo da Bahia (UFRB) est\u00e1 presente na plataforma com o projeto de extens\u00e3o e pesquisa CineCecult &#8211; Laborat\u00f3rio de Aprecia\u00e7\u00e3o e An\u00e1lise do Audiovisual, do Centro de Cultura, Linguagens e Tecnologias Aplicadas (CECULT), no Campus Santo Amaro.<\/p>\n\n\n\n<p>Criado em 2018, o CineCecult promove o encontro de professores e estudantes da educa\u00e7\u00e3o b\u00e1sica com o universo do audiovisual, dentro e fora do ambiente escolar. O projeto oferece atividades te\u00f3ricas e pr\u00e1ticas, como exibi\u00e7\u00e3o e debate de filmes, mostras de cinema infantil, oficinas de roteiro e produ\u00e7\u00e3o, cria\u00e7\u00e3o de pequenos filmes, anima\u00e7\u00f5es e constru\u00e7\u00e3o de brinquedos \u00f3pticos.<\/p>\n\n\n\n<p>Entre 2024 e 2025, o CineCecult realizou oficinas, mostras e atividades formativas para cerca de 200 estudantes, do 3\u00ba ano do Ensino Fundamental ao 3\u00ba ano do Ensino M\u00e9dio, em escolas p\u00fablicas de Santo Amaro. Tamb\u00e9m foram promovidas visitas ao campus da UFRB e um festival de cinema de anima\u00e7\u00e3o. Como desdobramento, a equipe elaborou material pedag\u00f3gico com cartilha e videoaulas que sistematizam as oficinas de constru\u00e7\u00e3o de brinquedos \u00f3pticos, ampliando a possibilidade de replica\u00e7\u00e3o das atividades em outras escolas.<\/p>\n\n\n\n<figure class=\"wp-block-image size-large\"><img loading=\"lazy\" decoding=\"async\" width=\"1024\" height=\"538\" src=\"https:\/\/ufrb.edu.br\/portal\/wp-content\/uploads\/sites\/5\/2026\/02\/CineCecult-1024x538.png\" alt=\"\" class=\"wp-image-45438\" srcset=\"https:\/\/ufrb.edu.br\/portal\/wp-content\/uploads\/sites\/5\/2026\/02\/CineCecult-1024x538.png 1024w, https:\/\/ufrb.edu.br\/portal\/wp-content\/uploads\/sites\/5\/2026\/02\/CineCecult-300x158.png 300w, https:\/\/ufrb.edu.br\/portal\/wp-content\/uploads\/sites\/5\/2026\/02\/CineCecult-768x403.png 768w, https:\/\/ufrb.edu.br\/portal\/wp-content\/uploads\/sites\/5\/2026\/02\/CineCecult.png 1200w\" sizes=\"auto, (max-width: 1024px) 100vw, 1024px\" \/><figcaption class=\"wp-element-caption\">Atividade do CineCecult em escola de Santo Amaro<\/figcaption><\/figure>\n\n\n\n<p>A coordenadora do projeto, professora Ludmila Carvalho, destaca que a iniciativa dialoga com os desafios recentes da educa\u00e7\u00e3o digital. Segundo ela, embora haja uma Pol\u00edtica Nacional de Educa\u00e7\u00e3o Digital e restri\u00e7\u00f5es legais ao uso de celulares nas escolas, ainda s\u00e3o poucas as solu\u00e7\u00f5es pr\u00e1ticas que orientam os professores no uso pedag\u00f3gico das telas e no desenvolvimento do letramento digital e do pensamento cr\u00edtico dos estudantes. Por isso, ressalta a import\u00e2ncia do Mapa Interativo. \u201cO Mapa apresenta propostas concretas, que j\u00e1 existem e est\u00e3o sendo aplicadas em todo o Brasil. Isso \u00e9 muito importante, \u00e9 uma inspira\u00e7\u00e3o para professores e estudantes\u201d, afirma.<\/p>\n\n\n\n<h3 class=\"wp-block-heading\"><strong>Iniciativa nacional mapeia experi\u00eancias em educa\u00e7\u00e3o midi\u00e1tica<\/strong><\/h3>\n\n\n\n<p>Produzido a partir de levantamento nacional realizado em 2024, com apoio da UNESCO, o Mapa Brasileiro da Educa\u00e7\u00e3o Midi\u00e1tica \u00e9 resultado de parceria entre a Secretaria de Comunica\u00e7\u00e3o Social da Presid\u00eancia da Rep\u00fablica (Secom PR) e a Ag\u00eancia Porvir, com apoio da Embaixada do Reino Unido no Brasil. A inclus\u00e3o das a\u00e7\u00f5es ocorreu por meio de chamamento p\u00fablico, seguido de processo de curadoria.<\/p>\n\n\n\n<p>Para Ludmila, estar no Mapa representa um reconhecimento importante para o CineCecult. \u201cFicamos muito felizes em ver nossa presen\u00e7a na plataforma, especialmente por reconhecer a import\u00e2ncia de mapear pr\u00e1ticas pedag\u00f3gicas pioneiras no campo do letramento audiovisual e midi\u00e1tico. Fala-se muito sobre a necessidade dessa forma\u00e7\u00e3o, mas ainda s\u00e3o poucas as a\u00e7\u00f5es concretas ofertadas aos professores e professoras\u201d, destaca. Ela tamb\u00e9m ressalta a relev\u00e2ncia da visibilidade institucional, j\u00e1 que o CineCecult \u00e9 um dos poucos projetos da Bahia inclu\u00eddos no Mapa e o \u00fanico representante do Rec\u00f4ncavo Baiano e da UFRB.<\/p>\n\n\n\n<p>O Mapa pode ser acessado em: <a href=\"https:\/\/www.gov.br\/secom\/pt-br\/assuntos\/educacao-midiatica\/mapa\">https:\/\/www.gov.br\/secom\/pt-br\/assuntos\/educacao-midiatica\/mapa<\/a> <\/p>\n\n\n\n<p>Siga o perfil do <a href=\"https:\/\/www.instagram.com\/cinececult\/\">CineCecult<\/a> nas redes sociais e visite a <a href=\"https:\/\/zez.am\/cinececult?utm_source=ig&amp;utm_medium=social&amp;utm_content=link_in_bio&amp;fbclid=PAZXh0bgNhZW0CMTEAc3J0YwZhcHBfaWQMMjU2MjgxMDQwNTU4AAGnqyRnxTTF8XTO2BwcbjSrkjbxpeQEN2RpLrLjF3GrE8hZafGu61NEiscVIuE_aem_Z2WU7lA0vYiyHb7C1dhqGA\">p\u00e1gina do projeto<\/a> para saber mais e acompanhar as atividades realizadas.<\/p>\n","protected":false},"excerpt":{"rendered":"<p>Em um mundo marcado pela intensa circula\u00e7\u00e3o de informa\u00e7\u00f5es on-line, o Governo Federal lan\u00e7ou o Mapa Brasileiro da Educa\u00e7\u00e3o Midi\u00e1tica, reunindo 225 iniciativas de todo o pa\u00eds que promovem o desenvolvimento de compet\u00eancias midi\u00e1ticas e informacionais. A Universidade Federal do Rec\u00f4ncavo da Bahia (UFRB) est\u00e1 presente na plataforma com o projeto de extens\u00e3o e pesquisa [&hellip;]<\/p>\n","protected":false},"author":9,"featured_media":45439,"comment_status":"closed","ping_status":"closed","sticky":false,"template":"","format":"standard","meta":{"_acf_changed":false,"footnotes":""},"categories":[8],"tags":[],"class_list":["post-45436","post","type-post","status-publish","format-standard","has-post-thumbnail","hentry","category-noticias"],"acf":[],"_links":{"self":[{"href":"https:\/\/ufrb.edu.br\/portal\/wp-json\/wp\/v2\/posts\/45436","targetHints":{"allow":["GET"]}}],"collection":[{"href":"https:\/\/ufrb.edu.br\/portal\/wp-json\/wp\/v2\/posts"}],"about":[{"href":"https:\/\/ufrb.edu.br\/portal\/wp-json\/wp\/v2\/types\/post"}],"author":[{"embeddable":true,"href":"https:\/\/ufrb.edu.br\/portal\/wp-json\/wp\/v2\/users\/9"}],"replies":[{"embeddable":true,"href":"https:\/\/ufrb.edu.br\/portal\/wp-json\/wp\/v2\/comments?post=45436"}],"version-history":[{"count":4,"href":"https:\/\/ufrb.edu.br\/portal\/wp-json\/wp\/v2\/posts\/45436\/revisions"}],"predecessor-version":[{"id":45442,"href":"https:\/\/ufrb.edu.br\/portal\/wp-json\/wp\/v2\/posts\/45436\/revisions\/45442"}],"wp:featuredmedia":[{"embeddable":true,"href":"https:\/\/ufrb.edu.br\/portal\/wp-json\/wp\/v2\/media\/45439"}],"wp:attachment":[{"href":"https:\/\/ufrb.edu.br\/portal\/wp-json\/wp\/v2\/media?parent=45436"}],"wp:term":[{"taxonomy":"category","embeddable":true,"href":"https:\/\/ufrb.edu.br\/portal\/wp-json\/wp\/v2\/categories?post=45436"},{"taxonomy":"post_tag","embeddable":true,"href":"https:\/\/ufrb.edu.br\/portal\/wp-json\/wp\/v2\/tags?post=45436"}],"curies":[{"name":"wp","href":"https:\/\/api.w.org\/{rel}","templated":true}]}}