{"id":45861,"date":"2026-04-27T10:31:15","date_gmt":"2026-04-27T13:31:15","guid":{"rendered":"https:\/\/ufrb.edu.br\/portal\/?p=45861"},"modified":"2026-04-27T10:31:48","modified_gmt":"2026-04-27T13:31:48","slug":"ufrb-e-ufba-abrem-inscricoes-para-programa-de-formacao-em-educacao-digital","status":"publish","type":"post","link":"https:\/\/ufrb.edu.br\/portal\/destaque-secundario\/ufrb-e-ufba-abrem-inscricoes-para-programa-de-formacao-em-educacao-digital\/","title":{"rendered":"UFRB e UFBA abrem inscri\u00e7\u00f5es para programa de forma\u00e7\u00e3o em educa\u00e7\u00e3o digital\u00a0"},"content":{"rendered":"\n<p>A Universidade Federal do Rec\u00f4ncavo da Bahia (UFRB) e a Universidade Federal da Bahia (UFBA) est\u00e3o com inscri\u00e7\u00f5es abertas para o Programa de Educa\u00e7\u00e3o Digital em Rede (PED), iniciativa de desenvolvimento de compet\u00eancias pedag\u00f3gicas-digitais.&nbsp;<\/p>\n\n\n\n<p>O programa \u00e9 destinado a servidores(as) docentes e t\u00e9cnico-administrativos(as) das duas universidades e recebe inscri\u00e7\u00f5es, gratuitamente, at\u00e9 17 de maio. As atividades come\u00e7am em 8 de junho e ter\u00e3o carga hor\u00e1ria total de 360 horas.<\/p>\n\n\n\n<p>A estrutura do PED inclui tr\u00eas trilhas formativas e 12 microcredenciais nas \u00e1reas de Intelig\u00eancia Artificial e Educa\u00e7\u00e3o, Educa\u00e7\u00e3o Online e Educa\u00e7\u00e3o Aberta. Os cursos disponibilizam microcertificados em \u00e1reas como Recursos Educacionais Abertos (REA), Intelig\u00eancia Artificial (IA) e Educa\u00e7\u00e3o e Educa\u00e7\u00e3o Aberta.<\/p>\n\n\n\n<p>Na UFRB, a iniciativa \u00e9 conduzida pela Superintend\u00eancia de Educa\u00e7\u00e3o Aberta e a Dist\u00e2ncia (SEAD), em parceria com a Pr\u00f3-Reitoria de Gest\u00e3o de Pessoas (PROGEP) e a Pr\u00f3-Reitoria de Extens\u00e3o e Cultura (PROEXC).<\/p>\n\n\n\n<p><strong>Sobre o PED<\/strong><\/p>\n\n\n\n<p>O programa parte do entendimento de que o ensino superior enfrenta o desafio de integrar tecnologias digitais a pr\u00e1ticas pedag\u00f3gicas de qualidade. Nesse contexto, a UFRB v\u00ea a educa\u00e7\u00e3o a dist\u00e2ncia como estrat\u00e9gica para ampliar o acesso, modernizar m\u00e9todos de ensino e promover maior personaliza\u00e7\u00e3o da aprendizagem.<\/p>\n\n\n\n<p>A pr\u00f3-reitora de Gest\u00e3o de Pessoas da UFRB, Fl\u00e1via Sabina Souza, afirma que a proposta busca fortalecer a forma\u00e7\u00e3o cont\u00ednua dos servidores e valorizar suas trajet\u00f3rias. Ela destaca ainda que a iniciativa incentiva o protagonismo dos participantes e contribui para a melhoria dos servi\u00e7os. &#8220;Esse investimento reflete diretamente na excel\u00eancia dos servi\u00e7os que prestamos \u00e0 sociedade e no fortalecimento do nosso compromisso p\u00fablico. Convido a todos e todas para que ocupem este espa\u00e7o de forma\u00e7\u00e3o, que foi pensado e constru\u00eddo por n\u00f3s e para n\u00f3s&#8221;, conclui a pr\u00f3-reitora.<\/p>\n\n\n\n<p>Ao todo, o PED pretende capacitar 240 servidores das duas institui\u00e7\u00f5es em n\u00edveis b\u00e1sico, intermedi\u00e1rio e avan\u00e7ado. As atividades ocorrer\u00e3o em ambientes virtuais de aprendizagem, com uso de f\u00f3runs, chats e videoconfer\u00eancias para estimular a intera\u00e7\u00e3o.<\/p>\n\n\n\n<p>A superintendente de Educa\u00e7\u00e3o a Dist\u00e2ncia da SEAD\/UFRB, Katia Rocha, ressalta que o programa incentiva o uso respons\u00e1vel e criativo das tecnologias no ambiente universit\u00e1rio e impulsiona a mobiliza\u00e7\u00e3o pela transforma\u00e7\u00e3o digital no ambiente universit\u00e1rio. &#8220;Enquanto diretriz institucional, articula pr\u00e1ticas pedag\u00f3gicas inovadoras, qualifica\u00e7\u00e3o cont\u00ednua e trabalho colaborativo, posicionando a universidade diante das demandas atuais do ensino&#8221;, afirma.&nbsp;<\/p>\n\n\n\n<p>A coordena\u00e7\u00e3o pedag\u00f3gica \u00e9 de Jos\u00e9 Renato Gomes de Oliveira, com coordena\u00e7\u00e3o cient\u00edfica dos professores Jos\u00e9 Ant\u00f4nio Moreira e Ariston de Lima Cardoso.<\/p>\n\n\n\n<p><strong>Inscri\u00e7\u00f5es<\/strong><\/p>\n\n\n\n<p>Para servidores(as) da UFRB, o link da inscri\u00e7\u00e3o est\u00e1 dispon\u00edvel em <a href=\"http:\/\/sistemas.ufrb.edu.br\/sigrh\">sistemas.ufrb.edu.br\/sigrh<\/a>. J\u00e1 os(as) servidores(as) da UFBA devem se inscrever em <a href=\"http:\/\/www.sigrh.ufba.br\">www.sigrh.ufba.br<\/a>.&nbsp;<\/p>\n","protected":false},"excerpt":{"rendered":"<p>A Universidade Federal do Rec\u00f4ncavo da Bahia (UFRB) e a Universidade Federal da Bahia (UFBA) est\u00e3o com inscri\u00e7\u00f5es abertas para o Programa de Educa\u00e7\u00e3o Digital em Rede (PED), iniciativa de desenvolvimento de compet\u00eancias pedag\u00f3gicas-digitais.&nbsp; O programa \u00e9 destinado a servidores(as) docentes e t\u00e9cnico-administrativos(as) das duas universidades e recebe inscri\u00e7\u00f5es, gratuitamente, at\u00e9 17 de maio. As [&hellip;]<\/p>\n","protected":false},"author":9,"featured_media":45862,"comment_status":"closed","ping_status":"closed","sticky":false,"template":"","format":"standard","meta":{"_acf_changed":false,"footnotes":""},"categories":[5,8],"tags":[],"class_list":["post-45861","post","type-post","status-publish","format-standard","has-post-thumbnail","hentry","category-destaque-secundario","category-noticias"],"acf":[],"_links":{"self":[{"href":"https:\/\/ufrb.edu.br\/portal\/wp-json\/wp\/v2\/posts\/45861","targetHints":{"allow":["GET"]}}],"collection":[{"href":"https:\/\/ufrb.edu.br\/portal\/wp-json\/wp\/v2\/posts"}],"about":[{"href":"https:\/\/ufrb.edu.br\/portal\/wp-json\/wp\/v2\/types\/post"}],"author":[{"embeddable":true,"href":"https:\/\/ufrb.edu.br\/portal\/wp-json\/wp\/v2\/users\/9"}],"replies":[{"embeddable":true,"href":"https:\/\/ufrb.edu.br\/portal\/wp-json\/wp\/v2\/comments?post=45861"}],"version-history":[{"count":3,"href":"https:\/\/ufrb.edu.br\/portal\/wp-json\/wp\/v2\/posts\/45861\/revisions"}],"predecessor-version":[{"id":45865,"href":"https:\/\/ufrb.edu.br\/portal\/wp-json\/wp\/v2\/posts\/45861\/revisions\/45865"}],"wp:featuredmedia":[{"embeddable":true,"href":"https:\/\/ufrb.edu.br\/portal\/wp-json\/wp\/v2\/media\/45862"}],"wp:attachment":[{"href":"https:\/\/ufrb.edu.br\/portal\/wp-json\/wp\/v2\/media?parent=45861"}],"wp:term":[{"taxonomy":"category","embeddable":true,"href":"https:\/\/ufrb.edu.br\/portal\/wp-json\/wp\/v2\/categories?post=45861"},{"taxonomy":"post_tag","embeddable":true,"href":"https:\/\/ufrb.edu.br\/portal\/wp-json\/wp\/v2\/tags?post=45861"}],"curies":[{"name":"wp","href":"https:\/\/api.w.org\/{rel}","templated":true}]}}