{"id":45866,"date":"2026-04-27T11:09:23","date_gmt":"2026-04-27T14:09:23","guid":{"rendered":"https:\/\/ufrb.edu.br\/portal\/?p=45866"},"modified":"2026-04-27T11:09:23","modified_gmt":"2026-04-27T14:09:23","slug":"ufrb-amplia-oportunidades-para-inovacao-com-edicao-2026-do-novatores-inscricoes-abertas","status":"publish","type":"post","link":"https:\/\/ufrb.edu.br\/portal\/destaque-secundario\/ufrb-amplia-oportunidades-para-inovacao-com-edicao-2026-do-novatores-inscricoes-abertas\/","title":{"rendered":"UFRB amplia oportunidades para inova\u00e7\u00e3o com edi\u00e7\u00e3o 2026 do Novatores; inscri\u00e7\u00f5es abertas"},"content":{"rendered":"\n<p>Com o objetivo de impulsionar ideias inovadoras e fortalecer o empreendedorismo conectado ao desenvolvimento regional, a Universidade Federal do Rec\u00f4ncavo da Bahia (UFRB) e a Universidade Estadual de Feira de Santana (UEFS) anunciam a abertura das inscri\u00e7\u00f5es para a terceira edi\u00e7\u00e3o do programa Novatores. A iniciativa conta ainda com a co-realiza\u00e7\u00e3o do Instituto Federal da Bahia (IFBA).<\/p>\n\n\n\n<p>As inscri\u00e7\u00f5es seguem abertas at\u00e9 o dia 19 de maio de 2026 e podem ser realizadas por meio do site oficial do programa (<a href=\"https:\/\/novatores.uefs.br\">https:\/\/novatores.uefs.br<\/a>) ou pelo Instagram <a href=\"https:\/\/www.instagram.com\/aceleranovatores\/\">@aceleranovatores<\/a>. Nesta edi\u00e7\u00e3o, ser\u00e3o selecionados 30 projetos inovadores, sendo cinco vagas destinadas a iniciativas vinculadas \u00e0 UFRB, refor\u00e7ando a integra\u00e7\u00e3o entre as institui\u00e7\u00f5es e o ecossistema regional.<\/p>\n\n\n\n<p>Segundo o respons\u00e1vel pela Incubadora de Empresas de Base Tecnol\u00f3gica da UFRB (SEIVA), Geovane Santana, a participa\u00e7\u00e3o da universidade tem crescido a cada edi\u00e7\u00e3o. \u201cNa edi\u00e7\u00e3o anterior, tivemos 18 projetos do Rec\u00f4ncavo inscritos, com cinco da UFRB aprovados. Um dos destaques foi a startup Prettu\u2019s Bee, que venceu o Demoday e conquistou uma vaga de incuba\u00e7\u00e3o no Senai Cimatec. Para 2026, a expectativa \u00e9 ampliar ainda mais essa participa\u00e7\u00e3o e fortalecer o ecossistema de inova\u00e7\u00e3o do Rec\u00f4ncavo\u201d, afirmou.<\/p>\n\n\n<div class=\"wp-block-image\">\n<figure class=\"alignleft size-large is-resized\"><img loading=\"lazy\" decoding=\"async\" width=\"1024\" height=\"1021\" src=\"https:\/\/ufrb.edu.br\/portal\/wp-content\/uploads\/sites\/5\/2026\/04\/inovatores-1024x1021.png\" alt=\"\" class=\"wp-image-45867\" style=\"aspect-ratio:1.0029476512070445;width:392px;height:auto\" srcset=\"https:\/\/ufrb.edu.br\/portal\/wp-content\/uploads\/sites\/5\/2026\/04\/inovatores-1024x1021.png 1024w, https:\/\/ufrb.edu.br\/portal\/wp-content\/uploads\/sites\/5\/2026\/04\/inovatores-300x300.png 300w, https:\/\/ufrb.edu.br\/portal\/wp-content\/uploads\/sites\/5\/2026\/04\/inovatores-150x150.png 150w, https:\/\/ufrb.edu.br\/portal\/wp-content\/uploads\/sites\/5\/2026\/04\/inovatores-768x765.png 768w, https:\/\/ufrb.edu.br\/portal\/wp-content\/uploads\/sites\/5\/2026\/04\/inovatores.png 1197w\" sizes=\"auto, (max-width: 1024px) 100vw, 1024px\" \/><\/figure>\n<\/div>\n\n\n<p>O programa \u00e9 totalmente gratuito e voltado para pessoas que desejam empreender, mesmo sem experi\u00eancia pr\u00e9via. Podem participar interessados dos territ\u00f3rios do Rec\u00f4ncavo, Portal do Sert\u00e3o, Litoral Norte e Agreste Baiano, Vale do Jiquiri\u00e7\u00e1, Bacia do Jacu\u00edpe e Sisal. Como novidade, o processo seletivo contar\u00e1 com bonifica\u00e7\u00e3o para representantes n\u00e3o brancos e n\u00e3o homens, refor\u00e7ando o compromisso com a diversidade e inclus\u00e3o no ambiente de inova\u00e7\u00e3o.<\/p>\n\n\n\n<p>Durante cerca de tr\u00eas meses, os participantes ter\u00e3o acesso a mais de 500 horas de conte\u00fado, mentorias especializadas, capacita\u00e7\u00f5es pr\u00e1ticas, laborat\u00f3rios e conex\u00f5es com empres\u00e1rios, investidores e especialistas. Vinculado \u00e0 Ag\u00eancia de Inova\u00e7\u00e3o da UEFS, o Novatores busca fomentar a cria\u00e7\u00e3o de neg\u00f3cios de base tecnol\u00f3gica e apoiar empreendedores em fase inicial.<\/p>\n\n\n\n<p>De acordo com o coordenador do programa, Angelo Loula, a iniciativa reafirma o compromisso das universidades com a sociedade. \u201cO Novatores existe para mostrar que boas ideias podem se transformar em neg\u00f3cios reais, independentemente de onde surjam. Nosso papel \u00e9 oferecer caminhos e apoio para que essas ideias se tornem solu\u00e7\u00f5es concretas\u201d, destacou.<\/p>\n\n\n\n<p>O Novatores \u00e9 realizado em parceria com institui\u00e7\u00f5es como o Servi\u00e7o Brasileiro de Apoio \u00e0s Micro e Pequenas Empresas (Sebrae), o Senai Cimatec, al\u00e9m do Hub Feira e Inova Feira, com apoio do Governo do Estado da Bahia e metodologia da Wadhwani Foundation.<\/p>\n","protected":false},"excerpt":{"rendered":"<p>Com o objetivo de impulsionar ideias inovadoras e fortalecer o empreendedorismo conectado ao desenvolvimento regional, a Universidade Federal do Rec\u00f4ncavo da Bahia (UFRB) e a Universidade Estadual de Feira de Santana (UEFS) anunciam a abertura das inscri\u00e7\u00f5es para a terceira edi\u00e7\u00e3o do programa Novatores. A iniciativa conta ainda com a co-realiza\u00e7\u00e3o do Instituto Federal da [&hellip;]<\/p>\n","protected":false},"author":5,"featured_media":45859,"comment_status":"closed","ping_status":"closed","sticky":false,"template":"","format":"standard","meta":{"_acf_changed":false,"footnotes":""},"categories":[5,8],"tags":[14,81,82],"class_list":["post-45866","post","type-post","status-publish","format-standard","has-post-thumbnail","hentry","category-destaque-secundario","category-noticias","tag-concursos-e-editais","tag-inovacao","tag-seiva"],"acf":[],"_links":{"self":[{"href":"https:\/\/ufrb.edu.br\/portal\/wp-json\/wp\/v2\/posts\/45866","targetHints":{"allow":["GET"]}}],"collection":[{"href":"https:\/\/ufrb.edu.br\/portal\/wp-json\/wp\/v2\/posts"}],"about":[{"href":"https:\/\/ufrb.edu.br\/portal\/wp-json\/wp\/v2\/types\/post"}],"author":[{"embeddable":true,"href":"https:\/\/ufrb.edu.br\/portal\/wp-json\/wp\/v2\/users\/5"}],"replies":[{"embeddable":true,"href":"https:\/\/ufrb.edu.br\/portal\/wp-json\/wp\/v2\/comments?post=45866"}],"version-history":[{"count":1,"href":"https:\/\/ufrb.edu.br\/portal\/wp-json\/wp\/v2\/posts\/45866\/revisions"}],"predecessor-version":[{"id":45868,"href":"https:\/\/ufrb.edu.br\/portal\/wp-json\/wp\/v2\/posts\/45866\/revisions\/45868"}],"wp:featuredmedia":[{"embeddable":true,"href":"https:\/\/ufrb.edu.br\/portal\/wp-json\/wp\/v2\/media\/45859"}],"wp:attachment":[{"href":"https:\/\/ufrb.edu.br\/portal\/wp-json\/wp\/v2\/media?parent=45866"}],"wp:term":[{"taxonomy":"category","embeddable":true,"href":"https:\/\/ufrb.edu.br\/portal\/wp-json\/wp\/v2\/categories?post=45866"},{"taxonomy":"post_tag","embeddable":true,"href":"https:\/\/ufrb.edu.br\/portal\/wp-json\/wp\/v2\/tags?post=45866"}],"curies":[{"name":"wp","href":"https:\/\/api.w.org\/{rel}","templated":true}]}}