{"id":45870,"date":"2026-04-30T23:00:00","date_gmt":"2026-05-01T02:00:00","guid":{"rendered":"https:\/\/ufrb.edu.br\/portal\/?p=45870"},"modified":"2026-05-01T09:05:14","modified_gmt":"2026-05-01T12:05:14","slug":"ufrb-manifesta-profundo-pesar-pelo-falecimento-do-estudante-paulo-vinicius-de-souza-cruz","status":"publish","type":"post","link":"https:\/\/ufrb.edu.br\/portal\/destaque-secundario\/ufrb-manifesta-profundo-pesar-pelo-falecimento-do-estudante-paulo-vinicius-de-souza-cruz\/","title":{"rendered":"UFRB manifesta profundo pesar pelo falecimento do estudante Paulo Vin\u00edcius\u00a0de Souza\u00a0Cruz"},"content":{"rendered":"\n<p>A Universidade Federal do Rec\u00f4ncavo da Bahia (UFRB) manifesta seu profundo pesar pelo falecimento de Paulo Vin\u00edcius\u00a0de Souza\u00a0Cruz, estudante do curso de Engenharia de Pesca do Centro de Ci\u00eancias Agr\u00e1rias, Ambientais e Biol\u00f3gicas (CCAAB), Campus Cruz das Almas.<\/p>\n\n\n\n<p>Ao registrarmos nossas condol\u00eancias, manifestamos apoio e solidariedade aos amigos e familiares.<\/p>\n\n\n\n<figure class=\"wp-block-image size-large\"><img loading=\"lazy\" decoding=\"async\" width=\"1024\" height=\"1024\" src=\"https:\/\/ufrb.edu.br\/portal\/wp-content\/uploads\/sites\/5\/2026\/05\/paulocruz-1024x1024.jpeg\" alt=\"\" class=\"wp-image-45871\" srcset=\"https:\/\/ufrb.edu.br\/portal\/wp-content\/uploads\/sites\/5\/2026\/05\/paulocruz-1024x1024.jpeg 1024w, https:\/\/ufrb.edu.br\/portal\/wp-content\/uploads\/sites\/5\/2026\/05\/paulocruz-300x300.jpeg 300w, https:\/\/ufrb.edu.br\/portal\/wp-content\/uploads\/sites\/5\/2026\/05\/paulocruz-150x150.jpeg 150w, https:\/\/ufrb.edu.br\/portal\/wp-content\/uploads\/sites\/5\/2026\/05\/paulocruz-768x768.jpeg 768w, https:\/\/ufrb.edu.br\/portal\/wp-content\/uploads\/sites\/5\/2026\/05\/paulocruz.jpeg 1440w\" sizes=\"auto, (max-width: 1024px) 100vw, 1024px\" \/><\/figure>\n","protected":false},"excerpt":{"rendered":"<p>A Universidade Federal do Rec\u00f4ncavo da Bahia (UFRB) manifesta seu profundo pesar pelo falecimento de Paulo Vin\u00edcius\u00a0de Souza\u00a0Cruz, estudante do curso de Engenharia de Pesca do Centro de Ci\u00eancias Agr\u00e1rias, Ambientais e Biol\u00f3gicas (CCAAB), Campus Cruz das Almas. Ao registrarmos nossas condol\u00eancias, manifestamos apoio e solidariedade aos amigos e familiares.<\/p>\n","protected":false},"author":3,"featured_media":37875,"comment_status":"closed","ping_status":"closed","sticky":false,"template":"","format":"standard","meta":{"_acf_changed":false,"footnotes":""},"categories":[5,8],"tags":[],"class_list":["post-45870","post","type-post","status-publish","format-standard","has-post-thumbnail","hentry","category-destaque-secundario","category-noticias"],"acf":[],"_links":{"self":[{"href":"https:\/\/ufrb.edu.br\/portal\/wp-json\/wp\/v2\/posts\/45870","targetHints":{"allow":["GET"]}}],"collection":[{"href":"https:\/\/ufrb.edu.br\/portal\/wp-json\/wp\/v2\/posts"}],"about":[{"href":"https:\/\/ufrb.edu.br\/portal\/wp-json\/wp\/v2\/types\/post"}],"author":[{"embeddable":true,"href":"https:\/\/ufrb.edu.br\/portal\/wp-json\/wp\/v2\/users\/3"}],"replies":[{"embeddable":true,"href":"https:\/\/ufrb.edu.br\/portal\/wp-json\/wp\/v2\/comments?post=45870"}],"version-history":[{"count":1,"href":"https:\/\/ufrb.edu.br\/portal\/wp-json\/wp\/v2\/posts\/45870\/revisions"}],"predecessor-version":[{"id":45872,"href":"https:\/\/ufrb.edu.br\/portal\/wp-json\/wp\/v2\/posts\/45870\/revisions\/45872"}],"wp:featuredmedia":[{"embeddable":true,"href":"https:\/\/ufrb.edu.br\/portal\/wp-json\/wp\/v2\/media\/37875"}],"wp:attachment":[{"href":"https:\/\/ufrb.edu.br\/portal\/wp-json\/wp\/v2\/media?parent=45870"}],"wp:term":[{"taxonomy":"category","embeddable":true,"href":"https:\/\/ufrb.edu.br\/portal\/wp-json\/wp\/v2\/categories?post=45870"},{"taxonomy":"post_tag","embeddable":true,"href":"https:\/\/ufrb.edu.br\/portal\/wp-json\/wp\/v2\/tags?post=45870"}],"curies":[{"name":"wp","href":"https:\/\/api.w.org\/{rel}","templated":true}]}}