{"id":46941,"date":"2026-08-31T13:10:35","date_gmt":"2026-08-31T16:10:35","guid":{"rendered":"https:\/\/ufrb.edu.br\/portal\/?p=46941"},"modified":"2026-09-01T08:32:04","modified_gmt":"2026-09-01T11:32:04","slug":"ufrb-inscreve-para-cursos-de-idiomas-gratuitos-e-on-line-por-meio-da-rede-andifes-isf","status":"publish","type":"post","link":"https:\/\/ufrb.edu.br\/portal\/destaque-interno\/ufrb-inscreve-para-cursos-de-idiomas-gratuitos-e-on-line-por-meio-da-rede-andifes-isf\/","title":{"rendered":"UFRB inscreve para cursos de idiomas gratuitos e on-line por meio da Rede Andifes IsF"},"content":{"rendered":"\n<p>A Universidade Federal do Rec\u00f4ncavo da Bahia (UFRB), por meio da\u00a0 Superintend\u00eancia de Assuntos Internacionais (SUPAI), est\u00e1 com inscri\u00e7\u00f5es abertas para cursos gratuitos de idiomas ofertados coletivamente pela Rede Andifes Idiomas sem Fronteiras (IsF). As oportunidades contemplam cursos de alem\u00e3o, espanhol, franc\u00eas, ingl\u00eas, italiano e japon\u00eas, destinados \u00e0 comunidade acad\u00eamica das institui\u00e7\u00f5es de ensino superior (IES) que estejam ofertando pelo menos um curso para a Rede Andifes IsF, como \u00e9 o caso da UFRB. Tamb\u00e9m s\u00e3o ofertados cursos de Portugu\u00eas para Estrangeiros, voltados a pessoas estrangeiras, com ou sem v\u00ednculo com a UFRB.<\/p>\n\n\n\n<p>As inscri\u00e7\u00f5es dever\u00e3o ser efetuadas exclusivamente pela Internet, por meio do link espec\u00edfico do idioma desejado, dispon\u00edvel em: <a href=\"https:\/\/docs.google.com\/spreadsheets\/d\/e\/2PACX-1vTIhltmqF26GTGmEe6T3Qb-U0C1Qet9pZOzD-FhHs4QCYPwZuL89VpCNb7hato-TmU4mPxiOTZCT-w1\/pubhtml?gid=0&amp;single=true&amp;utm_source=conteudo.redeisf.pro.br\">https:\/\/conteudo.redeisf.pro.br\/p\/oc\/2026- 2\/quadro-de-vagas<\/a>. O per\u00edodo de inscri\u00e7\u00f5es teve in\u00edcio em 31 de agosto, \u00e0s 12h, e segue at\u00e9 as 12h de 10 de setembro de 2026, considerando o hor\u00e1rio de Bras\u00edlia. S\u00f3 \u00e9 permitida a inscri\u00e7\u00e3o em um \u00fanico curso por CPF, com exce\u00e7\u00e3o dos cursos de portugu\u00eas.&nbsp;<\/p>\n\n\n\n<p>A sele\u00e7\u00e3o ser\u00e1 feita por ordem de inscri\u00e7\u00e3o. As listas das inscri\u00e7\u00f5es deferidas ser\u00e3o divulgadas em 2 de outubro, na <a href=\"https:\/\/www.andifes.org.br\/institucional\/redeisf\/\">p\u00e1gina da Andifes<\/a>. O in\u00edcio das aulas est\u00e1 previsto para&nbsp; 5 de outubro de 2026.&nbsp;<\/p>\n\n\n\n<p>Ao todo, s\u00e3o 7.075 vagas. Cada turma ter\u00e1 25 vagas e 20 vagas em lista de espera. Para os cursos destinados \u00e0 comunidade acad\u00eamica, \u00e9 necess\u00e1rio apresentar comprovante de v\u00ednculo com a institui\u00e7\u00e3o, como estudante de gradua\u00e7\u00e3o ou p\u00f3s-gradua\u00e7\u00e3o ou como servidor t\u00e9cnico-administrativo ou docente. Para os cursos que n\u00e3o sejam do n\u00edvel iniciante, tamb\u00e9m \u00e9 necess\u00e1rio apresentar comprovante de profici\u00eancia, conforme as regras estabelecidas no edital.<\/p>\n\n\n\n<p>Os cursos s\u00e3o gratuitos e ofertados de forma colaborativa por especialistas de idiomas credenciados na Rede Andifes IsF. As aulas ser\u00e3o realizadas totalmente on-line, de forma s\u00edncrona, e podem ter dura\u00e7\u00e3o de um m\u00eas (cursos de 16h), dois meses (32h) ou tr\u00eas meses (48h), em dois encontros semanais de duas horas cada um ou em um \u00fanico encontro de quatro horas, com intervalo. Os hor\u00e1rios informados para as aulas s\u00e3o de Bras\u00edlia.<\/p>\n\n\n\n<p>A oferta dos cursos de idiomas \u00e9 uma a\u00e7\u00e3o coletiva da Rede Andifes Idiomas sem Fronteiras (IsF) e das institui\u00e7\u00f5es de ensino superior participantes desta iniciativa.<\/p>\n\n\n\n<p>Todos os detalhes sobre os temas dos cursos, hor\u00e1rios, requisitos de participa\u00e7\u00e3o e crit\u00e9rios de elegibilidade est\u00e3o descritos no edital, dispon\u00edvel na p\u00e1gina da Andifes: <a href=\"https:\/\/www.andifes.org.br\/institucional\/redeisf\/\">https:\/\/www.andifes.org.br\/institucional\/redeisf\/<\/a>.<\/p>\n","protected":false},"excerpt":{"rendered":"<p>A Universidade Federal do Rec\u00f4ncavo da Bahia (UFRB), por meio da\u00a0 Superintend\u00eancia de Assuntos Internacionais (SUPAI), est\u00e1 com inscri\u00e7\u00f5es abertas para cursos gratuitos de idiomas ofertados coletivamente pela Rede Andifes Idiomas sem Fronteiras (IsF). As oportunidades contemplam cursos de alem\u00e3o, espanhol, franc\u00eas, ingl\u00eas, italiano e japon\u00eas, destinados \u00e0 comunidade acad\u00eamica das institui\u00e7\u00f5es de ensino superior [&hellip;]<\/p>\n","protected":false},"author":9,"featured_media":46942,"comment_status":"closed","ping_status":"closed","sticky":false,"template":"","format":"standard","meta":{"_acf_changed":false,"footnotes":""},"categories":[5,8],"tags":[],"class_list":["post-46941","post","type-post","status-publish","format-standard","has-post-thumbnail","hentry","category-destaque-interno","category-noticias"],"acf":[],"_links":{"self":[{"href":"https:\/\/ufrb.edu.br\/portal\/wp-json\/wp\/v2\/posts\/46941","targetHints":{"allow":["GET"]}}],"collection":[{"href":"https:\/\/ufrb.edu.br\/portal\/wp-json\/wp\/v2\/posts"}],"about":[{"href":"https:\/\/ufrb.edu.br\/portal\/wp-json\/wp\/v2\/types\/post"}],"author":[{"embeddable":true,"href":"https:\/\/ufrb.edu.br\/portal\/wp-json\/wp\/v2\/users\/9"}],"replies":[{"embeddable":true,"href":"https:\/\/ufrb.edu.br\/portal\/wp-json\/wp\/v2\/comments?post=46941"}],"version-history":[{"count":1,"href":"https:\/\/ufrb.edu.br\/portal\/wp-json\/wp\/v2\/posts\/46941\/revisions"}],"predecessor-version":[{"id":46943,"href":"https:\/\/ufrb.edu.br\/portal\/wp-json\/wp\/v2\/posts\/46941\/revisions\/46943"}],"wp:featuredmedia":[{"embeddable":true,"href":"https:\/\/ufrb.edu.br\/portal\/wp-json\/wp\/v2\/media\/46942"}],"wp:attachment":[{"href":"https:\/\/ufrb.edu.br\/portal\/wp-json\/wp\/v2\/media?parent=46941"}],"wp:term":[{"taxonomy":"category","embeddable":true,"href":"https:\/\/ufrb.edu.br\/portal\/wp-json\/wp\/v2\/categories?post=46941"},{"taxonomy":"post_tag","embeddable":true,"href":"https:\/\/ufrb.edu.br\/portal\/wp-json\/wp\/v2\/tags?post=46941"}],"curies":[{"name":"wp","href":"https:\/\/api.w.org\/{rel}","templated":true}]}}