{"id":46978,"date":"2026-09-02T09:54:49","date_gmt":"2026-09-02T12:54:49","guid":{"rendered":"https:\/\/ufrb.edu.br\/portal\/?p=46978"},"modified":"2026-09-02T11:20:20","modified_gmt":"2026-09-02T14:20:20","slug":"ufrb-prorroga-prazos-para-envio-de-propostas-e-submissao-de-trabalhos-para-o-congresso-2026","status":"publish","type":"post","link":"https:\/\/ufrb.edu.br\/portal\/destaque\/ufrb-prorroga-prazos-para-envio-de-propostas-e-submissao-de-trabalhos-para-o-congresso-2026\/","title":{"rendered":"UFRB prorroga prazos para envio de propostas e submiss\u00e3o de trabalhos para o Congresso 2026"},"content":{"rendered":"\n<p>Estudantes, professores(as), t\u00e9cnicos-administrativos e pesquisadores(as) t\u00eam novos prazos para participar da programa\u00e7\u00e3o do Congresso 2026 da Universidade Federal do Rec\u00f4ncavo da Bahia (2026), que ser\u00e1 realizado de 13 a 16 de outubro, no Campus de Cruz das Almas.&nbsp;<\/p>\n\n\n\n<p>Com a prorroga\u00e7\u00e3o, o novo prazo para envio de propostas de atividades \u00e9 5 de setembro. J\u00e1 a submiss\u00e3o de trabalhos cient\u00edficos, acad\u00eamicos e de extens\u00e3o poder\u00e1 ser realizada at\u00e9 7 de setembro.<\/p>\n\n\n\n<p><strong>Inscri\u00e7\u00f5es&nbsp;<\/strong><\/p>\n\n\n\n<p>A forma de inscri\u00e7\u00e3o no evento permanece a mesma. \u00c9 necess\u00e1rio acessar o portal <a href=\"http:\/\/ppgcieventos.ufrb.edu.br\/\"><strong>PPGCI Eventos<\/strong><\/a>, criar uma conta e preencher os dados pessoais. Na \u00e1rea do usu\u00e1rio, deve-se clicar em \u201cInscri\u00e7\u00f5es &gt; Realizar Inscri\u00e7\u00e3o\u201d, selecionar \u201cCongresso da UFRB 2026\u201d e marcar a op\u00e7\u00e3o \u201cCongresso da UFRB 2026 \u2013 vagas ilimitadas\u201d.&nbsp;<\/p>\n\n\n\n<p>No mesmo painel, tamb\u00e9m \u00e9 poss\u00edvel realizar a inscri\u00e7\u00e3o nos minicursos de interesse. O prazo para inscri\u00e7\u00e3o no Congresso vai at\u00e9 7 de setembro.<\/p>\n\n\n\n<p><strong>Submiss\u00e3o de Trabalhos<\/strong><\/p>\n\n\n\n<p>A submiss\u00e3o de trabalhos para o Congresso da UFRB 2026 ser\u00e1 realizada na modalidade de resumo simples. Os trabalhos aprovados dever\u00e3o ser apresentados durante o evento no formato de p\u00f4ster.<\/p>\n\n\n\n<p>Para submeter um trabalho, \u00e9 obrigat\u00f3ria a inscri\u00e7\u00e3o pr\u00e9via como participante do Congresso. O prazo para submiss\u00e3o vai at\u00e9 7 de setembro.<\/p>\n\n\n\n<p>As submiss\u00f5es podem ser feitas nas seguintes trilhas institucionais:<\/p>\n\n\n\n<ul class=\"wp-block-list\">\n<li>PIBIC, PIBIC-AF, PIBIC-EM e PIBIC Volunt\u00e1rio;<\/li>\n\n\n\n<li>PIBITI e PIBITI Volunt\u00e1rio;<\/li>\n\n\n\n<li>PIBEX, PROARTES, PIBID e PET UFRB;<\/li>\n\n\n\n<li>P\u00f3s-gradua\u00e7\u00e3o e PPQ;<\/li>\n\n\n\n<li>Outras A\u00e7\u00f5es de Extens\u00e3o, Educa\u00e7\u00e3o a Dist\u00e2ncia, Outras categorias UFRB e Externos \u00e0 UFRB.<\/li>\n<\/ul>\n\n\n\n<p><strong>Propostas de atividades<\/strong><\/p>\n\n\n\n<p>Docentes, t\u00e9cnicos(as) e pesquisadores(as) podem submeter propostas de atividades, como palestras, mesas-redondas, minicursos de 2h ou 4h, oficinas presenciais de 2h ou 4h e rodas de conversa.<\/p>\n\n\n\n<p>O processo de sele\u00e7\u00e3o das propostas ser\u00e1 conduzido pelos Centros de Ensino ou unidades da UFRB aos quais os(as) proponentes estejam vinculados(as). As propostas devem ser enviadas at\u00e9 5 de setembro, por meio do portal <a href=\"http:\/\/ppgcieventos.ufrb.edu.br\/\"><strong>PPGCI Eventos<\/strong><\/a>.<\/p>\n\n\n\n<p><strong>Tema 2026: Ci\u00eancia e democracia em defesa da soberania<\/strong><\/p>\n\n\n\n<p>A trajet\u00f3ria da comunidade acad\u00eamica da Universidade Federal do Rec\u00f4ncavo da Bahia (UFRB) alcan\u00e7a um novo momento. A Reuni\u00e3o Anual de Ci\u00eancia, Tecnologia, Inova\u00e7\u00e3o e Cultura do Rec\u00f4ncavo da Bahia (Reconcitec) cresceu, amadureceu e se transformou, dando lugar ao Congresso da UFRB 2026.<\/p>\n\n\n\n<p>Com identidade renovada e prop\u00f3sito ampliado, o evento re\u00fane a comunidade acad\u00eamica e a sociedade para discutir ci\u00eancia, tecnologia, inova\u00e7\u00e3o e cultura, al\u00e9m de promover a apresenta\u00e7\u00e3o e o interc\u00e2mbio da produ\u00e7\u00e3o cient\u00edfica, acad\u00eamica e de extens\u00e3o da Universidade.<\/p>\n\n\n\n<p>Nesta edi\u00e7\u00e3o, a UFRB reafirma um princ\u00edpio central: a defesa da soberania nacional. Em um cen\u00e1rio global marcado por incertezas e desafios complexos, o Congresso coloca a ci\u00eancia, a tecnologia, a inova\u00e7\u00e3o e a cultura no centro do debate, destacando a rela\u00e7\u00e3o indissoci\u00e1vel entre produ\u00e7\u00e3o do conhecimento, participa\u00e7\u00e3o cidad\u00e3 e autonomia tecnol\u00f3gica.<\/p>\n\n\n\n<p>Investir em pesquisa, inova\u00e7\u00e3o e educa\u00e7\u00e3o p\u00fablica assegura a capacidade de encontrar solu\u00e7\u00f5es soberanas para os desafios regionais e nacionais. Contudo, o conhecimento s\u00f3 cumpre seu pleno papel social quando \u00e9 constru\u00eddo e compartilhado de forma transparente e acess\u00edvel. A democracia garante esse espa\u00e7o de di\u00e1logo, assegurando que a produ\u00e7\u00e3o cient\u00edfica esteja a servi\u00e7o da maioria da popula\u00e7\u00e3o, combatendo o obscurantismo e valorizando o pensamento cr\u00edtico. O Congresso da UFRB 2026 firma-se, assim, como um movimento de resist\u00eancia e de afirma\u00e7\u00e3o do compromisso com a emancipa\u00e7\u00e3o do pa\u00eds.<\/p>\n\n\n\n<p>Acesse <a href=\"https:\/\/ufrb.edu.br\/congresso\">ufrb.edu.br\/congresso<\/a> para saber mais sobre o evento e conferir a programa\u00e7\u00e3o completa.<\/p>\n\n\n\n<p>Participe! Fa\u00e7a sua inscri\u00e7\u00e3o em: <a href=\"https:\/\/ppgcieventos.ufrb.edu.br\/login\">ppgcieventos.ufrb.edu.br<\/a><\/p>\n","protected":false},"excerpt":{"rendered":"<p>Estudantes, professores(as), t\u00e9cnicos-administrativos e pesquisadores(as) t\u00eam novos prazos para participar da programa\u00e7\u00e3o do Congresso 2026 da Universidade Federal do Rec\u00f4ncavo da Bahia (2026), que ser\u00e1 realizado de 13 a 16 de outubro, no Campus de Cruz das Almas.&nbsp; Com a prorroga\u00e7\u00e3o, o novo prazo para envio de propostas de atividades \u00e9 5 de setembro. J\u00e1 [&hellip;]<\/p>\n","protected":false},"author":9,"featured_media":46981,"comment_status":"closed","ping_status":"closed","sticky":false,"template":"","format":"standard","meta":{"_acf_changed":false,"footnotes":""},"categories":[4,8],"tags":[],"class_list":["post-46978","post","type-post","status-publish","format-standard","has-post-thumbnail","hentry","category-destaque","category-noticias"],"acf":[],"_links":{"self":[{"href":"https:\/\/ufrb.edu.br\/portal\/wp-json\/wp\/v2\/posts\/46978","targetHints":{"allow":["GET"]}}],"collection":[{"href":"https:\/\/ufrb.edu.br\/portal\/wp-json\/wp\/v2\/posts"}],"about":[{"href":"https:\/\/ufrb.edu.br\/portal\/wp-json\/wp\/v2\/types\/post"}],"author":[{"embeddable":true,"href":"https:\/\/ufrb.edu.br\/portal\/wp-json\/wp\/v2\/users\/9"}],"replies":[{"embeddable":true,"href":"https:\/\/ufrb.edu.br\/portal\/wp-json\/wp\/v2\/comments?post=46978"}],"version-history":[{"count":1,"href":"https:\/\/ufrb.edu.br\/portal\/wp-json\/wp\/v2\/posts\/46978\/revisions"}],"predecessor-version":[{"id":46979,"href":"https:\/\/ufrb.edu.br\/portal\/wp-json\/wp\/v2\/posts\/46978\/revisions\/46979"}],"wp:featuredmedia":[{"embeddable":true,"href":"https:\/\/ufrb.edu.br\/portal\/wp-json\/wp\/v2\/media\/46981"}],"wp:attachment":[{"href":"https:\/\/ufrb.edu.br\/portal\/wp-json\/wp\/v2\/media?parent=46978"}],"wp:term":[{"taxonomy":"category","embeddable":true,"href":"https:\/\/ufrb.edu.br\/portal\/wp-json\/wp\/v2\/categories?post=46978"},{"taxonomy":"post_tag","embeddable":true,"href":"https:\/\/ufrb.edu.br\/portal\/wp-json\/wp\/v2\/tags?post=46978"}],"curies":[{"name":"wp","href":"https:\/\/api.w.org\/{rel}","templated":true}]}}